{"id":20788,"date":"2025-05-07T07:48:25","date_gmt":"2025-05-07T05:48:25","guid":{"rendered":"https:\/\/breinco.com\/breincosmartblog\/panot-del-segle-xxi-de-tradicional-a-sostenible\/"},"modified":"2026-04-09T17:36:15","modified_gmt":"2026-04-09T15:36:15","slug":"panot-del-segle-xxi-de-tradicional-a-sostenible","status":"publish","type":"post","link":"https:\/\/breinco.com\/ca\/breincosmartblog\/panot-del-segle-xxi-de-tradicional-a-sostenible\/","title":{"rendered":"Panot del Segle XXI: de tradicional a sostenible"},"content":{"rendered":"<p>El <a href=\"https:\/\/www.breinco.com\/es\/panot\/\"><em>Panot del Segle XXI<\/em><\/a> incorpora millores en circularitat, col\u00b7locaci\u00f3 i rendiment ambiental, respectant la identitat visual que caracteritza els carrers de Barcelona. Fabricat amb materials reciclables i processos de baix impacte, integra un sistema d&#8217;instal\u00b7laci\u00f3 flexible i drenant que facilita la seva adaptaci\u00f3 a diferents entorns urbans. Breinco ofereix aix\u00ed una soluci\u00f3 vers\u00e0til, pensada per respondre a les demandes actuals de la via p\u00fablica, des de cal\u00e7ades fins a zones de vianants i de drenatge.<\/p>\n<p><iframe title=\"Panot del S.XXI | De tradicional a sostenible: el redisseny del Panot per al segle XXI\" width=\"800\" height=\"450\" src=\"https:\/\/www.youtube.com\/embed\/s9b8-DCUqp8?feature=oembed\" frameborder=\"0\" allow=\"accelerometer; autoplay; clipboard-write; encrypted-media; gyroscope; picture-in-picture; web-share\" referrerpolicy=\"strict-origin-when-cross-origin\" allowfullscreen><\/iframe><\/p>\n<h3>Menys emissions, m\u00e9s circularitat<\/h3>\n<p><img fetchpriority=\"high\" decoding=\"async\" class=\"aligncenter wp-image-6245 size-large\" src=\"https:\/\/breinco.com\/wp-content\/uploads\/2025\/05\/panot-reciclado-e1746545077925-scaled.png\" alt=\"\" width=\"1024\" height=\"479\" \/><\/p>\n<p>L&#8217;adaptaci\u00f3 del <strong>Panot del S. XXI<\/strong> als criteris actuals de sostenibilitat es reflecteix en una composici\u00f3 acuradament optimitzada, que permet reduir fins a un <strong>43,41% les emissions de CO\u2082<\/strong> respecte al model tradicional. Aquesta millora es deu a:<\/p>\n<ul>\n<li>La incorporaci\u00f3 de <strong>fins a un 40 % d&#8217;\u00e0rids reciclats<\/strong><\/li>\n<li>L&#8217;\u00fas de <strong>materials de proximitat i completament reciclables<\/strong><\/li>\n<li>Una <strong>reducci\u00f3 significativa del contingut de ciment<\/strong><\/li>\n<\/ul>\n<p>A m\u00e9s, el panot \u00e9s <strong>100 % reciclable<\/strong> i, gr\u00e0cies a <strong>el seu sistema de col\u00b7locaci\u00f3 flexible<\/strong>, pot ser <strong>reutilitzat<\/strong> f\u00e0cilment, la qual cosa el converteix en una soluci\u00f3 alineada amb els principis de l&#8217;<strong>economia circular<\/strong>. Aquestes dades estan avalades per una Declaraci\u00f3 Ambiental de Producte (DAP), que certifica el seu impacte ambiental al llarg del cicle de vida.<\/p>\n<figure id=\"attachment_6258\" aria-describedby=\"caption-attachment-6258\" style=\"width: 500px\" class=\"wp-caption aligncenter\"><img decoding=\"async\" class=\"wp-image-6258\" src=\"https:\/\/breinco.com\/wp-content\/uploads\/2025\/05\/BREINCO-Panot-SXXI-DAP-e1746602729666-scaled.png\" alt=\"\" width=\"500\" height=\"252\" \/><figcaption id=\"caption-attachment-6258\" class=\"wp-caption-text\">Declaraci\u00f3 Ambiental de Producte (DAP) Panot Segle XXI<\/figcaption><\/figure>\n<h4>Col\u00b7locaci\u00f3 flexible: Modular, reutilitzable i drenant<\/h4>\n<figure id=\"attachment_6224\" aria-describedby=\"caption-attachment-6224\" style=\"width: 980px\" class=\"wp-caption aligncenter\"><img decoding=\"async\" class=\"wp-image-6224 size-full\" src=\"https:\/\/breinco.com\/wp-content\/uploads\/2025\/05\/Breinco-colocacion-flexible-pavimentos-panot-segle-XXI.jpg\" alt=\"\" width=\"980\" height=\"500\" \/><figcaption id=\"caption-attachment-6224\" class=\"wp-caption-text\">Col\u00b7locaci\u00f3 flexible | Panot S.XXI VS4 &amp; Panot S.XXI VS5\u00ae<\/figcaption><\/figure>\n<p>El Panot del S. XXI s&#8217;instal\u00b7la <strong>sense morter<\/strong>, sobre una base de sorra o grava, la qual cosa facilita:<\/p>\n<ul>\n<li>La <strong>reutilitzaci\u00f3 de les peces<\/strong><\/li>\n<li>Una millor <strong>permeabilitat del terreny<\/strong><\/li>\n<li>La integraci\u00f3 de <a href=\"https:\/\/www.breinco.com\/es\/sistemas-urbanos-de-drenaje-sostenible\/\"><strong>Sistemes Urbans de Drenaje Sostenible (SUDS)<\/strong><\/a><\/li>\n<\/ul>\n<p>A m\u00e9s, incorpora <strong>separadors (VS4 i VS5\u00ae)<\/strong> que garanteixen un encaix s\u00f2lid i afegeixen resist\u00e8ncia antivand\u00e1lica.<\/p>\n<p><img loading=\"lazy\" decoding=\"async\" class=\"wp-image-6230 size-full aligncenter\" src=\"https:\/\/breinco.com\/wp-content\/uploads\/2025\/05\/Breinco-panot-segle-XXI-barcelona-pavimento-drenante.jpg\" alt=\"\" width=\"980\" height=\"500\" \/><\/p>\n<h4>Un paviment que millora la qualitat de l&#8217;aire<\/h4>\n<p>Com a opci\u00f3, el panot pot incorporar tecnologia <a href=\"https:\/\/www.breinco.com\/es\/airclean\/\"><strong>Air Clean\u00ae<\/strong><\/a>, una soluci\u00f3 fotocatal\u00edtica que:<\/p>\n<ul>\n<li>Ajuda a <strong>reduir la contaminaci\u00f3 de l&#8217;aire<\/strong><\/li>\n<li>Elimina <strong>bacteris i fongs<\/strong><\/li>\n<\/ul>\n<p>Assajat per l&#8217;<strong>Institut Valenci\u00e0 de Microbiologia (IVAMI)<\/strong>, aquest tractament converteix cada pe\u00e7a en un element actiu per a la salut de l&#8217;espai urb\u00e0.<\/p>\n<h3>Disseny que tamb\u00e9 redueix el soroll<\/h3>\n<p>El redisseny de la flor (s\u00edmbol caracter\u00edstic del panot) incorpora petites modificacions en la profunditat i l&#8217;amplada de les canaletes que permeten reduir un <strong>19% la pressi\u00f3 ac\u00fastica<\/strong>, amb millores de fins a <strong>14,3 dBA<\/strong> davant el pas de rodes. Aquesta millora converteix el panot en una opci\u00f3 id\u00f2nia per a carrers i places amb alt tr\u00e0nsit de vianants o rodat, augmentant el confort ac\u00fastico sense renunciar a la seva identitat visual.<\/p>\n<p><img loading=\"lazy\" decoding=\"async\" class=\"wp-image-6241 size-medium alignright\" src=\"https:\/\/breinco.com\/wp-content\/uploads\/2025\/05\/DETAIL-PANOT-e1746538769192.jpg\" alt=\"\" width=\"283\" height=\"300\" \/><\/p>\n<p>El <strong>Panot del S. XXI<\/strong> representa una evoluci\u00f3 coherent i necess\u00e0ria: un paviment pensat per a ciutats que busquen ser m\u00e9s sostenibles, m\u00e9s c\u00f2modes i m\u00e9s resilients, sense perdre identitat ni car\u00e0cter.<\/p>\n<p>Descobreix m\u00e9s sobre el <strong>Panot del S. XXI<\/strong> i la seva integraci\u00f3 a la ciutat. Sol\u00b7licita el cat\u00e0leg del Panot del Segle XXI a trav\u00e9s de <strong><a href=\"mailto:comunicacion@breinco.com\">comunicacion@breinco.com<\/a><\/strong><\/p>\n<p>Linkiografia: <a href=\"https:\/\/www.breinco.com\/es\/panot\/\">Breinco<\/a><\/p>\n","protected":false},"excerpt":{"rendered":"<p>Despr\u00e9s de m\u00e9s d&#8217;un segle formant part del paisatge urb\u00e0, el panot \u2014s\u00edmbol de Barcelona i de la cultura mediterr\u00e0nia\u2014 es reinventa de la m\u00e0 de Breinco per donar resposta als desafiaments del segle XXI. Amb una traject\u00f2ria consolidada en innovaci\u00f3 i disseny urb\u00e0, Breinco presenta el Panot del Segle XXI: una soluci\u00f3 avan\u00e7ada que integra disseny, sostenibilitat i funcionalitat per construir espais p\u00fablics alineats amb els principis de l&#8217;economia circular i les necessitats de les ciutats del futur.<\/p>\n","protected":false},"author":2,"featured_media":21696,"comment_status":"closed","ping_status":"open","sticky":false,"template":"","format":"standard","meta":{"_acf_changed":false,"footnotes":""},"categories":[874],"tags":[879,875,880,877,872,878,881,864,882,876],"class_list":["post-20788","post","type-post","status-publish","format-standard","has-post-thumbnail","hentry","category-innovation","tag-barcelona-ciudad","tag-panot","tag-panot-barcelona","tag-panot-flor","tag-panot-segle-xxi","tag-panots","tag-pavimentos-barcelona","tag-pavimentos-urbanos","tag-suelo-barcelona","tag-urbanismo-sostenible"],"acf":[],"yoast_head":"<!-- This site is optimized with the Yoast SEO plugin v27.5 - https:\/\/yoast.com\/product\/yoast-seo-wordpress\/ -->\n<title>Panot del Segle XXI: de tradicional a sostenible - Breinco<\/title>\n<meta name=\"robots\" content=\"index, follow, max-snippet:-1, max-image-preview:large, max-video-preview:-1\" \/>\n<link rel=\"canonical\" href=\"https:\/\/breinco.com\/ca\/breincosmartblog\/panot-del-segle-xxi-de-tradicional-a-sostenible\/\" \/>\n<meta property=\"og:locale\" content=\"ca_ES\" \/>\n<meta property=\"og:type\" content=\"article\" \/>\n<meta property=\"og:title\" content=\"Panot del Segle XXI: de tradicional a sostenible - Breinco\" \/>\n<meta property=\"og:description\" content=\"Despr\u00e9s de m\u00e9s d&#039;un segle formant part del paisatge urb\u00e0, el panot \u2014s\u00edmbol de Barcelona i de la cultura mediterr\u00e0nia\u2014 es reinventa de la m\u00e0 de Breinco per donar resposta als desafiaments del segle XXI. Amb una traject\u00f2ria consolidada en innovaci\u00f3 i disseny urb\u00e0, Breinco presenta el Panot del Segle XXI: una soluci\u00f3 avan\u00e7ada que integra disseny, sostenibilitat i funcionalitat per construir espais p\u00fablics alineats amb els principis de l&#039;economia circular i les necessitats de les ciutats del futur.\" \/>\n<meta property=\"og:url\" content=\"https:\/\/breinco.com\/ca\/breincosmartblog\/panot-del-segle-xxi-de-tradicional-a-sostenible\/\" \/>\n<meta property=\"og:site_name\" content=\"Breinco\" \/>\n<meta property=\"article:publisher\" content=\"https:\/\/www.facebook.com\/breincosmart\/\" \/>\n<meta property=\"article:published_time\" content=\"2025-05-07T05:48:25+00:00\" \/>\n<meta property=\"article:modified_time\" content=\"2026-04-09T15:36:15+00:00\" \/>\n<meta property=\"og:image\" content=\"https:\/\/breinco.com\/wp-content\/uploads\/2025\/05\/Breinco-pavimentos-panot-segle-XXI-barcelona-calle-almogavers.jpg\" \/>\n\t<meta property=\"og:image:width\" content=\"980\" \/>\n\t<meta property=\"og:image:height\" content=\"500\" \/>\n\t<meta property=\"og:image:type\" content=\"image\/jpeg\" \/>\n<meta name=\"author\" content=\"breinco\" \/>\n<meta name=\"twitter:card\" content=\"summary_large_image\" \/>\n<meta name=\"twitter:creator\" content=\"@breincoGroup\" \/>\n<meta name=\"twitter:site\" content=\"@breincoGroup\" \/>\n<meta name=\"twitter:label1\" content=\"Escrit per\" \/>\n\t<meta name=\"twitter:data1\" content=\"breinco\" \/>\n\t<meta name=\"twitter:label2\" content=\"Temps estimat de lectura\" \/>\n\t<meta name=\"twitter:data2\" content=\"3 minuts\" \/>\n<script type=\"application\/ld+json\" class=\"yoast-schema-graph\">{\"@context\":\"https:\\\/\\\/schema.org\",\"@graph\":[{\"@type\":\"Article\",\"@id\":\"https:\\\/\\\/breinco.com\\\/ca\\\/breincosmartblog\\\/panot-del-segle-xxi-de-tradicional-a-sostenible\\\/#article\",\"isPartOf\":{\"@id\":\"https:\\\/\\\/breinco.com\\\/ca\\\/breincosmartblog\\\/panot-del-segle-xxi-de-tradicional-a-sostenible\\\/\"},\"author\":{\"name\":\"breinco\",\"@id\":\"https:\\\/\\\/breinco.com\\\/ca\\\/#\\\/schema\\\/person\\\/76934c343eed792c0e9b8dd8c0f6b3cd\"},\"headline\":\"Panot del Segle XXI: de tradicional a sostenible\",\"datePublished\":\"2025-05-07T05:48:25+00:00\",\"dateModified\":\"2026-04-09T15:36:15+00:00\",\"mainEntityOfPage\":{\"@id\":\"https:\\\/\\\/breinco.com\\\/ca\\\/breincosmartblog\\\/panot-del-segle-xxi-de-tradicional-a-sostenible\\\/\"},\"wordCount\":548,\"publisher\":{\"@id\":\"https:\\\/\\\/breinco.com\\\/ca\\\/#organization\"},\"image\":{\"@id\":\"https:\\\/\\\/breinco.com\\\/ca\\\/breincosmartblog\\\/panot-del-segle-xxi-de-tradicional-a-sostenible\\\/#primaryimage\"},\"thumbnailUrl\":\"https:\\\/\\\/breinco.com\\\/wp-content\\\/uploads\\\/2025\\\/05\\\/Breinco-pavimentos-panot-segle-XXI-barcelona-calle-almogavers.jpg\",\"keywords\":[\"barcelona ciudad\",\"panot\",\"panot barcelona\",\"panot flor\",\"panot segle XXI\",\"panots\",\"pavimentos barcelona\",\"pavimentos urbanos\",\"suelo barcelona\",\"urbanismo sostenible\"],\"articleSection\":[\"innovation\"],\"inLanguage\":\"ca\"},{\"@type\":\"WebPage\",\"@id\":\"https:\\\/\\\/breinco.com\\\/ca\\\/breincosmartblog\\\/panot-del-segle-xxi-de-tradicional-a-sostenible\\\/\",\"url\":\"https:\\\/\\\/breinco.com\\\/ca\\\/breincosmartblog\\\/panot-del-segle-xxi-de-tradicional-a-sostenible\\\/\",\"name\":\"Panot del Segle XXI: de tradicional a sostenible - Breinco\",\"isPartOf\":{\"@id\":\"https:\\\/\\\/breinco.com\\\/ca\\\/#website\"},\"primaryImageOfPage\":{\"@id\":\"https:\\\/\\\/breinco.com\\\/ca\\\/breincosmartblog\\\/panot-del-segle-xxi-de-tradicional-a-sostenible\\\/#primaryimage\"},\"image\":{\"@id\":\"https:\\\/\\\/breinco.com\\\/ca\\\/breincosmartblog\\\/panot-del-segle-xxi-de-tradicional-a-sostenible\\\/#primaryimage\"},\"thumbnailUrl\":\"https:\\\/\\\/breinco.com\\\/wp-content\\\/uploads\\\/2025\\\/05\\\/Breinco-pavimentos-panot-segle-XXI-barcelona-calle-almogavers.jpg\",\"datePublished\":\"2025-05-07T05:48:25+00:00\",\"dateModified\":\"2026-04-09T15:36:15+00:00\",\"breadcrumb\":{\"@id\":\"https:\\\/\\\/breinco.com\\\/ca\\\/breincosmartblog\\\/panot-del-segle-xxi-de-tradicional-a-sostenible\\\/#breadcrumb\"},\"inLanguage\":\"ca\",\"potentialAction\":[{\"@type\":\"ReadAction\",\"target\":[\"https:\\\/\\\/breinco.com\\\/ca\\\/breincosmartblog\\\/panot-del-segle-xxi-de-tradicional-a-sostenible\\\/\"]}]},{\"@type\":\"ImageObject\",\"inLanguage\":\"ca\",\"@id\":\"https:\\\/\\\/breinco.com\\\/ca\\\/breincosmartblog\\\/panot-del-segle-xxi-de-tradicional-a-sostenible\\\/#primaryimage\",\"url\":\"https:\\\/\\\/breinco.com\\\/wp-content\\\/uploads\\\/2025\\\/05\\\/Breinco-pavimentos-panot-segle-XXI-barcelona-calle-almogavers.jpg\",\"contentUrl\":\"https:\\\/\\\/breinco.com\\\/wp-content\\\/uploads\\\/2025\\\/05\\\/Breinco-pavimentos-panot-segle-XXI-barcelona-calle-almogavers.jpg\",\"width\":980,\"height\":500},{\"@type\":\"BreadcrumbList\",\"@id\":\"https:\\\/\\\/breinco.com\\\/ca\\\/breincosmartblog\\\/panot-del-segle-xxi-de-tradicional-a-sostenible\\\/#breadcrumb\",\"itemListElement\":[{\"@type\":\"ListItem\",\"position\":1,\"name\":\"Portada\",\"item\":\"https:\\\/\\\/breinco.com\\\/ca\\\/\"},{\"@type\":\"ListItem\",\"position\":2,\"name\":\"Panot del Segle XXI: de tradicional a sostenible\"}]},{\"@type\":\"WebSite\",\"@id\":\"https:\\\/\\\/breinco.com\\\/ca\\\/#website\",\"url\":\"https:\\\/\\\/breinco.com\\\/ca\\\/\",\"name\":\"Breinco\",\"description\":\"\",\"publisher\":{\"@id\":\"https:\\\/\\\/breinco.com\\\/ca\\\/#organization\"},\"alternateName\":\"Urban Furniture, Architecture and Landscaping\",\"potentialAction\":[{\"@type\":\"SearchAction\",\"target\":{\"@type\":\"EntryPoint\",\"urlTemplate\":\"https:\\\/\\\/breinco.com\\\/ca\\\/?s={search_term_string}\"},\"query-input\":{\"@type\":\"PropertyValueSpecification\",\"valueRequired\":true,\"valueName\":\"search_term_string\"}}],\"inLanguage\":\"ca\"},{\"@type\":\"Organization\",\"@id\":\"https:\\\/\\\/breinco.com\\\/ca\\\/#organization\",\"name\":\"Breinco\",\"url\":\"https:\\\/\\\/breinco.com\\\/ca\\\/\",\"logo\":{\"@type\":\"ImageObject\",\"inLanguage\":\"ca\",\"@id\":\"https:\\\/\\\/breinco.com\\\/ca\\\/#\\\/schema\\\/logo\\\/image\\\/\",\"url\":\"https:\\\/\\\/breinco.com\\\/wp-content\\\/uploads\\\/2025\\\/04\\\/breinco-brand.svg\",\"contentUrl\":\"https:\\\/\\\/breinco.com\\\/wp-content\\\/uploads\\\/2025\\\/04\\\/breinco-brand.svg\",\"width\":26,\"height\":58,\"caption\":\"Breinco\"},\"image\":{\"@id\":\"https:\\\/\\\/breinco.com\\\/ca\\\/#\\\/schema\\\/logo\\\/image\\\/\"},\"sameAs\":[\"https:\\\/\\\/www.facebook.com\\\/breincosmart\\\/\",\"https:\\\/\\\/x.com\\\/breincoGroup\",\"https:\\\/\\\/www.instagram.com\\\/breinco\\\/\",\"https:\\\/\\\/www.linkedin.com\\\/company\\\/breinco-esp\\\/\"]},{\"@type\":\"Person\",\"@id\":\"https:\\\/\\\/breinco.com\\\/ca\\\/#\\\/schema\\\/person\\\/76934c343eed792c0e9b8dd8c0f6b3cd\",\"name\":\"breinco\"}]}<\/script>\n<!-- \/ Yoast SEO plugin. -->","yoast_head_json":{"title":"Panot del Segle XXI: de tradicional a sostenible - Breinco","robots":{"index":"index","follow":"follow","max-snippet":"max-snippet:-1","max-image-preview":"max-image-preview:large","max-video-preview":"max-video-preview:-1"},"canonical":"https:\/\/breinco.com\/ca\/breincosmartblog\/panot-del-segle-xxi-de-tradicional-a-sostenible\/","og_locale":"ca_ES","og_type":"article","og_title":"Panot del Segle XXI: de tradicional a sostenible - Breinco","og_description":"Despr\u00e9s de m\u00e9s d'un segle formant part del paisatge urb\u00e0, el panot \u2014s\u00edmbol de Barcelona i de la cultura mediterr\u00e0nia\u2014 es reinventa de la m\u00e0 de Breinco per donar resposta als desafiaments del segle XXI. Amb una traject\u00f2ria consolidada en innovaci\u00f3 i disseny urb\u00e0, Breinco presenta el Panot del Segle XXI: una soluci\u00f3 avan\u00e7ada que integra disseny, sostenibilitat i funcionalitat per construir espais p\u00fablics alineats amb els principis de l'economia circular i les necessitats de les ciutats del futur.","og_url":"https:\/\/breinco.com\/ca\/breincosmartblog\/panot-del-segle-xxi-de-tradicional-a-sostenible\/","og_site_name":"Breinco","article_publisher":"https:\/\/www.facebook.com\/breincosmart\/","article_published_time":"2025-05-07T05:48:25+00:00","article_modified_time":"2026-04-09T15:36:15+00:00","og_image":[{"width":980,"height":500,"url":"https:\/\/breinco.com\/wp-content\/uploads\/2025\/05\/Breinco-pavimentos-panot-segle-XXI-barcelona-calle-almogavers.jpg","type":"image\/jpeg"}],"author":"breinco","twitter_card":"summary_large_image","twitter_creator":"@breincoGroup","twitter_site":"@breincoGroup","twitter_misc":{"Escrit per":"breinco","Temps estimat de lectura":"3 minuts"},"schema":{"@context":"https:\/\/schema.org","@graph":[{"@type":"Article","@id":"https:\/\/breinco.com\/ca\/breincosmartblog\/panot-del-segle-xxi-de-tradicional-a-sostenible\/#article","isPartOf":{"@id":"https:\/\/breinco.com\/ca\/breincosmartblog\/panot-del-segle-xxi-de-tradicional-a-sostenible\/"},"author":{"name":"breinco","@id":"https:\/\/breinco.com\/ca\/#\/schema\/person\/76934c343eed792c0e9b8dd8c0f6b3cd"},"headline":"Panot del Segle XXI: de tradicional a sostenible","datePublished":"2025-05-07T05:48:25+00:00","dateModified":"2026-04-09T15:36:15+00:00","mainEntityOfPage":{"@id":"https:\/\/breinco.com\/ca\/breincosmartblog\/panot-del-segle-xxi-de-tradicional-a-sostenible\/"},"wordCount":548,"publisher":{"@id":"https:\/\/breinco.com\/ca\/#organization"},"image":{"@id":"https:\/\/breinco.com\/ca\/breincosmartblog\/panot-del-segle-xxi-de-tradicional-a-sostenible\/#primaryimage"},"thumbnailUrl":"https:\/\/breinco.com\/wp-content\/uploads\/2025\/05\/Breinco-pavimentos-panot-segle-XXI-barcelona-calle-almogavers.jpg","keywords":["barcelona ciudad","panot","panot barcelona","panot flor","panot segle XXI","panots","pavimentos barcelona","pavimentos urbanos","suelo barcelona","urbanismo sostenible"],"articleSection":["innovation"],"inLanguage":"ca"},{"@type":"WebPage","@id":"https:\/\/breinco.com\/ca\/breincosmartblog\/panot-del-segle-xxi-de-tradicional-a-sostenible\/","url":"https:\/\/breinco.com\/ca\/breincosmartblog\/panot-del-segle-xxi-de-tradicional-a-sostenible\/","name":"Panot del Segle XXI: de tradicional a sostenible - Breinco","isPartOf":{"@id":"https:\/\/breinco.com\/ca\/#website"},"primaryImageOfPage":{"@id":"https:\/\/breinco.com\/ca\/breincosmartblog\/panot-del-segle-xxi-de-tradicional-a-sostenible\/#primaryimage"},"image":{"@id":"https:\/\/breinco.com\/ca\/breincosmartblog\/panot-del-segle-xxi-de-tradicional-a-sostenible\/#primaryimage"},"thumbnailUrl":"https:\/\/breinco.com\/wp-content\/uploads\/2025\/05\/Breinco-pavimentos-panot-segle-XXI-barcelona-calle-almogavers.jpg","datePublished":"2025-05-07T05:48:25+00:00","dateModified":"2026-04-09T15:36:15+00:00","breadcrumb":{"@id":"https:\/\/breinco.com\/ca\/breincosmartblog\/panot-del-segle-xxi-de-tradicional-a-sostenible\/#breadcrumb"},"inLanguage":"ca","potentialAction":[{"@type":"ReadAction","target":["https:\/\/breinco.com\/ca\/breincosmartblog\/panot-del-segle-xxi-de-tradicional-a-sostenible\/"]}]},{"@type":"ImageObject","inLanguage":"ca","@id":"https:\/\/breinco.com\/ca\/breincosmartblog\/panot-del-segle-xxi-de-tradicional-a-sostenible\/#primaryimage","url":"https:\/\/breinco.com\/wp-content\/uploads\/2025\/05\/Breinco-pavimentos-panot-segle-XXI-barcelona-calle-almogavers.jpg","contentUrl":"https:\/\/breinco.com\/wp-content\/uploads\/2025\/05\/Breinco-pavimentos-panot-segle-XXI-barcelona-calle-almogavers.jpg","width":980,"height":500},{"@type":"BreadcrumbList","@id":"https:\/\/breinco.com\/ca\/breincosmartblog\/panot-del-segle-xxi-de-tradicional-a-sostenible\/#breadcrumb","itemListElement":[{"@type":"ListItem","position":1,"name":"Portada","item":"https:\/\/breinco.com\/ca\/"},{"@type":"ListItem","position":2,"name":"Panot del Segle XXI: de tradicional a sostenible"}]},{"@type":"WebSite","@id":"https:\/\/breinco.com\/ca\/#website","url":"https:\/\/breinco.com\/ca\/","name":"Breinco","description":"","publisher":{"@id":"https:\/\/breinco.com\/ca\/#organization"},"alternateName":"Urban Furniture, Architecture and Landscaping","potentialAction":[{"@type":"SearchAction","target":{"@type":"EntryPoint","urlTemplate":"https:\/\/breinco.com\/ca\/?s={search_term_string}"},"query-input":{"@type":"PropertyValueSpecification","valueRequired":true,"valueName":"search_term_string"}}],"inLanguage":"ca"},{"@type":"Organization","@id":"https:\/\/breinco.com\/ca\/#organization","name":"Breinco","url":"https:\/\/breinco.com\/ca\/","logo":{"@type":"ImageObject","inLanguage":"ca","@id":"https:\/\/breinco.com\/ca\/#\/schema\/logo\/image\/","url":"https:\/\/breinco.com\/wp-content\/uploads\/2025\/04\/breinco-brand.svg","contentUrl":"https:\/\/breinco.com\/wp-content\/uploads\/2025\/04\/breinco-brand.svg","width":26,"height":58,"caption":"Breinco"},"image":{"@id":"https:\/\/breinco.com\/ca\/#\/schema\/logo\/image\/"},"sameAs":["https:\/\/www.facebook.com\/breincosmart\/","https:\/\/x.com\/breincoGroup","https:\/\/www.instagram.com\/breinco\/","https:\/\/www.linkedin.com\/company\/breinco-esp\/"]},{"@type":"Person","@id":"https:\/\/breinco.com\/ca\/#\/schema\/person\/76934c343eed792c0e9b8dd8c0f6b3cd","name":"breinco"}]}},"_links":{"self":[{"href":"https:\/\/breinco.com\/ca\/wp-json\/wp\/v2\/posts\/20788","targetHints":{"allow":["GET"]}}],"collection":[{"href":"https:\/\/breinco.com\/ca\/wp-json\/wp\/v2\/posts"}],"about":[{"href":"https:\/\/breinco.com\/ca\/wp-json\/wp\/v2\/types\/post"}],"author":[{"embeddable":true,"href":"https:\/\/breinco.com\/ca\/wp-json\/wp\/v2\/users\/2"}],"replies":[{"embeddable":true,"href":"https:\/\/breinco.com\/ca\/wp-json\/wp\/v2\/comments?post=20788"}],"version-history":[{"count":2,"href":"https:\/\/breinco.com\/ca\/wp-json\/wp\/v2\/posts\/20788\/revisions"}],"predecessor-version":[{"id":21939,"href":"https:\/\/breinco.com\/ca\/wp-json\/wp\/v2\/posts\/20788\/revisions\/21939"}],"wp:featuredmedia":[{"embeddable":true,"href":"https:\/\/breinco.com\/ca\/wp-json\/wp\/v2\/media\/21696"}],"wp:attachment":[{"href":"https:\/\/breinco.com\/ca\/wp-json\/wp\/v2\/media?parent=20788"}],"wp:term":[{"taxonomy":"category","embeddable":true,"href":"https:\/\/breinco.com\/ca\/wp-json\/wp\/v2\/categories?post=20788"},{"taxonomy":"post_tag","embeddable":true,"href":"https:\/\/breinco.com\/ca\/wp-json\/wp\/v2\/tags?post=20788"}],"curies":[{"name":"wp","href":"https:\/\/api.w.org\/{rel}","templated":true}]}}