{"id":20789,"date":"2025-03-05T16:43:06","date_gmt":"2025-03-05T15:43:06","guid":{"rendered":"https:\/\/breinco.com\/breincosmartblog\/redescobrint-el-port-olimpic-de-barcelona\/"},"modified":"2026-04-09T17:48:25","modified_gmt":"2026-04-09T15:48:25","slug":"redescobrint-el-port-olimpic-de-barcelona","status":"publish","type":"post","link":"https:\/\/breinco.com\/ca\/breincosmartblog\/redescobrint-el-port-olimpic-de-barcelona\/","title":{"rendered":"Redescobrint el Port Ol\u00edmpic de Barcelona"},"content":{"rendered":"<p><strong>Port Ol\u00edmpic<\/strong> de <strong>Barcelona: una transformaci\u00f3 que mira al futur<\/strong>. Barcelona \u00e9s una ciutat que sempre troba maneres de renovar-se i connectar la seva ess\u00e8ncia amb el futur. Un exemple perfecte d&#8217;aix\u00f2 \u00e9s la remodelaci\u00f3 del <strong>Port Ol\u00edmpic<\/strong>, un espai emblem\u00e0tic que ha passat de ser un port esportiu a convertir-se en un lloc vibrant de conviv\u00e8ncia, sostenibilitat i innovaci\u00f3.<\/p>\n<p><strong>Una nova vida per a un port hist\u00f2ric<\/strong><\/p>\n<p>Creat per als Jocs Ol\u00edmpics de 1992, el Port Ol\u00edmpic ha estat, durant d\u00e8cades, un s\u00edmbol de modernitat i dinamisme. Tot i aix\u00f2, amb el pas dels anys, l&#8217;espai necessitava una actualitzaci\u00f3 que reflect\u00eds les necessitats d&#8217;una ciutat m\u00e9s sostenible, accessible i orientada cap a la qualitat de vida. La remodelaci\u00f3 del Port Ol\u00edmpic de Barcelona no \u00e9s nom\u00e9s un projecte urban\u00edstic; \u00e9s un exemple de com <strong>les ciutats poden reinventar-se per ser m\u00e9s inclusives, sostenibles i connectades amb el seu entorn<\/strong>. \u00c9s un recordatori que el progr\u00e9s i el respecte pel medi ambient poden anar de la m\u00e0.<\/p>\n<h5><strong>Disseny centrat en les persones<\/strong><\/h5>\n<figure id=\"attachment_6184\" aria-describedby=\"caption-attachment-6184\" style=\"width: 1024px\" class=\"wp-caption aligncenter\"><img fetchpriority=\"high\" decoding=\"async\" class=\"wp-image-6184 size-large\" src=\"https:\/\/breinco.com\/wp-content\/uploads\/2025\/03\/Llosa-vulcano-port-white-port-olimpic-bcn-3-scaled.jpg\" alt=\"Llosa Vulcano\u00ae | White | Port Ol\u00edmpic de Barcelona\" width=\"1024\" height=\"683\" \/><figcaption id=\"caption-attachment-6184\" class=\"wp-caption-text\">Llosa Vulcano\u00ae | White | Port Ol\u00edmpic de Barcelona<\/figcaption><\/figure>\n<p>La remodelaci\u00f3 posa les persones al centre. Les antigues \u00e0rees dedicades exclusivament a l&#8217;oci nocturn han estat substitu\u00efdes per espais oberts, accessibles i pensats per al gaudi de fam\u00edlies, esportistes i amants de la cultura marina.<\/p>\n<p>Entre les novetats destaquen:<\/p>\n<ul>\n<li><strong>Passeigs m\u00e9s amplis i accessibles<\/strong>, perfectes per passejar o gaudir de les vistes de la Mediterr\u00e0nia.<\/li>\n<li><strong>Noves zones verdes<\/strong> que aporten un respir enmig de la vida urbana.<\/li>\n<li><strong>Espais culturals i educatius<\/strong>, amb un enfocament en la sostenibilitat marina i la protecci\u00f3 del medi ambient.<\/li>\n<\/ul>\n<h5><strong>Innovaci\u00f3 i sostenibilitat<\/strong><\/h5>\n<p>El Port Ol\u00edmpic no nom\u00e9s ha renovat el seu disseny, sin\u00f3 que tamb\u00e9 ha incorporat solucions innovadores per afrontar els desafiaments mediambientals. Les instal\u00b7lacions s&#8217;han adaptat per millorar la gesti\u00f3 de l&#8217;aigua i reduir la contaminaci\u00f3, mentre que s&#8217;han implementat mesures per fomentar una economia m\u00e9s verda i circular. A m\u00e9s, la remodelaci\u00f3 ha donat prioritat a l&#8217;\u00fas de materials sostenibles, promovent l&#8217;harmonia entre l&#8217;arquitectura i l&#8217;entorn natural.<\/p>\n<h5><strong>Una destinaci\u00f3 per a tothom<\/strong><\/h5>\n<p>Amb aquesta transformaci\u00f3, el Port Ol\u00edmpic es consolida com un lloc inclusiu i multifuncional. Tant si es vol practicar esports n\u00e0utics, com relaxar-se en els seus nous espais, aprendre sobre el medi mar\u00ed o gaudir d&#8217;una gastronomia excepcional, aquest renovat port t\u00e9 alguna cosa per a tothom.<\/p>\n<h5><strong>Breinco en la renovaci\u00f3 del Port Ol\u00edmpic<\/strong><\/h5>\n<p>El Port Ol\u00edmpic de Barcelona ha estat transformat en un espai modern i sostenible, reflectint la uni\u00f3 entre la ciutat i el mar. En aquest ambici\u00f3s projecte, <a href=\"https:\/\/www.breinco.com\/es\/\"><strong>Breinco<\/strong><\/a> ha jugat un paper clau aportant solucions innovadores i sostenibles que responen a les exig\u00e8ncies est\u00e8tiques i ambientals de la renovaci\u00f3. El seu comprom\u00eds amb materials d&#8217;alta qualitat i respecte per l&#8217;entorn ha estat fonamental per a la creaci\u00f3 d&#8217;un espai p\u00fablic m\u00e9s funcional i equilibrat.<\/p>\n<h5><a href=\"https:\/\/www.breinco.com\/es\/pavimentos-de-exterior\/losas\/llosa-vulcano-lloses\/?medida=2\"><strong>Llosa Vulcano\u00ae<\/strong><\/a><\/h5>\n<figure id=\"attachment_6209\" aria-describedby=\"caption-attachment-6209\" style=\"width: 1024px\" class=\"wp-caption aligncenter\"><img decoding=\"async\" class=\"wp-image-6209 size-full\" src=\"https:\/\/breinco.com\/wp-content\/uploads\/2025\/03\/Llosa-vulcano-port-olimpic-barcelona-drenante-networking.jpg\" alt=\"Llosa Vulcano\u00ae | White | Port Ol\u00edmpic de Barcelona\" width=\"1024\" height=\"584\" \/><figcaption id=\"caption-attachment-6209\" class=\"wp-caption-text\">Llosa Vulcano\u00ae | White | Port Ol\u00edmpic de Barcelona<\/figcaption><\/figure>\n<p>Una de les contribucions m\u00e9s destacades de Breinco ha estat la <strong>Llosa Vulcano\u00ae<\/strong>, utilitzada en el seu <strong>color White<\/strong>. Aquest to clar no nom\u00e9s real\u00e7a l&#8217;est\u00e8tica contempor\u00e0nia del lloc, sin\u00f3 que tamb\u00e9 <strong>exerceix un paper crucial en la reducci\u00f3 de l&#8217;escalfament superficial, ajudant a mitigar l&#8217;efecte illa de calor<\/strong>. Aquest benefici sostenible s&#8217;alinea perfectament amb els objectius del projecte, combinant disseny i efici\u00e8ncia ambiental.<\/p>\n<figure id=\"attachment_6208\" aria-describedby=\"caption-attachment-6208\" style=\"width: 1024px\" class=\"wp-caption aligncenter\"><img decoding=\"async\" class=\"wp-image-6208 size-full\" src=\"https:\/\/breinco.com\/wp-content\/uploads\/2025\/03\/Llosa-Vulcano-port-olimpic-bcn-playa.jpg\" alt=\"Llosa Vulcano\u00ae | White | Port Ol\u00edmpic de Barcelona\" width=\"1024\" height=\"584\" \/><figcaption id=\"caption-attachment-6208\" class=\"wp-caption-text\">Llosa Vulcano\u00ae | White | Port Ol\u00edmpic de Barcelona<\/figcaption><\/figure>\n<h5><strong><a href=\"https:\/\/www.breinco.com\/es\/urbanizacion\/escalones\/superstep\/\">Superstep\u00ae<\/a><\/strong><\/h5>\n<figure id=\"attachment_6204\" aria-describedby=\"caption-attachment-6204\" style=\"width: 1024px\" class=\"wp-caption aligncenter\"><img loading=\"lazy\" decoding=\"async\" class=\"wp-image-6204 size-large\" src=\"https:\/\/breinco.com\/wp-content\/uploads\/2025\/03\/Superstep-port-olimpic-bcn.jpg\" alt=\"Superstep\u00ae | Cendra | Port Ol\u00edmpic de Barcelona\" width=\"1024\" height=\"584\" \/><figcaption id=\"caption-attachment-6204\" class=\"wp-caption-text\">Superstep\u00ae | Cendra | Port Ol\u00edmpic de Barcelona<\/figcaption><\/figure>\n<p>D&#8217;altra banda, els esglaons <strong>Superstep\u00ae<\/strong> en color Cendra afegeixen un to d&#8217;eleg\u00e0ncia i sostenibilitat a l&#8217;espai. Aquest to neutre i sofisticat s&#8217;integra harmoniosament amb l&#8217;entorn mar\u00edtim de la zona, creant <strong>una connexi\u00f3 visual amb la natura que envolta el port<\/strong>. A m\u00e9s del seu disseny refinat, els esglaons Superstep\u00ae destaquen per la seva <strong>resist\u00e8ncia i durabilitat<\/strong>, reafirmant el comprom\u00eds de Breinco amb la funcionalitat i el disseny sostenible en espais p\u00fablics.<\/p>\n<h5><a href=\"https:\/\/www.breinco.com\/es\/wetcast\/\"><strong>Wetcast\u00ae<\/strong><\/a><\/h5>\n<figure id=\"attachment_6216\" aria-describedby=\"caption-attachment-6216\" style=\"width: 1024px\" class=\"wp-caption alignnone\"><img loading=\"lazy\" decoding=\"async\" class=\"wp-image-6216 size-large\" src=\"https:\/\/breinco.com\/wp-content\/uploads\/2025\/03\/hormigon-arquitectonica-wetcast-breinco-scaled.jpg\" alt=\"Wetcast\u00ae | Port Ol\u00edmpic de Barcelona\" width=\"1024\" height=\"704\" \/><figcaption id=\"caption-attachment-6216\" class=\"wp-caption-text\">Wetcast\u00ae | Port Ol\u00edmpic de Barcelona<\/figcaption><\/figure>\n<p><strong>Wetcast\u00ae<\/strong> \u00e9s una tecnologia d&#8217;avantguarda que permet la fabricaci\u00f3 d&#8217;elements personalitzats amb un alt valor est\u00e8tic, versatilitat i sostenibilitat. Aquest material innovador ofereix la possibilitat de crear una \u00e0mplia varietat de peces a mida, com revestiments de fa\u00e7anes, panells de gran format, elements ornamentals i mobiliari urb\u00e0.<\/p>\n<p>Per a la remodelaci\u00f3 del Port Ol\u00edmpic de Barcelona, <strong>Breinco ha utilitzat aquesta tecnologia per crear graons a mida<\/strong> que, a m\u00e9s de la seva funci\u00f3 estructural, <strong>serveixen com a c\u00f2modes seients a l&#8217;estil dels amfiteatres romans<\/strong>. D&#8217;aquesta manera, s&#8217;aconsegueix una soluci\u00f3 que combina est\u00e8tica, funcionalitat i sostenibilitat.<\/p>\n<p>Linkiografia:<\/p>\n<ul>\n<li><a href=\"https:\/\/www.barcelona.cat\/regatacultural\/ca\/viu-la-regata\/el-port-olimpic-un-nou-espai-ciutada\">Ajuntament de Barcelona<\/a><\/li>\n<li><a href=\"https:\/\/www.lavanguardia.com\/mediterranean\/20240722\/9821500\/barcelona-reopens-completely-renovated-port-olimpic-restaurant-space-urbanism-tourism-gastronomic-america-cup-mediterranean-sea-balcony.html\">La Vanguardia<\/a><\/li>\n<li><a href=\"https:\/\/elpais.com\/espana\/catalunya\/2024-08-12\/barcelona-acaba-las-obras-de-su-frente-maritimo-a-tiempo-para-la-copa-del-america.html\">El pa\u00eds<\/a><\/li>\n<\/ul>\n","protected":false},"excerpt":{"rendered":"<p>La transformaci\u00f3 del Port Ol\u00edmpic de Barcelona marca l&#8217;inici d&#8217;una nova era per a aquest espai ic\u00f2nic. M\u00e9s sostenible, accessible i innovador que mai, el renovat port obre les seves portes amb passejos amplis, zones verdes i espais culturals, convertint-lo en un punt de trobada vibrant entre la ciutat i el mar. Un projecte que redefineix la manera com els barcelonins i els visitants gaudeixen del litoral.<\/p>\n","protected":false},"author":2,"featured_media":21734,"comment_status":"closed","ping_status":"open","sticky":false,"template":"","format":"standard","meta":{"_acf_changed":false,"footnotes":""},"categories":[854],"tags":[869,884,885,886,887,888,871,883],"class_list":["post-20789","post","type-post","status-publish","format-standard","has-post-thumbnail","hentry","category-projects","tag-barcelona","tag-equipamiento-urbano","tag-port","tag-port-olimpic-barcelona","tag-remodelacion-barcelona","tag-urban-future","tag-urbanismo","tag-urbanismo-inteligente"],"acf":[],"yoast_head":"<!-- This site is optimized with the Yoast SEO plugin v27.5 - https:\/\/yoast.com\/product\/yoast-seo-wordpress\/ -->\n<title>Redescobrint el Port Ol\u00edmpic de Barcelona - Breinco<\/title>\n<meta name=\"robots\" content=\"index, follow, max-snippet:-1, max-image-preview:large, max-video-preview:-1\" \/>\n<link rel=\"canonical\" href=\"https:\/\/breinco.com\/ca\/breincosmartblog\/redescobrint-el-port-olimpic-de-barcelona\/\" \/>\n<meta property=\"og:locale\" content=\"ca_ES\" \/>\n<meta property=\"og:type\" content=\"article\" \/>\n<meta property=\"og:title\" content=\"Redescobrint el Port Ol\u00edmpic de Barcelona - Breinco\" \/>\n<meta property=\"og:description\" content=\"La transformaci\u00f3 del Port Ol\u00edmpic de Barcelona marca l&#039;inici d&#039;una nova era per a aquest espai ic\u00f2nic. M\u00e9s sostenible, accessible i innovador que mai, el renovat port obre les seves portes amb passejos amplis, zones verdes i espais culturals, convertint-lo en un punt de trobada vibrant entre la ciutat i el mar. Un projecte que redefineix la manera com els barcelonins i els visitants gaudeixen del litoral.\" \/>\n<meta property=\"og:url\" content=\"https:\/\/breinco.com\/ca\/breincosmartblog\/redescobrint-el-port-olimpic-de-barcelona\/\" \/>\n<meta property=\"og:site_name\" content=\"Breinco\" \/>\n<meta property=\"article:publisher\" content=\"https:\/\/www.facebook.com\/breincosmart\/\" \/>\n<meta property=\"article:published_time\" content=\"2025-03-05T15:43:06+00:00\" \/>\n<meta property=\"article:modified_time\" content=\"2026-04-09T15:48:25+00:00\" \/>\n<meta property=\"og:image\" content=\"https:\/\/breinco.com\/wp-content\/uploads\/2025\/03\/Llosa-vulcano-port-white-port-olimpic-bcn-4-scaled-1.jpg\" \/>\n\t<meta property=\"og:image:width\" content=\"2560\" \/>\n\t<meta property=\"og:image:height\" content=\"1707\" \/>\n\t<meta property=\"og:image:type\" content=\"image\/jpeg\" \/>\n<meta name=\"author\" content=\"breinco\" \/>\n<meta name=\"twitter:card\" content=\"summary_large_image\" \/>\n<meta name=\"twitter:creator\" content=\"@breincoGroup\" \/>\n<meta name=\"twitter:site\" content=\"@breincoGroup\" \/>\n<meta name=\"twitter:label1\" content=\"Escrit per\" \/>\n\t<meta name=\"twitter:data1\" content=\"breinco\" \/>\n\t<meta name=\"twitter:label2\" content=\"Temps estimat de lectura\" \/>\n\t<meta name=\"twitter:data2\" content=\"4 minuts\" \/>\n<script type=\"application\/ld+json\" class=\"yoast-schema-graph\">{\"@context\":\"https:\\\/\\\/schema.org\",\"@graph\":[{\"@type\":\"Article\",\"@id\":\"https:\\\/\\\/breinco.com\\\/ca\\\/breincosmartblog\\\/redescobrint-el-port-olimpic-de-barcelona\\\/#article\",\"isPartOf\":{\"@id\":\"https:\\\/\\\/breinco.com\\\/ca\\\/breincosmartblog\\\/redescobrint-el-port-olimpic-de-barcelona\\\/\"},\"author\":{\"name\":\"breinco\",\"@id\":\"https:\\\/\\\/breinco.com\\\/ca\\\/#\\\/schema\\\/person\\\/76934c343eed792c0e9b8dd8c0f6b3cd\"},\"headline\":\"Redescobrint el Port Ol\u00edmpic de Barcelona\",\"datePublished\":\"2025-03-05T15:43:06+00:00\",\"dateModified\":\"2026-04-09T15:48:25+00:00\",\"mainEntityOfPage\":{\"@id\":\"https:\\\/\\\/breinco.com\\\/ca\\\/breincosmartblog\\\/redescobrint-el-port-olimpic-de-barcelona\\\/\"},\"wordCount\":865,\"publisher\":{\"@id\":\"https:\\\/\\\/breinco.com\\\/ca\\\/#organization\"},\"image\":{\"@id\":\"https:\\\/\\\/breinco.com\\\/ca\\\/breincosmartblog\\\/redescobrint-el-port-olimpic-de-barcelona\\\/#primaryimage\"},\"thumbnailUrl\":\"https:\\\/\\\/breinco.com\\\/wp-content\\\/uploads\\\/2025\\\/03\\\/Llosa-vulcano-port-white-port-olimpic-bcn-4-scaled-1.jpg\",\"keywords\":[\"barcelona\",\"equipamiento urbano\",\"port\",\"port olimpic Barcelona\",\"remodelaci\u00f3n Barcelona\",\"urban future\",\"urbanismo\",\"Urbanismo inteligente\"],\"articleSection\":[\"projects\"],\"inLanguage\":\"ca\"},{\"@type\":\"WebPage\",\"@id\":\"https:\\\/\\\/breinco.com\\\/ca\\\/breincosmartblog\\\/redescobrint-el-port-olimpic-de-barcelona\\\/\",\"url\":\"https:\\\/\\\/breinco.com\\\/ca\\\/breincosmartblog\\\/redescobrint-el-port-olimpic-de-barcelona\\\/\",\"name\":\"Redescobrint el Port Ol\u00edmpic de Barcelona - Breinco\",\"isPartOf\":{\"@id\":\"https:\\\/\\\/breinco.com\\\/ca\\\/#website\"},\"primaryImageOfPage\":{\"@id\":\"https:\\\/\\\/breinco.com\\\/ca\\\/breincosmartblog\\\/redescobrint-el-port-olimpic-de-barcelona\\\/#primaryimage\"},\"image\":{\"@id\":\"https:\\\/\\\/breinco.com\\\/ca\\\/breincosmartblog\\\/redescobrint-el-port-olimpic-de-barcelona\\\/#primaryimage\"},\"thumbnailUrl\":\"https:\\\/\\\/breinco.com\\\/wp-content\\\/uploads\\\/2025\\\/03\\\/Llosa-vulcano-port-white-port-olimpic-bcn-4-scaled-1.jpg\",\"datePublished\":\"2025-03-05T15:43:06+00:00\",\"dateModified\":\"2026-04-09T15:48:25+00:00\",\"breadcrumb\":{\"@id\":\"https:\\\/\\\/breinco.com\\\/ca\\\/breincosmartblog\\\/redescobrint-el-port-olimpic-de-barcelona\\\/#breadcrumb\"},\"inLanguage\":\"ca\",\"potentialAction\":[{\"@type\":\"ReadAction\",\"target\":[\"https:\\\/\\\/breinco.com\\\/ca\\\/breincosmartblog\\\/redescobrint-el-port-olimpic-de-barcelona\\\/\"]}]},{\"@type\":\"ImageObject\",\"inLanguage\":\"ca\",\"@id\":\"https:\\\/\\\/breinco.com\\\/ca\\\/breincosmartblog\\\/redescobrint-el-port-olimpic-de-barcelona\\\/#primaryimage\",\"url\":\"https:\\\/\\\/breinco.com\\\/wp-content\\\/uploads\\\/2025\\\/03\\\/Llosa-vulcano-port-white-port-olimpic-bcn-4-scaled-1.jpg\",\"contentUrl\":\"https:\\\/\\\/breinco.com\\\/wp-content\\\/uploads\\\/2025\\\/03\\\/Llosa-vulcano-port-white-port-olimpic-bcn-4-scaled-1.jpg\",\"width\":2560,\"height\":1707},{\"@type\":\"BreadcrumbList\",\"@id\":\"https:\\\/\\\/breinco.com\\\/ca\\\/breincosmartblog\\\/redescobrint-el-port-olimpic-de-barcelona\\\/#breadcrumb\",\"itemListElement\":[{\"@type\":\"ListItem\",\"position\":1,\"name\":\"Portada\",\"item\":\"https:\\\/\\\/breinco.com\\\/ca\\\/\"},{\"@type\":\"ListItem\",\"position\":2,\"name\":\"Redescobrint el Port Ol\u00edmpic de Barcelona\"}]},{\"@type\":\"WebSite\",\"@id\":\"https:\\\/\\\/breinco.com\\\/ca\\\/#website\",\"url\":\"https:\\\/\\\/breinco.com\\\/ca\\\/\",\"name\":\"Breinco\",\"description\":\"\",\"publisher\":{\"@id\":\"https:\\\/\\\/breinco.com\\\/ca\\\/#organization\"},\"alternateName\":\"Urban Furniture, Architecture and Landscaping\",\"potentialAction\":[{\"@type\":\"SearchAction\",\"target\":{\"@type\":\"EntryPoint\",\"urlTemplate\":\"https:\\\/\\\/breinco.com\\\/ca\\\/?s={search_term_string}\"},\"query-input\":{\"@type\":\"PropertyValueSpecification\",\"valueRequired\":true,\"valueName\":\"search_term_string\"}}],\"inLanguage\":\"ca\"},{\"@type\":\"Organization\",\"@id\":\"https:\\\/\\\/breinco.com\\\/ca\\\/#organization\",\"name\":\"Breinco\",\"url\":\"https:\\\/\\\/breinco.com\\\/ca\\\/\",\"logo\":{\"@type\":\"ImageObject\",\"inLanguage\":\"ca\",\"@id\":\"https:\\\/\\\/breinco.com\\\/ca\\\/#\\\/schema\\\/logo\\\/image\\\/\",\"url\":\"https:\\\/\\\/breinco.com\\\/wp-content\\\/uploads\\\/2025\\\/04\\\/breinco-brand.svg\",\"contentUrl\":\"https:\\\/\\\/breinco.com\\\/wp-content\\\/uploads\\\/2025\\\/04\\\/breinco-brand.svg\",\"width\":26,\"height\":58,\"caption\":\"Breinco\"},\"image\":{\"@id\":\"https:\\\/\\\/breinco.com\\\/ca\\\/#\\\/schema\\\/logo\\\/image\\\/\"},\"sameAs\":[\"https:\\\/\\\/www.facebook.com\\\/breincosmart\\\/\",\"https:\\\/\\\/x.com\\\/breincoGroup\",\"https:\\\/\\\/www.instagram.com\\\/breinco\\\/\",\"https:\\\/\\\/www.linkedin.com\\\/company\\\/breinco-esp\\\/\"]},{\"@type\":\"Person\",\"@id\":\"https:\\\/\\\/breinco.com\\\/ca\\\/#\\\/schema\\\/person\\\/76934c343eed792c0e9b8dd8c0f6b3cd\",\"name\":\"breinco\"}]}<\/script>\n<!-- \/ Yoast SEO plugin. -->","yoast_head_json":{"title":"Redescobrint el Port Ol\u00edmpic de Barcelona - Breinco","robots":{"index":"index","follow":"follow","max-snippet":"max-snippet:-1","max-image-preview":"max-image-preview:large","max-video-preview":"max-video-preview:-1"},"canonical":"https:\/\/breinco.com\/ca\/breincosmartblog\/redescobrint-el-port-olimpic-de-barcelona\/","og_locale":"ca_ES","og_type":"article","og_title":"Redescobrint el Port Ol\u00edmpic de Barcelona - Breinco","og_description":"La transformaci\u00f3 del Port Ol\u00edmpic de Barcelona marca l'inici d'una nova era per a aquest espai ic\u00f2nic. M\u00e9s sostenible, accessible i innovador que mai, el renovat port obre les seves portes amb passejos amplis, zones verdes i espais culturals, convertint-lo en un punt de trobada vibrant entre la ciutat i el mar. Un projecte que redefineix la manera com els barcelonins i els visitants gaudeixen del litoral.","og_url":"https:\/\/breinco.com\/ca\/breincosmartblog\/redescobrint-el-port-olimpic-de-barcelona\/","og_site_name":"Breinco","article_publisher":"https:\/\/www.facebook.com\/breincosmart\/","article_published_time":"2025-03-05T15:43:06+00:00","article_modified_time":"2026-04-09T15:48:25+00:00","og_image":[{"width":2560,"height":1707,"url":"https:\/\/breinco.com\/wp-content\/uploads\/2025\/03\/Llosa-vulcano-port-white-port-olimpic-bcn-4-scaled-1.jpg","type":"image\/jpeg"}],"author":"breinco","twitter_card":"summary_large_image","twitter_creator":"@breincoGroup","twitter_site":"@breincoGroup","twitter_misc":{"Escrit per":"breinco","Temps estimat de lectura":"4 minuts"},"schema":{"@context":"https:\/\/schema.org","@graph":[{"@type":"Article","@id":"https:\/\/breinco.com\/ca\/breincosmartblog\/redescobrint-el-port-olimpic-de-barcelona\/#article","isPartOf":{"@id":"https:\/\/breinco.com\/ca\/breincosmartblog\/redescobrint-el-port-olimpic-de-barcelona\/"},"author":{"name":"breinco","@id":"https:\/\/breinco.com\/ca\/#\/schema\/person\/76934c343eed792c0e9b8dd8c0f6b3cd"},"headline":"Redescobrint el Port Ol\u00edmpic de Barcelona","datePublished":"2025-03-05T15:43:06+00:00","dateModified":"2026-04-09T15:48:25+00:00","mainEntityOfPage":{"@id":"https:\/\/breinco.com\/ca\/breincosmartblog\/redescobrint-el-port-olimpic-de-barcelona\/"},"wordCount":865,"publisher":{"@id":"https:\/\/breinco.com\/ca\/#organization"},"image":{"@id":"https:\/\/breinco.com\/ca\/breincosmartblog\/redescobrint-el-port-olimpic-de-barcelona\/#primaryimage"},"thumbnailUrl":"https:\/\/breinco.com\/wp-content\/uploads\/2025\/03\/Llosa-vulcano-port-white-port-olimpic-bcn-4-scaled-1.jpg","keywords":["barcelona","equipamiento urbano","port","port olimpic Barcelona","remodelaci\u00f3n Barcelona","urban future","urbanismo","Urbanismo inteligente"],"articleSection":["projects"],"inLanguage":"ca"},{"@type":"WebPage","@id":"https:\/\/breinco.com\/ca\/breincosmartblog\/redescobrint-el-port-olimpic-de-barcelona\/","url":"https:\/\/breinco.com\/ca\/breincosmartblog\/redescobrint-el-port-olimpic-de-barcelona\/","name":"Redescobrint el Port Ol\u00edmpic de Barcelona - Breinco","isPartOf":{"@id":"https:\/\/breinco.com\/ca\/#website"},"primaryImageOfPage":{"@id":"https:\/\/breinco.com\/ca\/breincosmartblog\/redescobrint-el-port-olimpic-de-barcelona\/#primaryimage"},"image":{"@id":"https:\/\/breinco.com\/ca\/breincosmartblog\/redescobrint-el-port-olimpic-de-barcelona\/#primaryimage"},"thumbnailUrl":"https:\/\/breinco.com\/wp-content\/uploads\/2025\/03\/Llosa-vulcano-port-white-port-olimpic-bcn-4-scaled-1.jpg","datePublished":"2025-03-05T15:43:06+00:00","dateModified":"2026-04-09T15:48:25+00:00","breadcrumb":{"@id":"https:\/\/breinco.com\/ca\/breincosmartblog\/redescobrint-el-port-olimpic-de-barcelona\/#breadcrumb"},"inLanguage":"ca","potentialAction":[{"@type":"ReadAction","target":["https:\/\/breinco.com\/ca\/breincosmartblog\/redescobrint-el-port-olimpic-de-barcelona\/"]}]},{"@type":"ImageObject","inLanguage":"ca","@id":"https:\/\/breinco.com\/ca\/breincosmartblog\/redescobrint-el-port-olimpic-de-barcelona\/#primaryimage","url":"https:\/\/breinco.com\/wp-content\/uploads\/2025\/03\/Llosa-vulcano-port-white-port-olimpic-bcn-4-scaled-1.jpg","contentUrl":"https:\/\/breinco.com\/wp-content\/uploads\/2025\/03\/Llosa-vulcano-port-white-port-olimpic-bcn-4-scaled-1.jpg","width":2560,"height":1707},{"@type":"BreadcrumbList","@id":"https:\/\/breinco.com\/ca\/breincosmartblog\/redescobrint-el-port-olimpic-de-barcelona\/#breadcrumb","itemListElement":[{"@type":"ListItem","position":1,"name":"Portada","item":"https:\/\/breinco.com\/ca\/"},{"@type":"ListItem","position":2,"name":"Redescobrint el Port Ol\u00edmpic de Barcelona"}]},{"@type":"WebSite","@id":"https:\/\/breinco.com\/ca\/#website","url":"https:\/\/breinco.com\/ca\/","name":"Breinco","description":"","publisher":{"@id":"https:\/\/breinco.com\/ca\/#organization"},"alternateName":"Urban Furniture, Architecture and Landscaping","potentialAction":[{"@type":"SearchAction","target":{"@type":"EntryPoint","urlTemplate":"https:\/\/breinco.com\/ca\/?s={search_term_string}"},"query-input":{"@type":"PropertyValueSpecification","valueRequired":true,"valueName":"search_term_string"}}],"inLanguage":"ca"},{"@type":"Organization","@id":"https:\/\/breinco.com\/ca\/#organization","name":"Breinco","url":"https:\/\/breinco.com\/ca\/","logo":{"@type":"ImageObject","inLanguage":"ca","@id":"https:\/\/breinco.com\/ca\/#\/schema\/logo\/image\/","url":"https:\/\/breinco.com\/wp-content\/uploads\/2025\/04\/breinco-brand.svg","contentUrl":"https:\/\/breinco.com\/wp-content\/uploads\/2025\/04\/breinco-brand.svg","width":26,"height":58,"caption":"Breinco"},"image":{"@id":"https:\/\/breinco.com\/ca\/#\/schema\/logo\/image\/"},"sameAs":["https:\/\/www.facebook.com\/breincosmart\/","https:\/\/x.com\/breincoGroup","https:\/\/www.instagram.com\/breinco\/","https:\/\/www.linkedin.com\/company\/breinco-esp\/"]},{"@type":"Person","@id":"https:\/\/breinco.com\/ca\/#\/schema\/person\/76934c343eed792c0e9b8dd8c0f6b3cd","name":"breinco"}]}},"_links":{"self":[{"href":"https:\/\/breinco.com\/ca\/wp-json\/wp\/v2\/posts\/20789","targetHints":{"allow":["GET"]}}],"collection":[{"href":"https:\/\/breinco.com\/ca\/wp-json\/wp\/v2\/posts"}],"about":[{"href":"https:\/\/breinco.com\/ca\/wp-json\/wp\/v2\/types\/post"}],"author":[{"embeddable":true,"href":"https:\/\/breinco.com\/ca\/wp-json\/wp\/v2\/users\/2"}],"replies":[{"embeddable":true,"href":"https:\/\/breinco.com\/ca\/wp-json\/wp\/v2\/comments?post=20789"}],"version-history":[{"count":2,"href":"https:\/\/breinco.com\/ca\/wp-json\/wp\/v2\/posts\/20789\/revisions"}],"predecessor-version":[{"id":21957,"href":"https:\/\/breinco.com\/ca\/wp-json\/wp\/v2\/posts\/20789\/revisions\/21957"}],"wp:featuredmedia":[{"embeddable":true,"href":"https:\/\/breinco.com\/ca\/wp-json\/wp\/v2\/media\/21734"}],"wp:attachment":[{"href":"https:\/\/breinco.com\/ca\/wp-json\/wp\/v2\/media?parent=20789"}],"wp:term":[{"taxonomy":"category","embeddable":true,"href":"https:\/\/breinco.com\/ca\/wp-json\/wp\/v2\/categories?post=20789"},{"taxonomy":"post_tag","embeddable":true,"href":"https:\/\/breinco.com\/ca\/wp-json\/wp\/v2\/tags?post=20789"}],"curies":[{"name":"wp","href":"https:\/\/api.w.org\/{rel}","templated":true}]}}