{"id":23716,"date":"2020-03-23T08:37:08","date_gmt":"2020-03-23T07:37:08","guid":{"rendered":"https:\/\/breinco.com\/breincosmartblog\/losa-triangular-en-el-boulevard-aubanel-miramas-francia\/"},"modified":"2026-08-26T10:03:51","modified_gmt":"2026-08-26T08:03:51","slug":"losa-triangular-en-el-boulevard-aubanel-miramas-francia","status":"publish","type":"post","link":"https:\/\/breinco.com\/ca\/breincosmartblog\/losa-triangular-en-el-boulevard-aubanel-miramas-francia\/","title":{"rendered":"Llosa triangular al Boulevard Aubanel. Miramas, Fran\u00e7a"},"content":{"rendered":"<p><strong>Lloc<\/strong>:<span class=\"w8qArf\">\u00a0B<\/span><span class=\"LrzXr\">oulevard Aubanel<\/span>\u00a0\u2013 Miramas, Francia. <strong>Arquitectes:<\/strong> <a href=\"https:\/\/www.afc.archi\"><strong>AFC Architectes<\/strong><\/a> <strong>Any:<\/strong> 2019 <strong>Superf\u00edcie:\u00a0<\/strong>800 m\u00b2 <strong>Fotografies:<\/strong>\u00a0<a href=\"https:\/\/uatxut.com\">Uatxut<\/a><\/p>\n<h1>La remodelaci\u00f3 del Boulevard Aubanel<\/h1>\n<p data-path-to-node=\"2\">El projecte proposat t\u00e9 com a objectiu constituir un parc de plantes lineal que acompanya el vianant des del ZAC de la P\u00e9ronne fins al centre de Miramas en un entorn qualitatiu i divertit, constru\u00eft al voltant d&#8217;\u00e0rees de joc, relaxaci\u00f3 i jardins educatius. La construcci\u00f3 d&#8217;aquest projecte permet alleujar el tr\u00e0nsit de pas fora de l&#8217;aglomeraci\u00f3, la qual cosa constitueix una gran oportunitat per reduir l&#8217;\u00fas d&#8217;autom\u00f2bils a la ciutat.<\/p>\n<p><img fetchpriority=\"high\" decoding=\"async\" class=\"aligncenter wp-image-2183 size-full\" src=\"https:\/\/breinco.com\/wp-content\/uploads\/2020\/03\/boulevard-aubanel-aujourdhui.png\" alt=\"Boulevard\" width=\"753\" height=\"506\" \/> <img decoding=\"async\" class=\"aligncenter wp-image-2186 size-full\" src=\"https:\/\/breinco.com\/wp-content\/uploads\/2020\/03\/mutation-boulevard-aubanel-parkway.png\" alt=\"Boulevard\" width=\"753\" height=\"506\" \/><\/p>\n<h2>Un bulevard amb m\u00faltiples entorns<\/h2>\n<p data-path-to-node=\"3\">En una primera zona, el Boulevard Aubanel ofereix un parc urb\u00e0, que s&#8217;ha convertit en un veritable espai de transici\u00f3, on el mineral dona pas a les plantes. A l&#8217;entrada del Boulevard Linear Park hi ha una pla\u00e7a i una font. La pla\u00e7a est\u00e0 dissenyada per rebre diversos quioscos, guinguetes de gelats o vendes de gofres, i aix\u00ed es converteix en l&#8217;espai central del projecte. A la segona \u00e0rea, trobem jocs simples i contemporanis, que permeten als infants explorar el moviment i les forces de la gravetat. Aquests jocs encaixen en el context del parc i del projecte en el seu conjunt, i enriquixen els espais del parc amb noves experi\u00e8ncies.<\/p>\n<figure id=\"attachment_2185\" aria-describedby=\"caption-attachment-2185\" style=\"width: 1163px\" class=\"wp-caption aligncenter\"><img decoding=\"async\" class=\"wp-image-2185 size-full\" src=\"https:\/\/breinco.com\/wp-content\/uploads\/2020\/03\/urbanisme-amenagement-voie.1163x0-is.jpg\" alt=\"Boulevard\" width=\"1163\" height=\"661\" \/><figcaption id=\"caption-attachment-2185\" class=\"wp-caption-text\">Projecte Boulevard Aubanel<\/figcaption><\/figure>\n<p>En el tercer espai trobem els jardins educatius. S\u00f3n \u00e0rees d&#8217;observaci\u00f3 de la biodiversitat, on s&#8217;han establert bresques educatives, nius d&#8217;ocells, hotels d&#8217;insectes i molts altres indrets que, enmig de la vegetaci\u00f3, tenen la intenci\u00f3 de crear consci\u00e8ncia. La quarta zona est\u00e0 marcada pel dibuix del revestiment del s\u00f2l que reinterpreta els reflexos de les aig\u00fces blanques del canal mitjan\u00e7ant la pres\u00e8ncia de lloses triangulars de colors. Ser\u00e0 el lloc futur per celebrar les festes d&#8217;estiu.<\/p>\n<figure id=\"attachment_2195\" aria-describedby=\"caption-attachment-2195\" style=\"width: 5396px\" class=\"wp-caption aligncenter\"><img loading=\"lazy\" decoding=\"async\" class=\"wp-image-2195 size-full\" src=\"https:\/\/breinco.com\/wp-content\/uploads\/2020\/03\/DSC7219-scaled.jpg\" alt=\"\" width=\"5396\" height=\"3602\" \/><figcaption id=\"caption-attachment-2195\" class=\"wp-caption-text\">Fotografia: Uatxut<\/figcaption><\/figure>\n<p>En l&#8217;\u00faltima zona, els transe\u00fcnts estaran acompanyats per un jard\u00ed lineal, un enlla\u00e7 entre el parc a l&#8217;entrada de la ciutat i el centre de la ciutat.<\/p>\n<h2>Protegir els ecosistemes i reintegrar la biodiversitat<\/h2>\n<p data-path-to-node=\"6\">Les esp\u00e8cies de plantes s&#8217;han definit amb l&#8217;objectiu de conservar i enfortir un ecosistema local, procurant conservar o extreure localment el m\u00e0xim de plantacions. D&#8217;aquesta manera, s&#8217;ha conservat la posici\u00f3 dels arbres ja existents, per la qual cosa avui encara es poden observar els pins pinyoners de l&#8217;antic carrer\u00f3 central i els pl\u00e0tans que vorejaven les ribes del bulevard. A m\u00e9s, s&#8217;ha establert una il\u00b7luminaci\u00f3 suau per minimitzar l&#8217;impacte en la fauna local i lluitar contra la contaminaci\u00f3 lum\u00ednica nocturna, gr\u00e0cies a una il\u00b7luminaci\u00f3 de menor intensitat i reelaborada. El consum d&#8217;energia es redueix un 30% i la contaminaci\u00f3 nocturna es redueix considerablement. La il\u00b7luminaci\u00f3 de les pistes tamb\u00e9 s&#8217;optimitza mitjan\u00e7ant una combinaci\u00f3 que aprofita el color molt clar de les lloses triangulars del paviment. Aquest color clar tamb\u00e9 t\u00e9 l&#8217;avantatge d&#8217;ajudar a reduir l&#8217;efecte \u00abilla de calor\u00bb.<\/p>\n<h2>Paviment descontaminant Air-Clean\u00ae<\/h2>\n<p>La llosa triangular dissenyada per a la zona de vianants \u00e9s una llosa de formig\u00f3 fabricada a mida de caracter\u00edstiques geom\u00e8triques 63x63x40 cm i 8 cm de gruix. A m\u00e9s de la utilitzaci\u00f3 de colors clars en la fabricaci\u00f3 d&#8217;aquest paviment, la llosa triangular aporta la propietat descontaminant <a href=\"https:\/\/breinco.com\/ca\/air-clean\/\">Air-Clean\u00ae<\/a> . Air-Clean\u00ae \u00e9s una <span class=\"citation-5 citation-end-5\">soluci\u00f3 que redueix la contaminaci\u00f3 de l&#8217;aire mitjan\u00e7ant un agent descontaminant per fotocat\u00e0lisi. Sota els efectes de la llum del sol, provoca una descomposici\u00f3 dels \u00f2xids contaminants (NOx) en subproductes que s&#8217;<\/span>evacuen a trav\u00e9s de les aig\u00fces pluvials.<\/p>\n<figure id=\"attachment_2191\" aria-describedby=\"caption-attachment-2191\" style=\"width: 5343px\" class=\"wp-caption aligncenter\"><img loading=\"lazy\" decoding=\"async\" class=\"wp-image-2191 size-full\" src=\"https:\/\/breinco.com\/wp-content\/uploads\/2020\/03\/Wetcast-custom-street-miramas-francia-scaled.jpg\" alt=\"Boulevard\" width=\"5343\" height=\"3567\" \/><figcaption id=\"caption-attachment-2191\" class=\"wp-caption-text\">Fotografia: Uatxut<\/figcaption><\/figure>\n<h2>Bibliografia<\/h2>\n<ul>\n<li><a href=\"https:\/\/www.cylea.fr\/actualites\/livraison-du-chantier-zac-de-la-peronne\/\">https:\/\/www.cylea.fr\/actualites\/livraison-du-chantier-zac-de-la-peronne\/<\/a><\/li>\n<li><a href=\"https:\/\/www.cylea.fr\/actualites\/demarrage-chantier-reamenagement-boulevard-aubanel\/\">https:\/\/www.cylea.fr\/actualites\/demarrage-chantier-reamenagement-boulevard-aubanel\/<\/a><\/li>\n<li><a href=\"http:\/\/www.laquet.fr\/presse\/boulevard-aubanel-a-miramas-13\/\">http:\/\/www.laquet.fr\/presse\/boulevard-aubanel-a-miramas-13\/<\/a><\/li>\n<\/ul>\n<p>&nbsp;<\/p>\n","protected":false},"excerpt":{"rendered":"<p>Un parc urb\u00e0 multifuncional i sostenible per crear una nova entrada a la ciutat.<\/p>\n","protected":false},"author":2,"featured_media":28628,"comment_status":"closed","ping_status":"open","sticky":false,"template":"","format":"standard","meta":{"_acf_changed":false,"footnotes":""},"categories":[854],"tags":[812,1280,1279,789],"class_list":["post-23716","post","type-post","status-publish","format-standard","has-post-thumbnail","hentry","category-projects","tag-airclean","tag-francia","tag-hormigon-fotocatalitico","tag-llosa-vulcano"],"acf":[],"yoast_head":"<!-- This site is optimized with the Yoast SEO plugin v28.3 - https:\/\/yoast.com\/product\/yoast-seo-wordpress\/ -->\n<title>Llosa triangular al Boulevard Aubanel. Miramas, Fran\u00e7a - Breinco<\/title>\n<meta name=\"robots\" content=\"index, follow, max-snippet:-1, max-image-preview:large, max-video-preview:-1\" \/>\n<link rel=\"canonical\" href=\"https:\/\/breinco.com\/ca\/breincosmartblog\/losa-triangular-en-el-boulevard-aubanel-miramas-francia\/\" \/>\n<meta property=\"og:locale\" content=\"ca_ES\" \/>\n<meta property=\"og:type\" content=\"article\" \/>\n<meta property=\"og:title\" content=\"Llosa triangular al Boulevard Aubanel. Miramas, Fran\u00e7a - Breinco\" \/>\n<meta property=\"og:description\" content=\"Un parc urb\u00e0 multifuncional i sostenible per crear una nova entrada a la ciutat.\" \/>\n<meta property=\"og:url\" content=\"https:\/\/breinco.com\/ca\/breincosmartblog\/losa-triangular-en-el-boulevard-aubanel-miramas-francia\/\" \/>\n<meta property=\"og:site_name\" content=\"Breinco\" \/>\n<meta property=\"article:publisher\" content=\"https:\/\/www.facebook.com\/breincosmart\/\" \/>\n<meta property=\"article:published_time\" content=\"2020-03-23T07:37:08+00:00\" \/>\n<meta property=\"article:modified_time\" content=\"2026-08-26T08:03:51+00:00\" \/>\n<meta property=\"og:image\" content=\"https:\/\/breinco.com\/wp-content\/uploads\/2020\/03\/Wetcast-street-custom-detail-miramas-francia-e1585217275700-scaled.jpg\" \/>\n\t<meta property=\"og:image:width\" content=\"2560\" \/>\n\t<meta property=\"og:image:height\" content=\"1771\" \/>\n\t<meta property=\"og:image:type\" content=\"image\/jpeg\" \/>\n<meta name=\"author\" content=\"breinco\" \/>\n<meta name=\"twitter:card\" content=\"summary_large_image\" \/>\n<meta name=\"twitter:creator\" content=\"@breincoGroup\" \/>\n<meta name=\"twitter:site\" content=\"@breincoGroup\" \/>\n<meta name=\"twitter:label1\" content=\"Escrit per\" \/>\n\t<meta name=\"twitter:data1\" content=\"breinco\" \/>\n\t<meta name=\"twitter:label2\" content=\"Temps estimat de lectura\" \/>\n\t<meta name=\"twitter:data2\" content=\"4 minuts\" \/>\n<script type=\"application\/ld+json\" class=\"yoast-schema-graph\">{\"@context\":\"https:\\\/\\\/schema.org\",\"@graph\":[{\"@type\":\"Article\",\"@id\":\"https:\\\/\\\/breinco.com\\\/ca\\\/breincosmartblog\\\/losa-triangular-en-el-boulevard-aubanel-miramas-francia\\\/#article\",\"isPartOf\":{\"@id\":\"https:\\\/\\\/breinco.com\\\/ca\\\/breincosmartblog\\\/losa-triangular-en-el-boulevard-aubanel-miramas-francia\\\/\"},\"author\":{\"name\":\"breinco\",\"@id\":\"https:\\\/\\\/breinco.com\\\/ca\\\/#\\\/schema\\\/person\\\/76934c343eed792c0e9b8dd8c0f6b3cd\"},\"headline\":\"Llosa triangular al Boulevard Aubanel. Miramas, Fran\u00e7a\",\"datePublished\":\"2020-03-23T07:37:08+00:00\",\"dateModified\":\"2026-08-26T08:03:51+00:00\",\"mainEntityOfPage\":{\"@id\":\"https:\\\/\\\/breinco.com\\\/ca\\\/breincosmartblog\\\/losa-triangular-en-el-boulevard-aubanel-miramas-francia\\\/\"},\"wordCount\":665,\"publisher\":{\"@id\":\"https:\\\/\\\/breinco.com\\\/ca\\\/#organization\"},\"image\":{\"@id\":\"https:\\\/\\\/breinco.com\\\/ca\\\/breincosmartblog\\\/losa-triangular-en-el-boulevard-aubanel-miramas-francia\\\/#primaryimage\"},\"thumbnailUrl\":\"https:\\\/\\\/breinco.com\\\/wp-content\\\/uploads\\\/2020\\\/03\\\/Wetcast-street-custom-detail-miramas-francia-e1585217275700-scaled.jpg\",\"keywords\":[\"airclean\",\"francia\",\"hormig\u00f3n fotocatal\u00edtico\",\"llosa vulcano\"],\"articleSection\":[\"Projects\"],\"inLanguage\":\"ca\"},{\"@type\":\"WebPage\",\"@id\":\"https:\\\/\\\/breinco.com\\\/ca\\\/breincosmartblog\\\/losa-triangular-en-el-boulevard-aubanel-miramas-francia\\\/\",\"url\":\"https:\\\/\\\/breinco.com\\\/ca\\\/breincosmartblog\\\/losa-triangular-en-el-boulevard-aubanel-miramas-francia\\\/\",\"name\":\"Llosa triangular al Boulevard Aubanel. Miramas, Fran\u00e7a - Breinco\",\"isPartOf\":{\"@id\":\"https:\\\/\\\/breinco.com\\\/ca\\\/#website\"},\"primaryImageOfPage\":{\"@id\":\"https:\\\/\\\/breinco.com\\\/ca\\\/breincosmartblog\\\/losa-triangular-en-el-boulevard-aubanel-miramas-francia\\\/#primaryimage\"},\"image\":{\"@id\":\"https:\\\/\\\/breinco.com\\\/ca\\\/breincosmartblog\\\/losa-triangular-en-el-boulevard-aubanel-miramas-francia\\\/#primaryimage\"},\"thumbnailUrl\":\"https:\\\/\\\/breinco.com\\\/wp-content\\\/uploads\\\/2020\\\/03\\\/Wetcast-street-custom-detail-miramas-francia-e1585217275700-scaled.jpg\",\"datePublished\":\"2020-03-23T07:37:08+00:00\",\"dateModified\":\"2026-08-26T08:03:51+00:00\",\"breadcrumb\":{\"@id\":\"https:\\\/\\\/breinco.com\\\/ca\\\/breincosmartblog\\\/losa-triangular-en-el-boulevard-aubanel-miramas-francia\\\/#breadcrumb\"},\"inLanguage\":\"ca\",\"potentialAction\":[{\"@type\":\"ReadAction\",\"target\":[\"https:\\\/\\\/breinco.com\\\/ca\\\/breincosmartblog\\\/losa-triangular-en-el-boulevard-aubanel-miramas-francia\\\/\"]}]},{\"@type\":\"ImageObject\",\"inLanguage\":\"ca\",\"@id\":\"https:\\\/\\\/breinco.com\\\/ca\\\/breincosmartblog\\\/losa-triangular-en-el-boulevard-aubanel-miramas-francia\\\/#primaryimage\",\"url\":\"https:\\\/\\\/breinco.com\\\/wp-content\\\/uploads\\\/2020\\\/03\\\/Wetcast-street-custom-detail-miramas-francia-e1585217275700-scaled.jpg\",\"contentUrl\":\"https:\\\/\\\/breinco.com\\\/wp-content\\\/uploads\\\/2020\\\/03\\\/Wetcast-street-custom-detail-miramas-francia-e1585217275700-scaled.jpg\",\"width\":2560,\"height\":1771},{\"@type\":\"BreadcrumbList\",\"@id\":\"https:\\\/\\\/breinco.com\\\/ca\\\/breincosmartblog\\\/losa-triangular-en-el-boulevard-aubanel-miramas-francia\\\/#breadcrumb\",\"itemListElement\":[{\"@type\":\"ListItem\",\"position\":1,\"name\":\"Portada\",\"item\":\"https:\\\/\\\/breinco.com\\\/ca\\\/\"},{\"@type\":\"ListItem\",\"position\":2,\"name\":\"Llosa triangular al Boulevard Aubanel. Miramas, Fran\u00e7a\"}]},{\"@type\":\"WebSite\",\"@id\":\"https:\\\/\\\/breinco.com\\\/ca\\\/#website\",\"url\":\"https:\\\/\\\/breinco.com\\\/ca\\\/\",\"name\":\"Breinco\",\"description\":\"\",\"publisher\":{\"@id\":\"https:\\\/\\\/breinco.com\\\/ca\\\/#organization\"},\"alternateName\":\"Urban Furniture, Architecture and Landscaping\",\"potentialAction\":[{\"@type\":\"SearchAction\",\"target\":{\"@type\":\"EntryPoint\",\"urlTemplate\":\"https:\\\/\\\/breinco.com\\\/ca\\\/?s={search_term_string}\"},\"query-input\":{\"@type\":\"PropertyValueSpecification\",\"valueRequired\":true,\"valueName\":\"search_term_string\"}}],\"inLanguage\":\"ca\"},{\"@type\":\"Organization\",\"@id\":\"https:\\\/\\\/breinco.com\\\/ca\\\/#organization\",\"name\":\"Breinco\",\"url\":\"https:\\\/\\\/breinco.com\\\/ca\\\/\",\"logo\":{\"@type\":\"ImageObject\",\"inLanguage\":\"ca\",\"@id\":\"https:\\\/\\\/breinco.com\\\/ca\\\/#\\\/schema\\\/logo\\\/image\\\/\",\"url\":\"https:\\\/\\\/breinco.com\\\/wp-content\\\/uploads\\\/2025\\\/04\\\/breinco-brand.svg\",\"contentUrl\":\"https:\\\/\\\/breinco.com\\\/wp-content\\\/uploads\\\/2025\\\/04\\\/breinco-brand.svg\",\"width\":26,\"height\":58,\"caption\":\"Breinco\"},\"image\":{\"@id\":\"https:\\\/\\\/breinco.com\\\/ca\\\/#\\\/schema\\\/logo\\\/image\\\/\"},\"sameAs\":[\"https:\\\/\\\/www.facebook.com\\\/breincosmart\\\/\",\"https:\\\/\\\/x.com\\\/breincoGroup\",\"https:\\\/\\\/www.instagram.com\\\/breinco\\\/\",\"https:\\\/\\\/www.linkedin.com\\\/company\\\/breinco-esp\\\/\"]},{\"@type\":\"Person\",\"@id\":\"https:\\\/\\\/breinco.com\\\/ca\\\/#\\\/schema\\\/person\\\/76934c343eed792c0e9b8dd8c0f6b3cd\",\"name\":\"breinco\"}]}<\/script>\n<!-- \/ Yoast SEO plugin. -->","yoast_head_json":{"title":"Llosa triangular al Boulevard Aubanel. Miramas, Fran\u00e7a - Breinco","robots":{"index":"index","follow":"follow","max-snippet":"max-snippet:-1","max-image-preview":"max-image-preview:large","max-video-preview":"max-video-preview:-1"},"canonical":"https:\/\/breinco.com\/ca\/breincosmartblog\/losa-triangular-en-el-boulevard-aubanel-miramas-francia\/","og_locale":"ca_ES","og_type":"article","og_title":"Llosa triangular al Boulevard Aubanel. Miramas, Fran\u00e7a - Breinco","og_description":"Un parc urb\u00e0 multifuncional i sostenible per crear una nova entrada a la ciutat.","og_url":"https:\/\/breinco.com\/ca\/breincosmartblog\/losa-triangular-en-el-boulevard-aubanel-miramas-francia\/","og_site_name":"Breinco","article_publisher":"https:\/\/www.facebook.com\/breincosmart\/","article_published_time":"2020-03-23T07:37:08+00:00","article_modified_time":"2026-08-26T08:03:51+00:00","og_image":[{"width":2560,"height":1771,"url":"https:\/\/breinco.com\/wp-content\/uploads\/2020\/03\/Wetcast-street-custom-detail-miramas-francia-e1585217275700-scaled.jpg","type":"image\/jpeg"}],"author":"breinco","twitter_card":"summary_large_image","twitter_creator":"@breincoGroup","twitter_site":"@breincoGroup","twitter_misc":{"Escrit per":"breinco","Temps estimat de lectura":"4 minuts"},"schema":{"@context":"https:\/\/schema.org","@graph":[{"@type":"Article","@id":"https:\/\/breinco.com\/ca\/breincosmartblog\/losa-triangular-en-el-boulevard-aubanel-miramas-francia\/#article","isPartOf":{"@id":"https:\/\/breinco.com\/ca\/breincosmartblog\/losa-triangular-en-el-boulevard-aubanel-miramas-francia\/"},"author":{"name":"breinco","@id":"https:\/\/breinco.com\/ca\/#\/schema\/person\/76934c343eed792c0e9b8dd8c0f6b3cd"},"headline":"Llosa triangular al Boulevard Aubanel. Miramas, Fran\u00e7a","datePublished":"2020-03-23T07:37:08+00:00","dateModified":"2026-08-26T08:03:51+00:00","mainEntityOfPage":{"@id":"https:\/\/breinco.com\/ca\/breincosmartblog\/losa-triangular-en-el-boulevard-aubanel-miramas-francia\/"},"wordCount":665,"publisher":{"@id":"https:\/\/breinco.com\/ca\/#organization"},"image":{"@id":"https:\/\/breinco.com\/ca\/breincosmartblog\/losa-triangular-en-el-boulevard-aubanel-miramas-francia\/#primaryimage"},"thumbnailUrl":"https:\/\/breinco.com\/wp-content\/uploads\/2020\/03\/Wetcast-street-custom-detail-miramas-francia-e1585217275700-scaled.jpg","keywords":["airclean","francia","hormig\u00f3n fotocatal\u00edtico","llosa vulcano"],"articleSection":["Projects"],"inLanguage":"ca"},{"@type":"WebPage","@id":"https:\/\/breinco.com\/ca\/breincosmartblog\/losa-triangular-en-el-boulevard-aubanel-miramas-francia\/","url":"https:\/\/breinco.com\/ca\/breincosmartblog\/losa-triangular-en-el-boulevard-aubanel-miramas-francia\/","name":"Llosa triangular al Boulevard Aubanel. Miramas, Fran\u00e7a - Breinco","isPartOf":{"@id":"https:\/\/breinco.com\/ca\/#website"},"primaryImageOfPage":{"@id":"https:\/\/breinco.com\/ca\/breincosmartblog\/losa-triangular-en-el-boulevard-aubanel-miramas-francia\/#primaryimage"},"image":{"@id":"https:\/\/breinco.com\/ca\/breincosmartblog\/losa-triangular-en-el-boulevard-aubanel-miramas-francia\/#primaryimage"},"thumbnailUrl":"https:\/\/breinco.com\/wp-content\/uploads\/2020\/03\/Wetcast-street-custom-detail-miramas-francia-e1585217275700-scaled.jpg","datePublished":"2020-03-23T07:37:08+00:00","dateModified":"2026-08-26T08:03:51+00:00","breadcrumb":{"@id":"https:\/\/breinco.com\/ca\/breincosmartblog\/losa-triangular-en-el-boulevard-aubanel-miramas-francia\/#breadcrumb"},"inLanguage":"ca","potentialAction":[{"@type":"ReadAction","target":["https:\/\/breinco.com\/ca\/breincosmartblog\/losa-triangular-en-el-boulevard-aubanel-miramas-francia\/"]}]},{"@type":"ImageObject","inLanguage":"ca","@id":"https:\/\/breinco.com\/ca\/breincosmartblog\/losa-triangular-en-el-boulevard-aubanel-miramas-francia\/#primaryimage","url":"https:\/\/breinco.com\/wp-content\/uploads\/2020\/03\/Wetcast-street-custom-detail-miramas-francia-e1585217275700-scaled.jpg","contentUrl":"https:\/\/breinco.com\/wp-content\/uploads\/2020\/03\/Wetcast-street-custom-detail-miramas-francia-e1585217275700-scaled.jpg","width":2560,"height":1771},{"@type":"BreadcrumbList","@id":"https:\/\/breinco.com\/ca\/breincosmartblog\/losa-triangular-en-el-boulevard-aubanel-miramas-francia\/#breadcrumb","itemListElement":[{"@type":"ListItem","position":1,"name":"Portada","item":"https:\/\/breinco.com\/ca\/"},{"@type":"ListItem","position":2,"name":"Llosa triangular al Boulevard Aubanel. Miramas, Fran\u00e7a"}]},{"@type":"WebSite","@id":"https:\/\/breinco.com\/ca\/#website","url":"https:\/\/breinco.com\/ca\/","name":"Breinco","description":"","publisher":{"@id":"https:\/\/breinco.com\/ca\/#organization"},"alternateName":"Urban Furniture, Architecture and Landscaping","potentialAction":[{"@type":"SearchAction","target":{"@type":"EntryPoint","urlTemplate":"https:\/\/breinco.com\/ca\/?s={search_term_string}"},"query-input":{"@type":"PropertyValueSpecification","valueRequired":true,"valueName":"search_term_string"}}],"inLanguage":"ca"},{"@type":"Organization","@id":"https:\/\/breinco.com\/ca\/#organization","name":"Breinco","url":"https:\/\/breinco.com\/ca\/","logo":{"@type":"ImageObject","inLanguage":"ca","@id":"https:\/\/breinco.com\/ca\/#\/schema\/logo\/image\/","url":"https:\/\/breinco.com\/wp-content\/uploads\/2025\/04\/breinco-brand.svg","contentUrl":"https:\/\/breinco.com\/wp-content\/uploads\/2025\/04\/breinco-brand.svg","width":26,"height":58,"caption":"Breinco"},"image":{"@id":"https:\/\/breinco.com\/ca\/#\/schema\/logo\/image\/"},"sameAs":["https:\/\/www.facebook.com\/breincosmart\/","https:\/\/x.com\/breincoGroup","https:\/\/www.instagram.com\/breinco\/","https:\/\/www.linkedin.com\/company\/breinco-esp\/"]},{"@type":"Person","@id":"https:\/\/breinco.com\/ca\/#\/schema\/person\/76934c343eed792c0e9b8dd8c0f6b3cd","name":"breinco"}]}},"_links":{"self":[{"href":"https:\/\/breinco.com\/ca\/wp-json\/wp\/v2\/posts\/23716","targetHints":{"allow":["GET"]}}],"collection":[{"href":"https:\/\/breinco.com\/ca\/wp-json\/wp\/v2\/posts"}],"about":[{"href":"https:\/\/breinco.com\/ca\/wp-json\/wp\/v2\/types\/post"}],"author":[{"embeddable":true,"href":"https:\/\/breinco.com\/ca\/wp-json\/wp\/v2\/users\/2"}],"replies":[{"embeddable":true,"href":"https:\/\/breinco.com\/ca\/wp-json\/wp\/v2\/comments?post=23716"}],"version-history":[{"count":5,"href":"https:\/\/breinco.com\/ca\/wp-json\/wp\/v2\/posts\/23716\/revisions"}],"predecessor-version":[{"id":28653,"href":"https:\/\/breinco.com\/ca\/wp-json\/wp\/v2\/posts\/23716\/revisions\/28653"}],"wp:featuredmedia":[{"embeddable":true,"href":"https:\/\/breinco.com\/ca\/wp-json\/wp\/v2\/media\/28628"}],"wp:attachment":[{"href":"https:\/\/breinco.com\/ca\/wp-json\/wp\/v2\/media?parent=23716"}],"wp:term":[{"taxonomy":"category","embeddable":true,"href":"https:\/\/breinco.com\/ca\/wp-json\/wp\/v2\/categories?post=23716"},{"taxonomy":"post_tag","embeddable":true,"href":"https:\/\/breinco.com\/ca\/wp-json\/wp\/v2\/tags?post=23716"}],"curies":[{"name":"wp","href":"https:\/\/api.w.org\/{rel}","templated":true}]}}