{"id":23727,"date":"2019-11-05T08:56:58","date_gmt":"2019-11-05T07:56:58","guid":{"rendered":"https:\/\/breinco.com\/breincosmartblog\/la-flor-de-barcelona-adoquin-o-baldosa\/"},"modified":"2026-08-26T07:58:09","modified_gmt":"2026-08-26T05:58:09","slug":"la-flor-de-barcelona-adoquin-o-baldosa","status":"publish","type":"post","link":"https:\/\/breinco.com\/ca\/breincosmartblog\/la-flor-de-barcelona-adoquin-o-baldosa\/","title":{"rendered":"La flor de Barcelona: llosa o llamborda?"},"content":{"rendered":"<h1>La llosa Flor de Barcelona no \u00e9s una llamborda.<\/h1>\n<figure id=\"attachment_2016\" aria-describedby=\"caption-attachment-2016\" style=\"width: 1600px\" class=\"wp-caption aligncenter\"><img fetchpriority=\"high\" decoding=\"async\" class=\"wp-image-2016 size-full\" src=\"https:\/\/breinco.com\/wp-content\/uploads\/2019\/11\/5433818.jpg\" alt=\"adoqu\u00edn\" width=\"1600\" height=\"900\" \/><figcaption id=\"caption-attachment-2016\" class=\"wp-caption-text\">Rivera mostra el tros d&#8217;una llosa de Barcelona. \/ RTVE<\/figcaption><\/figure>\n<p>Mentre Albert Rivera, l\u00edder de Ciudadanos, ha mostrat un fragment d&#8217;una llosa de Barcelona, ha preguntat a Pedro S\u00e1nchez si li sembla normal \u00abque volin les <strong>llambordes<\/strong>\u00bb. La mida original del tros que sostenia Rivera en criticar els altercats que fa una setmana van assolar Barcelona \u00e9s de 20x20x4 cm, per tant no \u00e9s una llamborda. La definici\u00f3 de llamborda de formig\u00f3 segons la norma <strong>UNE-EN 1338<\/strong> ha de satisfer la condici\u00f3 seg\u00fcent:<\/p>\n<ul>\n<li><strong>La seva longitud total dividida pel seu gruix \u00e9s menor o igual que quatre.<\/strong><\/li>\n<\/ul>\n<p>Si dividim la seva longitud (20 cm) pel seu gruix (4 cm) obtenim 5 cm, que \u00e9s m\u00e9s gran que 4. Conclusi\u00f3: el paviment de 20x20x4 cm no \u00e9s una llamborda, <strong>\u00e9s una llosa<\/strong>.<\/p>\n<figure id=\"attachment_2007\" aria-describedby=\"caption-attachment-2007\" style=\"width: 718px\" class=\"wp-caption aligncenter\"><img decoding=\"async\" class=\"wp-image-2007 size-full\" src=\"https:\/\/breinco.com\/wp-content\/uploads\/2019\/11\/Baldosa-2.jpg\" alt=\"adoqu\u00edn\" width=\"718\" height=\"479\" \/><figcaption id=\"caption-attachment-2007\" class=\"wp-caption-text\">Exemple de llamborda \u2013 Breinco<\/figcaption><\/figure>\n<figure id=\"attachment_2008\" aria-describedby=\"caption-attachment-2008\" style=\"width: 796px\" class=\"wp-caption aligncenter\"><a href=\"https:\/\/www.breinco.com\/ca\/paviments-exterior\/lloses\/llosa-gaudi\/\"><img decoding=\"async\" class=\"wp-image-2008 size-full\" src=\"https:\/\/breinco.com\/wp-content\/uploads\/2019\/11\/Baldosa.jpg\" alt=\"\" width=\"796\" height=\"597\" \/><\/a><figcaption id=\"caption-attachment-2008\" class=\"wp-caption-text\">Exemple de llosa hexagonal: Llosa Nano i Llosa Gaud\u00ed \u2013 Breinco<\/figcaption><\/figure>\n<h2>Hist\u00f2ria de la llosa Flor de Barcelona<\/h2>\n<p>La <strong>flor de Barcelona<\/strong>, tamb\u00e9 coneguda com a rosa de Barcelona o panot de Barcelona, \u200b\u200b\u00e9s una pe\u00e7a de formig\u00f3 de 20&#215;20 cm feta de ciment, sorra i aigua que representa una flor de quatre p\u00e8tals. L&#8217;autoria del disseny s&#8217;atribueix a l&#8217;arquitecte <a href=\"https:\/\/es.wikipedia.org\/wiki\/Josep_Puig_i_Cadafalch\">\u00a0Josep Puig i Cadafalch<\/a> i les seves caracter\u00edstiques m\u00e9s rellevants s\u00f3n la durabilitat i el f\u00e0cil manteniment. <strong>A principis del segle XX<\/strong> la ciutat va comen\u00e7ar a tenir problemes importants de fang als carrers. La situaci\u00f3 ca\u00f2tica en qu\u00e8 es trobava el barri de l&#8217;Eixample i el creixement de Barcelona no feien m\u00e9s que empitjorar-la. Abans de l&#8217;aparici\u00f3 de la llosa Flor, els ve\u00efns pavimentaven els dos metres i mig davant de casa seva amb els materials que els proporcionava l&#8217;ajuntament. Per trobar una soluci\u00f3 a la problem\u00e0tica, es van comen\u00e7ar a estudiar idees i finalment es van establir cinc<strong> models de lloses el 1906 amb relleu negatiu<\/strong> que ajudarien a donar sortida al problema gr\u00e0cies al seu disseny en relleu: una calavera, un cercle conc\u00e8ntric, quatre pastilles, quatre pastilles amb quatre cercles i el panot de flor. Actualment, alguns dels models s&#8217;han deixat de fabricar a causa de la poca demanda i s&#8217;ha recorregut al \u00abpanot de flor\u00bb, convertint-lo en el m\u00e9s simb\u00f2lic.<\/p>\n<figure id=\"attachment_2019\" aria-describedby=\"caption-attachment-2019\" style=\"width: 656px\" class=\"wp-caption aligncenter\"><img loading=\"lazy\" decoding=\"async\" class=\"wp-image-2019 size-full\" src=\"https:\/\/breinco.com\/wp-content\/uploads\/2019\/11\/img_memartinez_20180208-211010_imagenes_lv_terceros_panots_5models_combo-k91-656x312@LaVanguardia-Web.jpg\" alt=\"adoqu\u00edn\" width=\"656\" height=\"312\" \/><figcaption id=\"caption-attachment-2019\" class=\"wp-caption-text\">Els cinc dissenys de \u00abpanot\u00bb que va licitar el 1906 l&#8217;Ajuntament de Barcelona (AMCB 1906 \/ UB Edicions)<\/figcaption><\/figure>\n<p>D&#8217;altra banda, aquesta llosa va ser anys m\u00e9s tard l&#8217;origen del disseny, molt similar, de la coneguda <a title=\"Baldosa de Bilbao\" href=\"https:\/\/es.wikipedia.org\/wiki\/Baldosa_de_Bilbao\">llosa de Bilbao<\/a>, que tamb\u00e9 constitueix un s\u00edmbol de la ciutat. El disseny va incorporar modificacions per adaptar-lo al clima pluj\u00f3s de Bilbao.<\/p>\n<figure id=\"attachment_2012\" aria-describedby=\"caption-attachment-2012\" style=\"width: 624px\" class=\"wp-caption aligncenter\"><img loading=\"lazy\" decoding=\"async\" class=\"wp-image-2012 size-full\" src=\"https:\/\/breinco.com\/wp-content\/uploads\/2019\/11\/bilbao-barcelona-kveF-624x385@El-Correo.jpg\" alt=\"adoqu\u00edn\" width=\"624\" height=\"385\" \/><figcaption id=\"caption-attachment-2012\" class=\"wp-caption-text\">A l&#8217;esquerra, la llosa de Bilbao. A la dreta, la de Barcelona.<\/figcaption><\/figure>\n<h2>Bibliografia<\/h2>\n<p><a href=\"https:\/\/ca.wikipedia.org\/wiki\/Flor_de_Barcelona\">https:\/\/ca.wikipedia.org\/wiki\/Flor_de_Barcelona<\/a> <a href=\"https:\/\/www.lavanguardia.com\/local\/barcelona\/20180212\/44628283022\/historia-panot-barcelona-flor-calcada-portuguesa.html\">https:\/\/www.lavanguardia.com\/local\/barcelona\/20180212\/44628283022\/historia-panot-barcelona-flor-calcada-portuguesa.html<\/a> <a href=\"https:\/\/www.laramblabarcelona.com\/panot-de-barcelona\/\">https:\/\/www.laramblabarcelona.com\/panot-de-barcelona\/<\/a><\/p>\n","protected":false},"excerpt":{"rendered":"<p>Quina difer\u00e8ncia hi ha entre una llosa i una llamborda?<\/p>\n","protected":false},"author":2,"featured_media":23728,"comment_status":"closed","ping_status":"open","sticky":false,"template":"","format":"standard","meta":{"_acf_changed":false,"footnotes":""},"categories":[868],"tags":[1211,1249,1311],"class_list":["post-23727","post","type-post","status-publish","format-standard","has-post-thumbnail","hentry","category-corporative","tag-adoquin","tag-baldosa","tag-flor-de-barcelona"],"acf":[],"yoast_head":"<!-- This site is optimized with the Yoast SEO plugin v28.3 - https:\/\/yoast.com\/product\/yoast-seo-wordpress\/ -->\n<title>La flor de Barcelona: llosa o llamborda? - Breinco<\/title>\n<meta name=\"robots\" content=\"index, follow, max-snippet:-1, max-image-preview:large, max-video-preview:-1\" \/>\n<link rel=\"canonical\" href=\"https:\/\/breinco.com\/ca\/breincosmartblog\/la-flor-de-barcelona-adoquin-o-baldosa\/\" \/>\n<meta property=\"og:locale\" content=\"ca_ES\" \/>\n<meta property=\"og:type\" content=\"article\" \/>\n<meta property=\"og:title\" content=\"La flor de Barcelona: llosa o llamborda? - Breinco\" \/>\n<meta property=\"og:description\" content=\"Quina difer\u00e8ncia hi ha entre una llosa i una llamborda?\" \/>\n<meta property=\"og:url\" content=\"https:\/\/breinco.com\/ca\/breincosmartblog\/la-flor-de-barcelona-adoquin-o-baldosa\/\" \/>\n<meta property=\"og:site_name\" content=\"Breinco\" \/>\n<meta property=\"article:publisher\" content=\"https:\/\/www.facebook.com\/breincosmart\/\" \/>\n<meta property=\"article:published_time\" content=\"2019-11-05T07:56:58+00:00\" \/>\n<meta property=\"article:modified_time\" content=\"2026-08-26T05:58:09+00:00\" \/>\n<meta property=\"og:image\" content=\"https:\/\/breinco.com\/wp-content\/uploads\/2019\/11\/flor-de-barcelona-calle-casanova_5_570x340.jpeg\" \/>\n\t<meta property=\"og:image:width\" content=\"570\" \/>\n\t<meta property=\"og:image:height\" content=\"340\" \/>\n\t<meta property=\"og:image:type\" content=\"image\/jpeg\" \/>\n<meta name=\"author\" content=\"breinco\" \/>\n<meta name=\"twitter:card\" content=\"summary_large_image\" \/>\n<meta name=\"twitter:creator\" content=\"@breincoGroup\" \/>\n<meta name=\"twitter:site\" content=\"@breincoGroup\" \/>\n<meta name=\"twitter:label1\" content=\"Escrit per\" \/>\n\t<meta name=\"twitter:data1\" content=\"breinco\" \/>\n\t<meta name=\"twitter:label2\" content=\"Temps estimat de lectura\" \/>\n\t<meta name=\"twitter:data2\" content=\"4 minuts\" \/>\n<script type=\"application\/ld+json\" class=\"yoast-schema-graph\">{\"@context\":\"https:\\\/\\\/schema.org\",\"@graph\":[{\"@type\":\"Article\",\"@id\":\"https:\\\/\\\/breinco.com\\\/ca\\\/breincosmartblog\\\/la-flor-de-barcelona-adoquin-o-baldosa\\\/#article\",\"isPartOf\":{\"@id\":\"https:\\\/\\\/breinco.com\\\/ca\\\/breincosmartblog\\\/la-flor-de-barcelona-adoquin-o-baldosa\\\/\"},\"author\":{\"name\":\"breinco\",\"@id\":\"https:\\\/\\\/breinco.com\\\/ca\\\/#\\\/schema\\\/person\\\/76934c343eed792c0e9b8dd8c0f6b3cd\"},\"headline\":\"La flor de Barcelona: llosa o llamborda?\",\"datePublished\":\"2019-11-05T07:56:58+00:00\",\"dateModified\":\"2026-08-26T05:58:09+00:00\",\"mainEntityOfPage\":{\"@id\":\"https:\\\/\\\/breinco.com\\\/ca\\\/breincosmartblog\\\/la-flor-de-barcelona-adoquin-o-baldosa\\\/\"},\"wordCount\":531,\"publisher\":{\"@id\":\"https:\\\/\\\/breinco.com\\\/ca\\\/#organization\"},\"image\":{\"@id\":\"https:\\\/\\\/breinco.com\\\/ca\\\/breincosmartblog\\\/la-flor-de-barcelona-adoquin-o-baldosa\\\/#primaryimage\"},\"thumbnailUrl\":\"https:\\\/\\\/breinco.com\\\/wp-content\\\/uploads\\\/2019\\\/11\\\/flor-de-barcelona-calle-casanova_5_570x340.jpeg\",\"keywords\":[\"adoquin\",\"baldosa\",\"flor de barcelona\"],\"articleSection\":[\"Corporative\"],\"inLanguage\":\"ca\"},{\"@type\":\"WebPage\",\"@id\":\"https:\\\/\\\/breinco.com\\\/ca\\\/breincosmartblog\\\/la-flor-de-barcelona-adoquin-o-baldosa\\\/\",\"url\":\"https:\\\/\\\/breinco.com\\\/ca\\\/breincosmartblog\\\/la-flor-de-barcelona-adoquin-o-baldosa\\\/\",\"name\":\"La flor de Barcelona: llosa o llamborda? - Breinco\",\"isPartOf\":{\"@id\":\"https:\\\/\\\/breinco.com\\\/ca\\\/#website\"},\"primaryImageOfPage\":{\"@id\":\"https:\\\/\\\/breinco.com\\\/ca\\\/breincosmartblog\\\/la-flor-de-barcelona-adoquin-o-baldosa\\\/#primaryimage\"},\"image\":{\"@id\":\"https:\\\/\\\/breinco.com\\\/ca\\\/breincosmartblog\\\/la-flor-de-barcelona-adoquin-o-baldosa\\\/#primaryimage\"},\"thumbnailUrl\":\"https:\\\/\\\/breinco.com\\\/wp-content\\\/uploads\\\/2019\\\/11\\\/flor-de-barcelona-calle-casanova_5_570x340.jpeg\",\"datePublished\":\"2019-11-05T07:56:58+00:00\",\"dateModified\":\"2026-08-26T05:58:09+00:00\",\"breadcrumb\":{\"@id\":\"https:\\\/\\\/breinco.com\\\/ca\\\/breincosmartblog\\\/la-flor-de-barcelona-adoquin-o-baldosa\\\/#breadcrumb\"},\"inLanguage\":\"ca\",\"potentialAction\":[{\"@type\":\"ReadAction\",\"target\":[\"https:\\\/\\\/breinco.com\\\/ca\\\/breincosmartblog\\\/la-flor-de-barcelona-adoquin-o-baldosa\\\/\"]}]},{\"@type\":\"ImageObject\",\"inLanguage\":\"ca\",\"@id\":\"https:\\\/\\\/breinco.com\\\/ca\\\/breincosmartblog\\\/la-flor-de-barcelona-adoquin-o-baldosa\\\/#primaryimage\",\"url\":\"https:\\\/\\\/breinco.com\\\/wp-content\\\/uploads\\\/2019\\\/11\\\/flor-de-barcelona-calle-casanova_5_570x340.jpeg\",\"contentUrl\":\"https:\\\/\\\/breinco.com\\\/wp-content\\\/uploads\\\/2019\\\/11\\\/flor-de-barcelona-calle-casanova_5_570x340.jpeg\",\"width\":570,\"height\":340,\"caption\":\"adoqu\u00edn\"},{\"@type\":\"BreadcrumbList\",\"@id\":\"https:\\\/\\\/breinco.com\\\/ca\\\/breincosmartblog\\\/la-flor-de-barcelona-adoquin-o-baldosa\\\/#breadcrumb\",\"itemListElement\":[{\"@type\":\"ListItem\",\"position\":1,\"name\":\"Portada\",\"item\":\"https:\\\/\\\/breinco.com\\\/ca\\\/\"},{\"@type\":\"ListItem\",\"position\":2,\"name\":\"La flor de Barcelona: llosa o llamborda?\"}]},{\"@type\":\"WebSite\",\"@id\":\"https:\\\/\\\/breinco.com\\\/ca\\\/#website\",\"url\":\"https:\\\/\\\/breinco.com\\\/ca\\\/\",\"name\":\"Breinco\",\"description\":\"\",\"publisher\":{\"@id\":\"https:\\\/\\\/breinco.com\\\/ca\\\/#organization\"},\"alternateName\":\"Urban Furniture, Architecture and Landscaping\",\"potentialAction\":[{\"@type\":\"SearchAction\",\"target\":{\"@type\":\"EntryPoint\",\"urlTemplate\":\"https:\\\/\\\/breinco.com\\\/ca\\\/?s={search_term_string}\"},\"query-input\":{\"@type\":\"PropertyValueSpecification\",\"valueRequired\":true,\"valueName\":\"search_term_string\"}}],\"inLanguage\":\"ca\"},{\"@type\":\"Organization\",\"@id\":\"https:\\\/\\\/breinco.com\\\/ca\\\/#organization\",\"name\":\"Breinco\",\"url\":\"https:\\\/\\\/breinco.com\\\/ca\\\/\",\"logo\":{\"@type\":\"ImageObject\",\"inLanguage\":\"ca\",\"@id\":\"https:\\\/\\\/breinco.com\\\/ca\\\/#\\\/schema\\\/logo\\\/image\\\/\",\"url\":\"https:\\\/\\\/breinco.com\\\/wp-content\\\/uploads\\\/2025\\\/04\\\/breinco-brand.svg\",\"contentUrl\":\"https:\\\/\\\/breinco.com\\\/wp-content\\\/uploads\\\/2025\\\/04\\\/breinco-brand.svg\",\"width\":26,\"height\":58,\"caption\":\"Breinco\"},\"image\":{\"@id\":\"https:\\\/\\\/breinco.com\\\/ca\\\/#\\\/schema\\\/logo\\\/image\\\/\"},\"sameAs\":[\"https:\\\/\\\/www.facebook.com\\\/breincosmart\\\/\",\"https:\\\/\\\/x.com\\\/breincoGroup\",\"https:\\\/\\\/www.instagram.com\\\/breinco\\\/\",\"https:\\\/\\\/www.linkedin.com\\\/company\\\/breinco-esp\\\/\"]},{\"@type\":\"Person\",\"@id\":\"https:\\\/\\\/breinco.com\\\/ca\\\/#\\\/schema\\\/person\\\/76934c343eed792c0e9b8dd8c0f6b3cd\",\"name\":\"breinco\"}]}<\/script>\n<!-- \/ Yoast SEO plugin. -->","yoast_head_json":{"title":"La flor de Barcelona: llosa o llamborda? - Breinco","robots":{"index":"index","follow":"follow","max-snippet":"max-snippet:-1","max-image-preview":"max-image-preview:large","max-video-preview":"max-video-preview:-1"},"canonical":"https:\/\/breinco.com\/ca\/breincosmartblog\/la-flor-de-barcelona-adoquin-o-baldosa\/","og_locale":"ca_ES","og_type":"article","og_title":"La flor de Barcelona: llosa o llamborda? - Breinco","og_description":"Quina difer\u00e8ncia hi ha entre una llosa i una llamborda?","og_url":"https:\/\/breinco.com\/ca\/breincosmartblog\/la-flor-de-barcelona-adoquin-o-baldosa\/","og_site_name":"Breinco","article_publisher":"https:\/\/www.facebook.com\/breincosmart\/","article_published_time":"2019-11-05T07:56:58+00:00","article_modified_time":"2026-08-26T05:58:09+00:00","og_image":[{"width":570,"height":340,"url":"https:\/\/breinco.com\/wp-content\/uploads\/2019\/11\/flor-de-barcelona-calle-casanova_5_570x340.jpeg","type":"image\/jpeg"}],"author":"breinco","twitter_card":"summary_large_image","twitter_creator":"@breincoGroup","twitter_site":"@breincoGroup","twitter_misc":{"Escrit per":"breinco","Temps estimat de lectura":"4 minuts"},"schema":{"@context":"https:\/\/schema.org","@graph":[{"@type":"Article","@id":"https:\/\/breinco.com\/ca\/breincosmartblog\/la-flor-de-barcelona-adoquin-o-baldosa\/#article","isPartOf":{"@id":"https:\/\/breinco.com\/ca\/breincosmartblog\/la-flor-de-barcelona-adoquin-o-baldosa\/"},"author":{"name":"breinco","@id":"https:\/\/breinco.com\/ca\/#\/schema\/person\/76934c343eed792c0e9b8dd8c0f6b3cd"},"headline":"La flor de Barcelona: llosa o llamborda?","datePublished":"2019-11-05T07:56:58+00:00","dateModified":"2026-08-26T05:58:09+00:00","mainEntityOfPage":{"@id":"https:\/\/breinco.com\/ca\/breincosmartblog\/la-flor-de-barcelona-adoquin-o-baldosa\/"},"wordCount":531,"publisher":{"@id":"https:\/\/breinco.com\/ca\/#organization"},"image":{"@id":"https:\/\/breinco.com\/ca\/breincosmartblog\/la-flor-de-barcelona-adoquin-o-baldosa\/#primaryimage"},"thumbnailUrl":"https:\/\/breinco.com\/wp-content\/uploads\/2019\/11\/flor-de-barcelona-calle-casanova_5_570x340.jpeg","keywords":["adoquin","baldosa","flor de barcelona"],"articleSection":["Corporative"],"inLanguage":"ca"},{"@type":"WebPage","@id":"https:\/\/breinco.com\/ca\/breincosmartblog\/la-flor-de-barcelona-adoquin-o-baldosa\/","url":"https:\/\/breinco.com\/ca\/breincosmartblog\/la-flor-de-barcelona-adoquin-o-baldosa\/","name":"La flor de Barcelona: llosa o llamborda? - Breinco","isPartOf":{"@id":"https:\/\/breinco.com\/ca\/#website"},"primaryImageOfPage":{"@id":"https:\/\/breinco.com\/ca\/breincosmartblog\/la-flor-de-barcelona-adoquin-o-baldosa\/#primaryimage"},"image":{"@id":"https:\/\/breinco.com\/ca\/breincosmartblog\/la-flor-de-barcelona-adoquin-o-baldosa\/#primaryimage"},"thumbnailUrl":"https:\/\/breinco.com\/wp-content\/uploads\/2019\/11\/flor-de-barcelona-calle-casanova_5_570x340.jpeg","datePublished":"2019-11-05T07:56:58+00:00","dateModified":"2026-08-26T05:58:09+00:00","breadcrumb":{"@id":"https:\/\/breinco.com\/ca\/breincosmartblog\/la-flor-de-barcelona-adoquin-o-baldosa\/#breadcrumb"},"inLanguage":"ca","potentialAction":[{"@type":"ReadAction","target":["https:\/\/breinco.com\/ca\/breincosmartblog\/la-flor-de-barcelona-adoquin-o-baldosa\/"]}]},{"@type":"ImageObject","inLanguage":"ca","@id":"https:\/\/breinco.com\/ca\/breincosmartblog\/la-flor-de-barcelona-adoquin-o-baldosa\/#primaryimage","url":"https:\/\/breinco.com\/wp-content\/uploads\/2019\/11\/flor-de-barcelona-calle-casanova_5_570x340.jpeg","contentUrl":"https:\/\/breinco.com\/wp-content\/uploads\/2019\/11\/flor-de-barcelona-calle-casanova_5_570x340.jpeg","width":570,"height":340,"caption":"adoqu\u00edn"},{"@type":"BreadcrumbList","@id":"https:\/\/breinco.com\/ca\/breincosmartblog\/la-flor-de-barcelona-adoquin-o-baldosa\/#breadcrumb","itemListElement":[{"@type":"ListItem","position":1,"name":"Portada","item":"https:\/\/breinco.com\/ca\/"},{"@type":"ListItem","position":2,"name":"La flor de Barcelona: llosa o llamborda?"}]},{"@type":"WebSite","@id":"https:\/\/breinco.com\/ca\/#website","url":"https:\/\/breinco.com\/ca\/","name":"Breinco","description":"","publisher":{"@id":"https:\/\/breinco.com\/ca\/#organization"},"alternateName":"Urban Furniture, Architecture and Landscaping","potentialAction":[{"@type":"SearchAction","target":{"@type":"EntryPoint","urlTemplate":"https:\/\/breinco.com\/ca\/?s={search_term_string}"},"query-input":{"@type":"PropertyValueSpecification","valueRequired":true,"valueName":"search_term_string"}}],"inLanguage":"ca"},{"@type":"Organization","@id":"https:\/\/breinco.com\/ca\/#organization","name":"Breinco","url":"https:\/\/breinco.com\/ca\/","logo":{"@type":"ImageObject","inLanguage":"ca","@id":"https:\/\/breinco.com\/ca\/#\/schema\/logo\/image\/","url":"https:\/\/breinco.com\/wp-content\/uploads\/2025\/04\/breinco-brand.svg","contentUrl":"https:\/\/breinco.com\/wp-content\/uploads\/2025\/04\/breinco-brand.svg","width":26,"height":58,"caption":"Breinco"},"image":{"@id":"https:\/\/breinco.com\/ca\/#\/schema\/logo\/image\/"},"sameAs":["https:\/\/www.facebook.com\/breincosmart\/","https:\/\/x.com\/breincoGroup","https:\/\/www.instagram.com\/breinco\/","https:\/\/www.linkedin.com\/company\/breinco-esp\/"]},{"@type":"Person","@id":"https:\/\/breinco.com\/ca\/#\/schema\/person\/76934c343eed792c0e9b8dd8c0f6b3cd","name":"breinco"}]}},"_links":{"self":[{"href":"https:\/\/breinco.com\/ca\/wp-json\/wp\/v2\/posts\/23727","targetHints":{"allow":["GET"]}}],"collection":[{"href":"https:\/\/breinco.com\/ca\/wp-json\/wp\/v2\/posts"}],"about":[{"href":"https:\/\/breinco.com\/ca\/wp-json\/wp\/v2\/types\/post"}],"author":[{"embeddable":true,"href":"https:\/\/breinco.com\/ca\/wp-json\/wp\/v2\/users\/2"}],"replies":[{"embeddable":true,"href":"https:\/\/breinco.com\/ca\/wp-json\/wp\/v2\/comments?post=23727"}],"version-history":[{"count":4,"href":"https:\/\/breinco.com\/ca\/wp-json\/wp\/v2\/posts\/23727\/revisions"}],"predecessor-version":[{"id":28530,"href":"https:\/\/breinco.com\/ca\/wp-json\/wp\/v2\/posts\/23727\/revisions\/28530"}],"wp:featuredmedia":[{"embeddable":true,"href":"https:\/\/breinco.com\/ca\/wp-json\/wp\/v2\/media\/23728"}],"wp:attachment":[{"href":"https:\/\/breinco.com\/ca\/wp-json\/wp\/v2\/media?parent=23727"}],"wp:term":[{"taxonomy":"category","embeddable":true,"href":"https:\/\/breinco.com\/ca\/wp-json\/wp\/v2\/categories?post=23727"},{"taxonomy":"post_tag","embeddable":true,"href":"https:\/\/breinco.com\/ca\/wp-json\/wp\/v2\/tags?post=23727"}],"curies":[{"name":"wp","href":"https:\/\/api.w.org\/{rel}","templated":true}]}}