{"id":23749,"date":"2019-12-17T10:59:58","date_gmt":"2019-12-17T09:59:58","guid":{"rendered":"https:\/\/breinco.com\/breincosmartblog\/que-beneficios-aporta-un-muro-de-contencion-de-tierra-armada\/"},"modified":"2026-08-26T09:33:08","modified_gmt":"2026-08-26T07:33:08","slug":"que-beneficios-aporta-un-muro-de-contencion-de-tierra-armada","status":"publish","type":"post","link":"https:\/\/breinco.com\/ca\/breincosmartblog\/que-beneficios-aporta-un-muro-de-contencion-de-tierra-armada\/","title":{"rendered":"\u00bfQuins beneficis aporta un mur de contenci\u00f3 de terra armada?"},"content":{"rendered":"<p>El sistema constructiu dels murs de contenci\u00f3 AB de Breinco \u00e9s un sistema flexible de construcci\u00f3 en sec de terra refor\u00e7ada, sense morter i amb una fa\u00e7ana de peces de formig\u00f3 arquitect\u00f2nic d&#8217;una gran varietat de colors que s&#8217;integren en el paisatge. Breinco ofereix una <a href=\"https:\/\/breinco.com\/ca\/products\/murs-de-contencio\/\">soluci\u00f3 t\u00e8cnica<\/a> integral: estudi de viabilitat, dissenys preliminars i la construcci\u00f3 del mur amb equips d&#8217;instal\u00b7ladors certificats amb m\u00e9s de 30 anys d&#8217;experi\u00e8ncia.<\/p>\n<h2>1. Un sistema d&#8217;enginyeria de contenci\u00f3 dissenyat per a la simplicitat<\/h2>\n<p data-path-to-node=\"2,0,0\">Les caracter\u00edstiques que incorpora el sistema faciliten la modulaci\u00f3, el disseny i simplifiquen la seva construcci\u00f3. Aquestes simples caracter\u00edstiques d&#8217;enginyeria fan que la col\u00b7lecci\u00f3 dels murs AB de Breinco resulti la m\u00e9s eficient i fiable del mercat.<\/p>\n<h4>Construcci\u00f3 \u00absense morter\u00bb<\/h4>\n<p data-path-to-node=\"3\">La tecnologia \u00abSense Morter\u00bb funciona. Construir estructures flexibles amb materials apilats en sec i entrella\u00e7ats aporta un rendiment m\u00e9s gran sobre les t\u00e8cniques r\u00edgides de construcci\u00f3. A m\u00e9s, s&#8217;afegeixen els beneficis inherents d&#8217;un sistema de contenci\u00f3 sense morter: l&#8217;adaptabilitat al lloc de l&#8217;obra, la rapidesa d&#8217;instal\u00b7laci\u00f3 i la modularitat sostenible.<\/p>\n<p data-path-to-node=\"4\">\n<h4>Entrella\u00e7at incorporat<\/h4>\n<p><img fetchpriority=\"high\" decoding=\"async\" class=\"wp-image-2129 size-full aligncenter\" src=\"https:\/\/www.breinco.com\/breincosmartblog\/wp-content\/uploads\/2019\/12\/entrelace-drenaje-inclinaci\u00f3n-AB.png\" alt=\"contenci\u00f3n\" width=\"1131\" height=\"412\" \/><\/p>\n<p data-path-to-node=\"4\">Cada bloc de fa\u00e7ana est\u00e0 fermament ajustat per la trava del \u00ablip\u00bb o llavi davanter patentat. No existeixen perns, no es necessita morter ni connectors.<\/p>\n<h4>Inclinaci\u00f3 incorporada<\/h4>\n<p data-path-to-node=\"5\">A m\u00e9s, el \u00ablip\u00bb o llavi davanter marca autom\u00e0ticament la inclinaci\u00f3 final del mur de contenci\u00f3. Es pot triar entre 3 inclinacions diferents: 12\u00b0, 6\u00b0 o 3\u00b0. Els c\u00e0lculs d&#8217;estabilitat del mur tenen en compte la inclinaci\u00f3 del mateix basant-se en la teoria de Coulomb: com m\u00e9s gran \u00e9s la inclinaci\u00f3, menor \u00e9s la for\u00e7a activa que ha de suportar el mur.<\/p>\n<h4>Drenatge incorporat<\/h4>\n<p data-path-to-node=\"6\">El disseny de les peces amb nuclis buits permet que l&#8217;aigua dreni lliurement des de la zona posterior del mur cap a fora de la fa\u00e7ana del mur. L&#8217;aigua es mou f\u00e0cilment a trav\u00e9s d&#8217;un desgu\u00e0s vertical format per una columna de material granular col\u00b7locat darrere i dins dels blocs de fa\u00e7ana. Aquest desgu\u00e0s incorporat ajuda a eliminar la pressi\u00f3 hidroest\u00e0tica, factor fonamental per a l&#8217;estabilitat estructural del mur i el seu entorn.<\/p>\n<figure id=\"attachment_2117\" aria-describedby=\"caption-attachment-2117\" style=\"width: 1600px\" class=\"wp-caption aligncenter\"><img decoding=\"async\" class=\"wp-image-2117 size-full\" src=\"https:\/\/breinco.com\/wp-content\/uploads\/2019\/12\/DSC00529.jpg\" alt=\"contenci\u00f3n\" width=\"1600\" height=\"1200\" \/><figcaption id=\"caption-attachment-2117\" class=\"wp-caption-text\">Pe\u00e7a AB Stones de Breinco<\/figcaption><\/figure>\n<h4>Connexi\u00f3 positiva<\/h4>\n<p>Un altre dels avantatges del sistema AB \u00e9s la connexi\u00f3 positiva entre les capes de geoxarxa i les peces. Aquesta connexi\u00f3 \u00e9s possible gr\u00e0cies al material granular (grava 12\/18) amb el qual omplirem les cavitats internes de les peces de fa\u00e7ana. Com m\u00e9s gran \u00e9s la superf\u00edcie de fricci\u00f3, la tensi\u00f3 es distribueix a m\u00e9s \u00e0rea. El mur de peces es converteix en la fa\u00e7ana i la massa del s\u00f2l refor\u00e7at amb geoxarxa, en l&#8217;estructura.<br \/>\n<img decoding=\"async\" class=\"aligncenter\" src=\"https:\/\/www.breinco.com\/breincosmartblog\/wp-content\/uploads\/2018\/10\/conexi%C3%B3n_rockblock.jpg\" alt=\"contenci\u00f3n\" width=\"516\" height=\"448\" \/>Aquest entrella\u00e7at entre la pe\u00e7a de fa\u00e7ana i la geoxarxa l&#8217;anomenem efecte \u00abrock-lock\u00bb i \u00e9s el millor sistema d&#8217;interconnexi\u00f3 del mercat.<\/p>\n<h2>2. Murs de gravetat<\/h2>\n<p><img loading=\"lazy\" decoding=\"async\" class=\"wp-image-2130 size-full aligncenter\" src=\"https:\/\/breinco.com\/wp-content\/uploads\/2019\/12\/muro-de-gravedad-AB.png\" alt=\"contenci\u00f3n\" width=\"786\" height=\"420\" \/><\/p>\n<p data-path-to-node=\"9,0,0\">Un mur de gravetat \u00e9s aquell que nom\u00e9s dep\u00e8n del seu pes per suportar el terreny que hi ha al darrere. La inclinaci\u00f3 del mur combinada amb la unitat de massa de les peces i el tipus de s\u00f2l del lloc de construcci\u00f3 determina l&#8217;altura m\u00e0xima d&#8217;un mur de gravetat.<\/p>\n<h2>3. Murs refor\u00e7ats amb geoxarxa<\/h2>\n<p data-path-to-node=\"9,1,0\">Quan l&#8217;altura definitiva del mur de contenci\u00f3 i les condicions dels terrenys excedeixin el potencial de gravetat s&#8217;integrar\u00e0 una geoxarxa de refor\u00e7 per proporcionar la solidesa addicional necess\u00e0ria. Per tant, els elements necessaris de qu\u00e8 consta un mur refor\u00e7at s\u00f3n pr\u00e0cticament els mateixos que un mur de gravetat, excepte la geoxarxa de refor\u00e7 i el tub de drenatge, elements fonamentals per assegurar l&#8217;estabilitat del mur i el seu entorn.<\/p>\n<p><img loading=\"lazy\" decoding=\"async\" class=\"wp-image-2131 size-full aligncenter\" src=\"https:\/\/breinco.com\/wp-content\/uploads\/2019\/12\/muro-reforzado.png\" alt=\"contenci\u00f3n\" width=\"777\" height=\"418\" \/><\/p>\n<h2>4. Servei t\u00e8cnic de disseny i instal\u00b7laci\u00f3<\/h2>\n<p>Des de 1990 disposem d&#8217;un Departament T\u00e8cnic amb el coneixement i l&#8217;experi\u00e8ncia per assessorar, calcular i construir murs estructuralment segurs. Breinco disposa d&#8217;un departament t\u00e8cnic orientat a assessorar en q\u00fcestions t\u00e8cniques i de viabilitat aix\u00ed com en dissenys preliminars de murs de contenci\u00f3. Disposem d&#8217;un programa de c\u00e0lcul amb detalls constructius per oferir solucions als vostres projectes. Per a qualsevol consulta poseu-vos en contacte amb el Sr. Jordi Buld\u00f3, Product Manager especialista en AB Retaining Walls de Breinco. <a href=\"mailto:jbuldo@breinco.com?Subject=Informaci\u00f3n%20muros%20Breinco\">Contactar amb Jordi Buld\u00f3<\/a><\/p>\n<figure id=\"attachment_2152\" aria-describedby=\"caption-attachment-2152\" style=\"width: 1280px\" class=\"wp-caption aligncenter\"><img loading=\"lazy\" decoding=\"async\" class=\"wp-image-2152 size-full\" src=\"https:\/\/www.breinco.com\/breincosmartblog\/wp-content\/uploads\/2019\/12\/01-disseny-de-la-secci\u00f3.jpg\" alt=\"contenci\u00f3n\" width=\"1280\" height=\"994\" \/><figcaption id=\"caption-attachment-2152\" class=\"wp-caption-text\">C\u00e0lcul de mur amb programari AB Walls<\/figcaption><\/figure>\n<p>Bibliografia: <a href=\"https:\/\/www.allanblock.es\/\">Allan Block Retaining walls<\/a> <a href=\"https:\/\/www.breinco.com\/es\/catalogos\/manual-muros-contencion\/\">Manual de dise\u00f1o de muros de tierra armada BREINCO<\/a><\/p>\n","protected":false},"excerpt":{"rendered":"<p>Retaining walls: murs de contenci\u00f3 flexibles, sostenibles, fiables i que s&#8217;integren en el paisatge.<\/p>\n","protected":false},"author":2,"featured_media":28610,"comment_status":"closed","ping_status":"open","sticky":false,"template":"","format":"standard","meta":{"_acf_changed":false,"footnotes":""},"categories":[868],"tags":[1347,1346,1348,855],"class_list":["post-23749","post","type-post","status-publish","format-standard","has-post-thumbnail","hentry","category-corporative","tag-flexible","tag-muro-de-contencion","tag-retaining-wall","tag-sostenibilidad"],"acf":[],"yoast_head":"<!-- This site is optimized with the Yoast SEO plugin v28.3 - https:\/\/yoast.com\/product\/yoast-seo-wordpress\/ -->\n<title>\u00bfQuins beneficis aporta un mur de contenci\u00f3 de terra armada? - Breinco<\/title>\n<meta name=\"robots\" content=\"index, follow, max-snippet:-1, max-image-preview:large, max-video-preview:-1\" \/>\n<link rel=\"canonical\" href=\"https:\/\/breinco.com\/ca\/breincosmartblog\/que-beneficios-aporta-un-muro-de-contencion-de-tierra-armada\/\" \/>\n<meta property=\"og:locale\" content=\"ca_ES\" \/>\n<meta property=\"og:type\" content=\"article\" \/>\n<meta property=\"og:title\" content=\"\u00bfQuins beneficis aporta un mur de contenci\u00f3 de terra armada? - Breinco\" \/>\n<meta property=\"og:description\" content=\"Retaining walls: murs de contenci\u00f3 flexibles, sostenibles, fiables i que s&#039;integren en el paisatge.\" \/>\n<meta property=\"og:url\" content=\"https:\/\/breinco.com\/ca\/breincosmartblog\/que-beneficios-aporta-un-muro-de-contencion-de-tierra-armada\/\" \/>\n<meta property=\"og:site_name\" content=\"Breinco\" \/>\n<meta property=\"article:publisher\" content=\"https:\/\/www.facebook.com\/breincosmart\/\" \/>\n<meta property=\"article:published_time\" content=\"2019-12-17T09:59:58+00:00\" \/>\n<meta property=\"article:modified_time\" content=\"2026-08-26T07:33:08+00:00\" \/>\n<meta property=\"og:image\" content=\"https:\/\/breinco.com\/wp-content\/uploads\/2019\/12\/Abthree-street-grey-nacional-girona-scaled.jpg\" \/>\n\t<meta property=\"og:image:width\" content=\"2560\" \/>\n\t<meta property=\"og:image:height\" content=\"1920\" \/>\n\t<meta property=\"og:image:type\" content=\"image\/jpeg\" \/>\n<meta name=\"author\" content=\"breinco\" \/>\n<meta name=\"twitter:card\" content=\"summary_large_image\" \/>\n<meta name=\"twitter:creator\" content=\"@breincoGroup\" \/>\n<meta name=\"twitter:site\" content=\"@breincoGroup\" \/>\n<meta name=\"twitter:label1\" content=\"Escrit per\" \/>\n\t<meta name=\"twitter:data1\" content=\"breinco\" \/>\n\t<meta name=\"twitter:label2\" content=\"Temps estimat de lectura\" \/>\n\t<meta name=\"twitter:data2\" content=\"5 minuts\" \/>\n<script type=\"application\/ld+json\" class=\"yoast-schema-graph\">{\"@context\":\"https:\\\/\\\/schema.org\",\"@graph\":[{\"@type\":\"Article\",\"@id\":\"https:\\\/\\\/breinco.com\\\/ca\\\/breincosmartblog\\\/que-beneficios-aporta-un-muro-de-contencion-de-tierra-armada\\\/#article\",\"isPartOf\":{\"@id\":\"https:\\\/\\\/breinco.com\\\/ca\\\/breincosmartblog\\\/que-beneficios-aporta-un-muro-de-contencion-de-tierra-armada\\\/\"},\"author\":{\"name\":\"breinco\",\"@id\":\"https:\\\/\\\/breinco.com\\\/ca\\\/#\\\/schema\\\/person\\\/76934c343eed792c0e9b8dd8c0f6b3cd\"},\"headline\":\"\u00bfQuins beneficis aporta un mur de contenci\u00f3 de terra armada?\",\"datePublished\":\"2019-12-17T09:59:58+00:00\",\"dateModified\":\"2026-08-26T07:33:08+00:00\",\"mainEntityOfPage\":{\"@id\":\"https:\\\/\\\/breinco.com\\\/ca\\\/breincosmartblog\\\/que-beneficios-aporta-un-muro-de-contencion-de-tierra-armada\\\/\"},\"wordCount\":780,\"publisher\":{\"@id\":\"https:\\\/\\\/breinco.com\\\/ca\\\/#organization\"},\"image\":{\"@id\":\"https:\\\/\\\/breinco.com\\\/ca\\\/breincosmartblog\\\/que-beneficios-aporta-un-muro-de-contencion-de-tierra-armada\\\/#primaryimage\"},\"thumbnailUrl\":\"https:\\\/\\\/breinco.com\\\/wp-content\\\/uploads\\\/2019\\\/12\\\/Abthree-street-grey-nacional-girona-scaled.jpg\",\"keywords\":[\"flexible\",\"muro de contenci\u00f3n\",\"retaining wall\",\"sostenibilidad\"],\"articleSection\":[\"Corporative\"],\"inLanguage\":\"ca\"},{\"@type\":\"WebPage\",\"@id\":\"https:\\\/\\\/breinco.com\\\/ca\\\/breincosmartblog\\\/que-beneficios-aporta-un-muro-de-contencion-de-tierra-armada\\\/\",\"url\":\"https:\\\/\\\/breinco.com\\\/ca\\\/breincosmartblog\\\/que-beneficios-aporta-un-muro-de-contencion-de-tierra-armada\\\/\",\"name\":\"\u00bfQuins beneficis aporta un mur de contenci\u00f3 de terra armada? - Breinco\",\"isPartOf\":{\"@id\":\"https:\\\/\\\/breinco.com\\\/ca\\\/#website\"},\"primaryImageOfPage\":{\"@id\":\"https:\\\/\\\/breinco.com\\\/ca\\\/breincosmartblog\\\/que-beneficios-aporta-un-muro-de-contencion-de-tierra-armada\\\/#primaryimage\"},\"image\":{\"@id\":\"https:\\\/\\\/breinco.com\\\/ca\\\/breincosmartblog\\\/que-beneficios-aporta-un-muro-de-contencion-de-tierra-armada\\\/#primaryimage\"},\"thumbnailUrl\":\"https:\\\/\\\/breinco.com\\\/wp-content\\\/uploads\\\/2019\\\/12\\\/Abthree-street-grey-nacional-girona-scaled.jpg\",\"datePublished\":\"2019-12-17T09:59:58+00:00\",\"dateModified\":\"2026-08-26T07:33:08+00:00\",\"breadcrumb\":{\"@id\":\"https:\\\/\\\/breinco.com\\\/ca\\\/breincosmartblog\\\/que-beneficios-aporta-un-muro-de-contencion-de-tierra-armada\\\/#breadcrumb\"},\"inLanguage\":\"ca\",\"potentialAction\":[{\"@type\":\"ReadAction\",\"target\":[\"https:\\\/\\\/breinco.com\\\/ca\\\/breincosmartblog\\\/que-beneficios-aporta-un-muro-de-contencion-de-tierra-armada\\\/\"]}]},{\"@type\":\"ImageObject\",\"inLanguage\":\"ca\",\"@id\":\"https:\\\/\\\/breinco.com\\\/ca\\\/breincosmartblog\\\/que-beneficios-aporta-un-muro-de-contencion-de-tierra-armada\\\/#primaryimage\",\"url\":\"https:\\\/\\\/breinco.com\\\/wp-content\\\/uploads\\\/2019\\\/12\\\/Abthree-street-grey-nacional-girona-scaled.jpg\",\"contentUrl\":\"https:\\\/\\\/breinco.com\\\/wp-content\\\/uploads\\\/2019\\\/12\\\/Abthree-street-grey-nacional-girona-scaled.jpg\",\"width\":2560,\"height\":1920,\"caption\":\"contenci\u00f3n\"},{\"@type\":\"BreadcrumbList\",\"@id\":\"https:\\\/\\\/breinco.com\\\/ca\\\/breincosmartblog\\\/que-beneficios-aporta-un-muro-de-contencion-de-tierra-armada\\\/#breadcrumb\",\"itemListElement\":[{\"@type\":\"ListItem\",\"position\":1,\"name\":\"Portada\",\"item\":\"https:\\\/\\\/breinco.com\\\/ca\\\/\"},{\"@type\":\"ListItem\",\"position\":2,\"name\":\"\u00bfQuins beneficis aporta un mur de contenci\u00f3 de terra armada?\"}]},{\"@type\":\"WebSite\",\"@id\":\"https:\\\/\\\/breinco.com\\\/ca\\\/#website\",\"url\":\"https:\\\/\\\/breinco.com\\\/ca\\\/\",\"name\":\"Breinco\",\"description\":\"\",\"publisher\":{\"@id\":\"https:\\\/\\\/breinco.com\\\/ca\\\/#organization\"},\"alternateName\":\"Urban Furniture, Architecture and Landscaping\",\"potentialAction\":[{\"@type\":\"SearchAction\",\"target\":{\"@type\":\"EntryPoint\",\"urlTemplate\":\"https:\\\/\\\/breinco.com\\\/ca\\\/?s={search_term_string}\"},\"query-input\":{\"@type\":\"PropertyValueSpecification\",\"valueRequired\":true,\"valueName\":\"search_term_string\"}}],\"inLanguage\":\"ca\"},{\"@type\":\"Organization\",\"@id\":\"https:\\\/\\\/breinco.com\\\/ca\\\/#organization\",\"name\":\"Breinco\",\"url\":\"https:\\\/\\\/breinco.com\\\/ca\\\/\",\"logo\":{\"@type\":\"ImageObject\",\"inLanguage\":\"ca\",\"@id\":\"https:\\\/\\\/breinco.com\\\/ca\\\/#\\\/schema\\\/logo\\\/image\\\/\",\"url\":\"https:\\\/\\\/breinco.com\\\/wp-content\\\/uploads\\\/2025\\\/04\\\/breinco-brand.svg\",\"contentUrl\":\"https:\\\/\\\/breinco.com\\\/wp-content\\\/uploads\\\/2025\\\/04\\\/breinco-brand.svg\",\"width\":26,\"height\":58,\"caption\":\"Breinco\"},\"image\":{\"@id\":\"https:\\\/\\\/breinco.com\\\/ca\\\/#\\\/schema\\\/logo\\\/image\\\/\"},\"sameAs\":[\"https:\\\/\\\/www.facebook.com\\\/breincosmart\\\/\",\"https:\\\/\\\/x.com\\\/breincoGroup\",\"https:\\\/\\\/www.instagram.com\\\/breinco\\\/\",\"https:\\\/\\\/www.linkedin.com\\\/company\\\/breinco-esp\\\/\"]},{\"@type\":\"Person\",\"@id\":\"https:\\\/\\\/breinco.com\\\/ca\\\/#\\\/schema\\\/person\\\/76934c343eed792c0e9b8dd8c0f6b3cd\",\"name\":\"breinco\"}]}<\/script>\n<!-- \/ Yoast SEO plugin. -->","yoast_head_json":{"title":"\u00bfQuins beneficis aporta un mur de contenci\u00f3 de terra armada? - Breinco","robots":{"index":"index","follow":"follow","max-snippet":"max-snippet:-1","max-image-preview":"max-image-preview:large","max-video-preview":"max-video-preview:-1"},"canonical":"https:\/\/breinco.com\/ca\/breincosmartblog\/que-beneficios-aporta-un-muro-de-contencion-de-tierra-armada\/","og_locale":"ca_ES","og_type":"article","og_title":"\u00bfQuins beneficis aporta un mur de contenci\u00f3 de terra armada? - Breinco","og_description":"Retaining walls: murs de contenci\u00f3 flexibles, sostenibles, fiables i que s'integren en el paisatge.","og_url":"https:\/\/breinco.com\/ca\/breincosmartblog\/que-beneficios-aporta-un-muro-de-contencion-de-tierra-armada\/","og_site_name":"Breinco","article_publisher":"https:\/\/www.facebook.com\/breincosmart\/","article_published_time":"2019-12-17T09:59:58+00:00","article_modified_time":"2026-08-26T07:33:08+00:00","og_image":[{"width":2560,"height":1920,"url":"https:\/\/breinco.com\/wp-content\/uploads\/2019\/12\/Abthree-street-grey-nacional-girona-scaled.jpg","type":"image\/jpeg"}],"author":"breinco","twitter_card":"summary_large_image","twitter_creator":"@breincoGroup","twitter_site":"@breincoGroup","twitter_misc":{"Escrit per":"breinco","Temps estimat de lectura":"5 minuts"},"schema":{"@context":"https:\/\/schema.org","@graph":[{"@type":"Article","@id":"https:\/\/breinco.com\/ca\/breincosmartblog\/que-beneficios-aporta-un-muro-de-contencion-de-tierra-armada\/#article","isPartOf":{"@id":"https:\/\/breinco.com\/ca\/breincosmartblog\/que-beneficios-aporta-un-muro-de-contencion-de-tierra-armada\/"},"author":{"name":"breinco","@id":"https:\/\/breinco.com\/ca\/#\/schema\/person\/76934c343eed792c0e9b8dd8c0f6b3cd"},"headline":"\u00bfQuins beneficis aporta un mur de contenci\u00f3 de terra armada?","datePublished":"2019-12-17T09:59:58+00:00","dateModified":"2026-08-26T07:33:08+00:00","mainEntityOfPage":{"@id":"https:\/\/breinco.com\/ca\/breincosmartblog\/que-beneficios-aporta-un-muro-de-contencion-de-tierra-armada\/"},"wordCount":780,"publisher":{"@id":"https:\/\/breinco.com\/ca\/#organization"},"image":{"@id":"https:\/\/breinco.com\/ca\/breincosmartblog\/que-beneficios-aporta-un-muro-de-contencion-de-tierra-armada\/#primaryimage"},"thumbnailUrl":"https:\/\/breinco.com\/wp-content\/uploads\/2019\/12\/Abthree-street-grey-nacional-girona-scaled.jpg","keywords":["flexible","muro de contenci\u00f3n","retaining wall","sostenibilidad"],"articleSection":["Corporative"],"inLanguage":"ca"},{"@type":"WebPage","@id":"https:\/\/breinco.com\/ca\/breincosmartblog\/que-beneficios-aporta-un-muro-de-contencion-de-tierra-armada\/","url":"https:\/\/breinco.com\/ca\/breincosmartblog\/que-beneficios-aporta-un-muro-de-contencion-de-tierra-armada\/","name":"\u00bfQuins beneficis aporta un mur de contenci\u00f3 de terra armada? - Breinco","isPartOf":{"@id":"https:\/\/breinco.com\/ca\/#website"},"primaryImageOfPage":{"@id":"https:\/\/breinco.com\/ca\/breincosmartblog\/que-beneficios-aporta-un-muro-de-contencion-de-tierra-armada\/#primaryimage"},"image":{"@id":"https:\/\/breinco.com\/ca\/breincosmartblog\/que-beneficios-aporta-un-muro-de-contencion-de-tierra-armada\/#primaryimage"},"thumbnailUrl":"https:\/\/breinco.com\/wp-content\/uploads\/2019\/12\/Abthree-street-grey-nacional-girona-scaled.jpg","datePublished":"2019-12-17T09:59:58+00:00","dateModified":"2026-08-26T07:33:08+00:00","breadcrumb":{"@id":"https:\/\/breinco.com\/ca\/breincosmartblog\/que-beneficios-aporta-un-muro-de-contencion-de-tierra-armada\/#breadcrumb"},"inLanguage":"ca","potentialAction":[{"@type":"ReadAction","target":["https:\/\/breinco.com\/ca\/breincosmartblog\/que-beneficios-aporta-un-muro-de-contencion-de-tierra-armada\/"]}]},{"@type":"ImageObject","inLanguage":"ca","@id":"https:\/\/breinco.com\/ca\/breincosmartblog\/que-beneficios-aporta-un-muro-de-contencion-de-tierra-armada\/#primaryimage","url":"https:\/\/breinco.com\/wp-content\/uploads\/2019\/12\/Abthree-street-grey-nacional-girona-scaled.jpg","contentUrl":"https:\/\/breinco.com\/wp-content\/uploads\/2019\/12\/Abthree-street-grey-nacional-girona-scaled.jpg","width":2560,"height":1920,"caption":"contenci\u00f3n"},{"@type":"BreadcrumbList","@id":"https:\/\/breinco.com\/ca\/breincosmartblog\/que-beneficios-aporta-un-muro-de-contencion-de-tierra-armada\/#breadcrumb","itemListElement":[{"@type":"ListItem","position":1,"name":"Portada","item":"https:\/\/breinco.com\/ca\/"},{"@type":"ListItem","position":2,"name":"\u00bfQuins beneficis aporta un mur de contenci\u00f3 de terra armada?"}]},{"@type":"WebSite","@id":"https:\/\/breinco.com\/ca\/#website","url":"https:\/\/breinco.com\/ca\/","name":"Breinco","description":"","publisher":{"@id":"https:\/\/breinco.com\/ca\/#organization"},"alternateName":"Urban Furniture, Architecture and Landscaping","potentialAction":[{"@type":"SearchAction","target":{"@type":"EntryPoint","urlTemplate":"https:\/\/breinco.com\/ca\/?s={search_term_string}"},"query-input":{"@type":"PropertyValueSpecification","valueRequired":true,"valueName":"search_term_string"}}],"inLanguage":"ca"},{"@type":"Organization","@id":"https:\/\/breinco.com\/ca\/#organization","name":"Breinco","url":"https:\/\/breinco.com\/ca\/","logo":{"@type":"ImageObject","inLanguage":"ca","@id":"https:\/\/breinco.com\/ca\/#\/schema\/logo\/image\/","url":"https:\/\/breinco.com\/wp-content\/uploads\/2025\/04\/breinco-brand.svg","contentUrl":"https:\/\/breinco.com\/wp-content\/uploads\/2025\/04\/breinco-brand.svg","width":26,"height":58,"caption":"Breinco"},"image":{"@id":"https:\/\/breinco.com\/ca\/#\/schema\/logo\/image\/"},"sameAs":["https:\/\/www.facebook.com\/breincosmart\/","https:\/\/x.com\/breincoGroup","https:\/\/www.instagram.com\/breinco\/","https:\/\/www.linkedin.com\/company\/breinco-esp\/"]},{"@type":"Person","@id":"https:\/\/breinco.com\/ca\/#\/schema\/person\/76934c343eed792c0e9b8dd8c0f6b3cd","name":"breinco"}]}},"_links":{"self":[{"href":"https:\/\/breinco.com\/ca\/wp-json\/wp\/v2\/posts\/23749","targetHints":{"allow":["GET"]}}],"collection":[{"href":"https:\/\/breinco.com\/ca\/wp-json\/wp\/v2\/posts"}],"about":[{"href":"https:\/\/breinco.com\/ca\/wp-json\/wp\/v2\/types\/post"}],"author":[{"embeddable":true,"href":"https:\/\/breinco.com\/ca\/wp-json\/wp\/v2\/users\/2"}],"replies":[{"embeddable":true,"href":"https:\/\/breinco.com\/ca\/wp-json\/wp\/v2\/comments?post=23749"}],"version-history":[{"count":2,"href":"https:\/\/breinco.com\/ca\/wp-json\/wp\/v2\/posts\/23749\/revisions"}],"predecessor-version":[{"id":28613,"href":"https:\/\/breinco.com\/ca\/wp-json\/wp\/v2\/posts\/23749\/revisions\/28613"}],"wp:featuredmedia":[{"embeddable":true,"href":"https:\/\/breinco.com\/ca\/wp-json\/wp\/v2\/media\/28610"}],"wp:attachment":[{"href":"https:\/\/breinco.com\/ca\/wp-json\/wp\/v2\/media?parent=23749"}],"wp:term":[{"taxonomy":"category","embeddable":true,"href":"https:\/\/breinco.com\/ca\/wp-json\/wp\/v2\/categories?post=23749"},{"taxonomy":"post_tag","embeddable":true,"href":"https:\/\/breinco.com\/ca\/wp-json\/wp\/v2\/tags?post=23749"}],"curies":[{"name":"wp","href":"https:\/\/api.w.org\/{rel}","templated":true}]}}