{"id":23753,"date":"2021-02-19T08:27:21","date_gmt":"2021-02-19T07:27:21","guid":{"rendered":"https:\/\/breinco.com\/breincosmartblog\/remodelacion-del-skatepark-del-monte-tossal-alicante\/"},"modified":"2026-08-28T12:29:36","modified_gmt":"2026-08-28T10:29:36","slug":"remodelacion-del-skatepark-del-monte-tossal-alicante","status":"publish","type":"post","link":"https:\/\/breinco.com\/ca\/breincosmartblog\/remodelacion-del-skatepark-del-monte-tossal-alicante\/","title":{"rendered":"Remodelaci\u00f3 de l&#8217;Skatepark del Monte Tossal (Alacant)"},"content":{"rendered":"<p>L&#8217;Skatepark del Mont Tossal (Alacant) ha incrementat la seva superf\u00edcie d&#8217;\u00e0rea patinable de 1.200 m\u00b2 a 2.700 m\u00b2. S&#8217;ha actualitzat el paviment de l&#8217;\u00e0rea de vianants i el mobiliari de l&#8217;arbrat urb\u00e0. A m\u00e9s, s&#8217;han renovat les zones de l&#8217;skatepark que presentaven un alt grau de deteriorament.<\/p>\n<figure id=\"attachment_2409\" aria-describedby=\"caption-attachment-2409\" style=\"width: 1024px\" class=\"wp-caption aligncenter\"><img fetchpriority=\"high\" decoding=\"async\" class=\"wp-image-2409 size-large\" src=\"https:\/\/breinco.com\/wp-content\/uploads\/2021\/02\/proyectos-Tossal-Alicante-09-DANIEL_YABAR_Arquitecto.jpg\" alt=\"Skatepark, losa, llosa, pavimento, adoqu\u00edn, adoquines\" width=\"1024\" height=\"907\" \/><figcaption id=\"caption-attachment-2409\" class=\"wp-caption-text\">Skatepark Monte Tossal. Arquitecte Daniel Yabar | Fotografia Germ\u00e1n Cabo<\/figcaption><\/figure>\n<p><strong>Lloc:<\/strong> Monte Tossal, Alacant. <strong>Direcci\u00f3 d&#8217;obra i de projecte:<\/strong> Ricardo Castro i Fernando Ochando Servei d&#8217;Estudis, Projectes i Viari \u2013 Regidoria d&#8217;Urbanisme \u2013 Ajuntament d&#8217;Alacant El projecte i assist\u00e8ncia t\u00e8cnica de Daniel Y\u00e1bar arquitecte <strong>Empresa que va executar l&#8217;obra:<\/strong> NERCO Infraestructures Arquitecte: Daniel Y\u00e1bar <strong>Any:<\/strong> 2020<strong> Superf\u00edcie:<\/strong> 2700 m\u00b2 <strong>Fotografies:<\/strong> Germ\u00e1n <strong>Paviment:<\/strong><\/p>\n<ul>\n<li>Llosa Vulcano 60 x 40 x 5 cm<\/li>\n<li>Llamborda Terana\u00ae six 20 x 10 x 6cm<\/li>\n<li>Esgla\u00f3 Superstep\u00ae 60 x 40 x 15 cm<\/li>\n<\/ul>\n<p><strong>Tecnologia de fabricaci\u00f3 paviment:<\/strong> Dry Cast\u00ae<\/p>\n<figure id=\"attachment_2437\" aria-describedby=\"caption-attachment-2437\" style=\"width: 2280px\" class=\"wp-caption aligncenter\"><img decoding=\"async\" class=\"wp-image-2437 size-full\" src=\"https:\/\/breinco.com\/wp-content\/uploads\/2021\/02\/proyectos-Tossal-Alicante-02-DANIEL_YABAR_Arquitecto.jpg\" alt=\"Skatepark, losa, llosa, pavimento, adoqu\u00edn, adoquines\" width=\"2280\" height=\"1520\" \/><figcaption id=\"caption-attachment-2437\" class=\"wp-caption-text\">Skatepark Monte Tossal. Arquitecte Daniel Yabar | Fotografia Germ\u00e1n Cabo<\/figcaption><\/figure>\n<h2>L&#8217;antic skatepark del Monte Tossal<\/h2>\n<p>El parc del Monte Tossal \u00e9s un parc urb\u00e0 de la ciutat d&#8217;Alacant. Est\u00e0 ubicat de ple al centre de la ciutat, al costat del castell de Sant Ferran. Entre les m\u00faltiples instal\u00b7lacions esportives del parc, trobem l&#8217;skatepark, que data de la d\u00e8cada dels 90. L&#8217;antic skatepark es configurava en diverses terrasses amb dos elements independents: el bowl i el halfpipe. Al voltant de l&#8217;skatepark es disposa una \u00e0rea de vianants que connecta aquestes terrasses.<\/p>\n<h2>Modificacions espec\u00edfiques a les instal\u00b7lacions de l&#8217;skatepark<\/h2>\n<p>Rehabilitaci\u00f3 de rampes, proteccions met\u00e0l\u00b7liques i nous obstacles: aquestes han estat les principals modificacions que ha rebut el nou skatepark. Aix\u00ed mateix, s&#8217;han millorat els passos als diferents nivells de l&#8217;skatepark, ja que garantiran les condicions d&#8217;accessibilitat per a tota mena d&#8217;usuaris i acompanyants. El projecte tamb\u00e9 ha incl\u00f2s la renovaci\u00f3 del <strong>paviment<\/strong>, del mobiliari i de l&#8217;arbrat urb\u00e0. De la mateixa manera, <span class=\"citation-558 citation-end-558\">destaquen altres actuacions d&#8217;urbanisme inclusiu com:<\/span><\/p>\n<ul>\n<li data-path-to-node=\"3,0,0\"><span class=\"citation-557 citation-end-557\">La reordenaci\u00f3 de les \u00e0rees d&#8217;estada<\/span><\/li>\n<li data-path-to-node=\"3,1,0\"><span class=\"citation-556 citation-end-556\">La construcci\u00f3 d&#8217;un mirador elevat<\/span><\/li>\n<li data-path-to-node=\"3,2,0\"><span class=\"citation-555 citation-end-555\">La creaci\u00f3 de noves zones d&#8217;ombra mitjan\u00e7ant la instal\u00b7laci\u00f3 de p\u00e8rgo<\/span>les<\/li>\n<li data-path-to-node=\"3,3,0\">La generaci\u00f3 d&#8217;un itinerari accessible des del carrer de l&#8217;Escultor Ba\u00f1uls<\/li>\n<\/ul>\n<p>&nbsp;<\/p>\n<figure id=\"attachment_2411\" aria-describedby=\"caption-attachment-2411\" style=\"width: 2280px\" class=\"wp-caption aligncenter\"><img decoding=\"async\" class=\"wp-image-2411 size-full\" src=\"https:\/\/breinco.com\/wp-content\/uploads\/2021\/02\/proyectos-Tossal-Alicante-03-DANIEL_YABAR_Arquitecto.jpg\" alt=\"Skatepark, losa, llosa, pavimento, adoqu\u00edn, adoquines\" width=\"2280\" height=\"1080\" \/><figcaption id=\"caption-attachment-2411\" class=\"wp-caption-text\">Skatepark Monte Tossal. Arquitecte Daniel Yabar | Fotografia Germ\u00e1n Cabo<\/figcaption><\/figure>\n<h2>Materials utilitzats per a la remodelaci\u00f3 de l&#8217;Skatepark<\/h2>\n<h4><\/h4>\n<h4><strong>Llosa Vulcano\u00a060 x 40 x 5 cm<\/strong><\/h4>\n<figure id=\"attachment_2431\" aria-describedby=\"caption-attachment-2431\" style=\"width: 293px\" class=\"wp-caption alignright\"><a href=\"https:\/\/www.breinco.com\/es\/pavimentos-de-exterior\/losas\/llosa-vulcano-lloses\/?medida=2\" target=\"_blank\" rel=\"noopener\"><img loading=\"lazy\" decoding=\"async\" class=\"wp-image-2431 size-full\" title=\"Llosa Vulcano\" src=\"https:\/\/breinco.com\/wp-content\/uploads\/2021\/02\/llosa-vulcano2.jpg\" alt=\"losa, llosa, pavimento\" width=\"293\" height=\"176\" \/><\/a><figcaption id=\"caption-attachment-2431\" class=\"wp-caption-text\">Llosa Vulcano<\/figcaption><\/figure>\n<p>Una llosa crom\u00e0tica per pavimentar aquells llocs on el gris urb\u00e0 no t\u00e9 ra\u00f3 de ser. Una llosa acuradament estudiada que ens permet garantir una pe\u00e7a d&#8217;una duresa singular i un colorit estable davant el pas del temps. La LLOSA VULCANO \u00e9s adequada per pavimentar superf\u00edcies destinades a places p\u00fabliques, voreres i accessos a edificis: zones de vianants o de tr\u00e0nsit ocasional de vehicles lleugers, sempre amb un gruix i una col\u00b7locaci\u00f3 de les peces adequades.<\/p>\n<h4><\/h4>\n<h4><\/h4>\n<h4><\/h4>\n<h4><strong>Llamborda Terana\u00ae Six 20 x 10 x 6cm<\/strong><\/h4>\n<figure id=\"attachment_2417\" aria-describedby=\"caption-attachment-2417\" style=\"width: 300px\" class=\"wp-caption alignright\"><a href=\"https:\/\/www.breinco.com\/es\/pavimentos-de-exterior\/adoquines\/terana-six\/\" target=\"_blank\" rel=\"noopener\"><img loading=\"lazy\" decoding=\"async\" class=\"wp-image-2417 size-medium\" title=\"terana\u00ae six\" src=\"https:\/\/breinco.com\/wp-content\/uploads\/2021\/02\/terana-six.jpg\" alt=\"losa, llosa, pavimento\" width=\"300\" height=\"171\" \/><\/a><figcaption id=\"caption-attachment-2417\" class=\"wp-caption-text\">Llamborda Terana\u00ae Six<\/figcaption><\/figure>\n<p>La <strong>llamborda Terana\u00ae six <\/strong>\u00e9s la combinaci\u00f3 perfecta d&#8217;una llamborda rectangular amb un acabat r\u00fastic d&#8217;alta qualitat decorativa com \u00e9s el TEGULA \/ TERANA. El TEGULA \/ TERANA SIX \u00e9s ideal per a camins d&#8217;entrada als habitatges, passejos i patis on les c\u00e0rregues de tr\u00e0nsit no siguin importants. La combinaci\u00f3 de colors suaus i la disposici\u00f3 a 90\u00ba li aporta una perfecta aparen\u00e7a tradicional.<\/p>\n<h4><\/h4>\n<h4><\/h4>\n<h4><strong>SUPERSTEP<\/strong><strong>\u00ae\u00a060 x 40 x 15 cm<\/strong><\/h4>\n<figure id=\"attachment_2421\" aria-describedby=\"caption-attachment-2421\" style=\"width: 300px\" class=\"wp-caption alignright\"><a href=\"https:\/\/www.breinco.com\/es\/urbanizacion\/escalones\/superstep\/\" target=\"_blank\" rel=\"noopener\"><img loading=\"lazy\" decoding=\"async\" class=\"wp-image-2421 size-medium\" title=\"Escalon Superstep\" src=\"https:\/\/breinco.com\/wp-content\/uploads\/2021\/02\/superstep.jpg\" alt=\"losa, llosa, pavimento\" width=\"300\" height=\"163\" \/><\/a><figcaption id=\"caption-attachment-2421\" class=\"wp-caption-text\">Esgla\u00f3 Superstep<\/figcaption><\/figure>\n<p>L&#8217;esgla\u00f3 <strong>SUPERSTEP<\/strong> \u00e9s una pe\u00e7a monol\u00edtica amb un petit bisell de 0,70 cm, ideal per a escales en parcs, zones comunes i comercials. \u00c9s un producte decoratiu i funcional. La pe\u00e7a SUPERSTEP t\u00e9 una superf\u00edcie llisa vista que aporta color a l&#8217;escala formant graons amb una petjada c\u00f2moda de 40 cm i una contrapetjada de 15 cm. Est\u00e0 fabricat amb formig\u00f3 d&#8217;alta qualitat, amb una gran durabilitat i sense necessitat de manteniment posterior.<\/p>\n<h2>Bibliografia:<\/h2>\n<p><a href=\"https:\/\/danielyabar.com\/\" target=\"_blank\" rel=\"noopener\">Daniel Yabar<\/a> <a href=\"https:\/\/www.alicante.es\/es\/noticias\/ayuntamiento-invierte-mas-400000-eu-rehabilitar-y-modernizar-skatepark\" target=\"_blank\" rel=\"noopener\">Ayuntamiento de Alicante<\/a><\/p>\n","protected":false},"excerpt":{"rendered":"<p>Breinco ha col\u00b7laborat en la renovaci\u00f3 de l&#8217;skatepark del Mont Tossal, creant una nova pell de formig\u00f3 que fa compatible l&#8217;\u00fas per als vianants amb el dels patinadors.<\/p>\n","protected":false},"author":2,"featured_media":23754,"comment_status":"closed","ping_status":"open","sticky":false,"template":"","format":"standard","meta":{"_acf_changed":false,"footnotes":""},"categories":[854],"tags":[1211,1352,1200,1353,1273,1354],"class_list":["post-23753","post","type-post","status-publish","format-standard","has-post-thumbnail","hentry","category-projects","tag-adoquin","tag-alicante","tag-losa","tag-monte-tossal","tag-pavimento","tag-skatepark"],"acf":[],"yoast_head":"<!-- This site is optimized with the Yoast SEO plugin v28.3 - https:\/\/yoast.com\/product\/yoast-seo-wordpress\/ -->\n<title>Remodelaci\u00f3 de l&#039;Skatepark del Monte Tossal (Alacant) - Breinco<\/title>\n<meta name=\"robots\" content=\"index, follow, max-snippet:-1, max-image-preview:large, max-video-preview:-1\" \/>\n<link rel=\"canonical\" href=\"https:\/\/breinco.com\/ca\/breincosmartblog\/remodelacion-del-skatepark-del-monte-tossal-alicante\/\" \/>\n<meta property=\"og:locale\" content=\"ca_ES\" \/>\n<meta property=\"og:type\" content=\"article\" \/>\n<meta property=\"og:title\" content=\"Remodelaci\u00f3 de l&#039;Skatepark del Monte Tossal (Alacant) - Breinco\" \/>\n<meta property=\"og:description\" content=\"Breinco ha col\u00b7laborat en la renovaci\u00f3 de l&#039;skatepark del Mont Tossal, creant una nova pell de formig\u00f3 que fa compatible l&#039;\u00fas per als vianants amb el dels patinadors.\" \/>\n<meta property=\"og:url\" content=\"https:\/\/breinco.com\/ca\/breincosmartblog\/remodelacion-del-skatepark-del-monte-tossal-alicante\/\" \/>\n<meta property=\"og:site_name\" content=\"Breinco\" \/>\n<meta property=\"article:publisher\" content=\"https:\/\/www.facebook.com\/breincosmart\/\" \/>\n<meta property=\"article:published_time\" content=\"2021-02-19T07:27:21+00:00\" \/>\n<meta property=\"article:modified_time\" content=\"2026-08-28T10:29:36+00:00\" \/>\n<meta property=\"og:image\" content=\"https:\/\/breinco.com\/wp-content\/uploads\/2021\/02\/proyectos-Tossal-Alicante-10-DANIEL_YABAR_Arquitecto.jpg\" \/>\n\t<meta property=\"og:image:width\" content=\"2280\" \/>\n\t<meta property=\"og:image:height\" content=\"1200\" \/>\n\t<meta property=\"og:image:type\" content=\"image\/jpeg\" \/>\n<meta name=\"author\" content=\"breinco\" \/>\n<meta name=\"twitter:card\" content=\"summary_large_image\" \/>\n<meta name=\"twitter:creator\" content=\"@breincoGroup\" \/>\n<meta name=\"twitter:site\" content=\"@breincoGroup\" \/>\n<meta name=\"twitter:label1\" content=\"Escrit per\" \/>\n\t<meta name=\"twitter:data1\" content=\"breinco\" \/>\n\t<meta name=\"twitter:label2\" content=\"Temps estimat de lectura\" \/>\n\t<meta name=\"twitter:data2\" content=\"5 minuts\" \/>\n<script type=\"application\/ld+json\" class=\"yoast-schema-graph\">{\"@context\":\"https:\\\/\\\/schema.org\",\"@graph\":[{\"@type\":\"Article\",\"@id\":\"https:\\\/\\\/breinco.com\\\/ca\\\/breincosmartblog\\\/remodelacion-del-skatepark-del-monte-tossal-alicante\\\/#article\",\"isPartOf\":{\"@id\":\"https:\\\/\\\/breinco.com\\\/ca\\\/breincosmartblog\\\/remodelacion-del-skatepark-del-monte-tossal-alicante\\\/\"},\"author\":{\"name\":\"breinco\",\"@id\":\"https:\\\/\\\/breinco.com\\\/ca\\\/#\\\/schema\\\/person\\\/76934c343eed792c0e9b8dd8c0f6b3cd\"},\"headline\":\"Remodelaci\u00f3 de l&#8217;Skatepark del Monte Tossal (Alacant)\",\"datePublished\":\"2021-02-19T07:27:21+00:00\",\"dateModified\":\"2026-08-28T10:29:36+00:00\",\"mainEntityOfPage\":{\"@id\":\"https:\\\/\\\/breinco.com\\\/ca\\\/breincosmartblog\\\/remodelacion-del-skatepark-del-monte-tossal-alicante\\\/\"},\"wordCount\":699,\"publisher\":{\"@id\":\"https:\\\/\\\/breinco.com\\\/ca\\\/#organization\"},\"image\":{\"@id\":\"https:\\\/\\\/breinco.com\\\/ca\\\/breincosmartblog\\\/remodelacion-del-skatepark-del-monte-tossal-alicante\\\/#primaryimage\"},\"thumbnailUrl\":\"https:\\\/\\\/breinco.com\\\/wp-content\\\/uploads\\\/2021\\\/02\\\/proyectos-Tossal-Alicante-10-DANIEL_YABAR_Arquitecto.jpg\",\"keywords\":[\"adoquin\",\"alicante\",\"losa\",\"monte tossal\",\"pavimento\",\"skatepark\"],\"articleSection\":[\"Projects\"],\"inLanguage\":\"ca\"},{\"@type\":\"WebPage\",\"@id\":\"https:\\\/\\\/breinco.com\\\/ca\\\/breincosmartblog\\\/remodelacion-del-skatepark-del-monte-tossal-alicante\\\/\",\"url\":\"https:\\\/\\\/breinco.com\\\/ca\\\/breincosmartblog\\\/remodelacion-del-skatepark-del-monte-tossal-alicante\\\/\",\"name\":\"Remodelaci\u00f3 de l'Skatepark del Monte Tossal (Alacant) - Breinco\",\"isPartOf\":{\"@id\":\"https:\\\/\\\/breinco.com\\\/ca\\\/#website\"},\"primaryImageOfPage\":{\"@id\":\"https:\\\/\\\/breinco.com\\\/ca\\\/breincosmartblog\\\/remodelacion-del-skatepark-del-monte-tossal-alicante\\\/#primaryimage\"},\"image\":{\"@id\":\"https:\\\/\\\/breinco.com\\\/ca\\\/breincosmartblog\\\/remodelacion-del-skatepark-del-monte-tossal-alicante\\\/#primaryimage\"},\"thumbnailUrl\":\"https:\\\/\\\/breinco.com\\\/wp-content\\\/uploads\\\/2021\\\/02\\\/proyectos-Tossal-Alicante-10-DANIEL_YABAR_Arquitecto.jpg\",\"datePublished\":\"2021-02-19T07:27:21+00:00\",\"dateModified\":\"2026-08-28T10:29:36+00:00\",\"breadcrumb\":{\"@id\":\"https:\\\/\\\/breinco.com\\\/ca\\\/breincosmartblog\\\/remodelacion-del-skatepark-del-monte-tossal-alicante\\\/#breadcrumb\"},\"inLanguage\":\"ca\",\"potentialAction\":[{\"@type\":\"ReadAction\",\"target\":[\"https:\\\/\\\/breinco.com\\\/ca\\\/breincosmartblog\\\/remodelacion-del-skatepark-del-monte-tossal-alicante\\\/\"]}]},{\"@type\":\"ImageObject\",\"inLanguage\":\"ca\",\"@id\":\"https:\\\/\\\/breinco.com\\\/ca\\\/breincosmartblog\\\/remodelacion-del-skatepark-del-monte-tossal-alicante\\\/#primaryimage\",\"url\":\"https:\\\/\\\/breinco.com\\\/wp-content\\\/uploads\\\/2021\\\/02\\\/proyectos-Tossal-Alicante-10-DANIEL_YABAR_Arquitecto.jpg\",\"contentUrl\":\"https:\\\/\\\/breinco.com\\\/wp-content\\\/uploads\\\/2021\\\/02\\\/proyectos-Tossal-Alicante-10-DANIEL_YABAR_Arquitecto.jpg\",\"width\":2280,\"height\":1200,\"caption\":\"Arquitecto Daniel Yabar\"},{\"@type\":\"BreadcrumbList\",\"@id\":\"https:\\\/\\\/breinco.com\\\/ca\\\/breincosmartblog\\\/remodelacion-del-skatepark-del-monte-tossal-alicante\\\/#breadcrumb\",\"itemListElement\":[{\"@type\":\"ListItem\",\"position\":1,\"name\":\"Portada\",\"item\":\"https:\\\/\\\/breinco.com\\\/ca\\\/\"},{\"@type\":\"ListItem\",\"position\":2,\"name\":\"Remodelaci\u00f3 de l&#8217;Skatepark del Monte Tossal (Alacant)\"}]},{\"@type\":\"WebSite\",\"@id\":\"https:\\\/\\\/breinco.com\\\/ca\\\/#website\",\"url\":\"https:\\\/\\\/breinco.com\\\/ca\\\/\",\"name\":\"Breinco\",\"description\":\"\",\"publisher\":{\"@id\":\"https:\\\/\\\/breinco.com\\\/ca\\\/#organization\"},\"alternateName\":\"Urban Furniture, Architecture and Landscaping\",\"potentialAction\":[{\"@type\":\"SearchAction\",\"target\":{\"@type\":\"EntryPoint\",\"urlTemplate\":\"https:\\\/\\\/breinco.com\\\/ca\\\/?s={search_term_string}\"},\"query-input\":{\"@type\":\"PropertyValueSpecification\",\"valueRequired\":true,\"valueName\":\"search_term_string\"}}],\"inLanguage\":\"ca\"},{\"@type\":\"Organization\",\"@id\":\"https:\\\/\\\/breinco.com\\\/ca\\\/#organization\",\"name\":\"Breinco\",\"url\":\"https:\\\/\\\/breinco.com\\\/ca\\\/\",\"logo\":{\"@type\":\"ImageObject\",\"inLanguage\":\"ca\",\"@id\":\"https:\\\/\\\/breinco.com\\\/ca\\\/#\\\/schema\\\/logo\\\/image\\\/\",\"url\":\"https:\\\/\\\/breinco.com\\\/wp-content\\\/uploads\\\/2025\\\/04\\\/breinco-brand.svg\",\"contentUrl\":\"https:\\\/\\\/breinco.com\\\/wp-content\\\/uploads\\\/2025\\\/04\\\/breinco-brand.svg\",\"width\":26,\"height\":58,\"caption\":\"Breinco\"},\"image\":{\"@id\":\"https:\\\/\\\/breinco.com\\\/ca\\\/#\\\/schema\\\/logo\\\/image\\\/\"},\"sameAs\":[\"https:\\\/\\\/www.facebook.com\\\/breincosmart\\\/\",\"https:\\\/\\\/x.com\\\/breincoGroup\",\"https:\\\/\\\/www.instagram.com\\\/breinco\\\/\",\"https:\\\/\\\/www.linkedin.com\\\/company\\\/breinco-esp\\\/\"]},{\"@type\":\"Person\",\"@id\":\"https:\\\/\\\/breinco.com\\\/ca\\\/#\\\/schema\\\/person\\\/76934c343eed792c0e9b8dd8c0f6b3cd\",\"name\":\"breinco\"}]}<\/script>\n<!-- \/ Yoast SEO plugin. -->","yoast_head_json":{"title":"Remodelaci\u00f3 de l'Skatepark del Monte Tossal (Alacant) - Breinco","robots":{"index":"index","follow":"follow","max-snippet":"max-snippet:-1","max-image-preview":"max-image-preview:large","max-video-preview":"max-video-preview:-1"},"canonical":"https:\/\/breinco.com\/ca\/breincosmartblog\/remodelacion-del-skatepark-del-monte-tossal-alicante\/","og_locale":"ca_ES","og_type":"article","og_title":"Remodelaci\u00f3 de l'Skatepark del Monte Tossal (Alacant) - Breinco","og_description":"Breinco ha col\u00b7laborat en la renovaci\u00f3 de l'skatepark del Mont Tossal, creant una nova pell de formig\u00f3 que fa compatible l'\u00fas per als vianants amb el dels patinadors.","og_url":"https:\/\/breinco.com\/ca\/breincosmartblog\/remodelacion-del-skatepark-del-monte-tossal-alicante\/","og_site_name":"Breinco","article_publisher":"https:\/\/www.facebook.com\/breincosmart\/","article_published_time":"2021-02-19T07:27:21+00:00","article_modified_time":"2026-08-28T10:29:36+00:00","og_image":[{"width":2280,"height":1200,"url":"https:\/\/breinco.com\/wp-content\/uploads\/2021\/02\/proyectos-Tossal-Alicante-10-DANIEL_YABAR_Arquitecto.jpg","type":"image\/jpeg"}],"author":"breinco","twitter_card":"summary_large_image","twitter_creator":"@breincoGroup","twitter_site":"@breincoGroup","twitter_misc":{"Escrit per":"breinco","Temps estimat de lectura":"5 minuts"},"schema":{"@context":"https:\/\/schema.org","@graph":[{"@type":"Article","@id":"https:\/\/breinco.com\/ca\/breincosmartblog\/remodelacion-del-skatepark-del-monte-tossal-alicante\/#article","isPartOf":{"@id":"https:\/\/breinco.com\/ca\/breincosmartblog\/remodelacion-del-skatepark-del-monte-tossal-alicante\/"},"author":{"name":"breinco","@id":"https:\/\/breinco.com\/ca\/#\/schema\/person\/76934c343eed792c0e9b8dd8c0f6b3cd"},"headline":"Remodelaci\u00f3 de l&#8217;Skatepark del Monte Tossal (Alacant)","datePublished":"2021-02-19T07:27:21+00:00","dateModified":"2026-08-28T10:29:36+00:00","mainEntityOfPage":{"@id":"https:\/\/breinco.com\/ca\/breincosmartblog\/remodelacion-del-skatepark-del-monte-tossal-alicante\/"},"wordCount":699,"publisher":{"@id":"https:\/\/breinco.com\/ca\/#organization"},"image":{"@id":"https:\/\/breinco.com\/ca\/breincosmartblog\/remodelacion-del-skatepark-del-monte-tossal-alicante\/#primaryimage"},"thumbnailUrl":"https:\/\/breinco.com\/wp-content\/uploads\/2021\/02\/proyectos-Tossal-Alicante-10-DANIEL_YABAR_Arquitecto.jpg","keywords":["adoquin","alicante","losa","monte tossal","pavimento","skatepark"],"articleSection":["Projects"],"inLanguage":"ca"},{"@type":"WebPage","@id":"https:\/\/breinco.com\/ca\/breincosmartblog\/remodelacion-del-skatepark-del-monte-tossal-alicante\/","url":"https:\/\/breinco.com\/ca\/breincosmartblog\/remodelacion-del-skatepark-del-monte-tossal-alicante\/","name":"Remodelaci\u00f3 de l'Skatepark del Monte Tossal (Alacant) - Breinco","isPartOf":{"@id":"https:\/\/breinco.com\/ca\/#website"},"primaryImageOfPage":{"@id":"https:\/\/breinco.com\/ca\/breincosmartblog\/remodelacion-del-skatepark-del-monte-tossal-alicante\/#primaryimage"},"image":{"@id":"https:\/\/breinco.com\/ca\/breincosmartblog\/remodelacion-del-skatepark-del-monte-tossal-alicante\/#primaryimage"},"thumbnailUrl":"https:\/\/breinco.com\/wp-content\/uploads\/2021\/02\/proyectos-Tossal-Alicante-10-DANIEL_YABAR_Arquitecto.jpg","datePublished":"2021-02-19T07:27:21+00:00","dateModified":"2026-08-28T10:29:36+00:00","breadcrumb":{"@id":"https:\/\/breinco.com\/ca\/breincosmartblog\/remodelacion-del-skatepark-del-monte-tossal-alicante\/#breadcrumb"},"inLanguage":"ca","potentialAction":[{"@type":"ReadAction","target":["https:\/\/breinco.com\/ca\/breincosmartblog\/remodelacion-del-skatepark-del-monte-tossal-alicante\/"]}]},{"@type":"ImageObject","inLanguage":"ca","@id":"https:\/\/breinco.com\/ca\/breincosmartblog\/remodelacion-del-skatepark-del-monte-tossal-alicante\/#primaryimage","url":"https:\/\/breinco.com\/wp-content\/uploads\/2021\/02\/proyectos-Tossal-Alicante-10-DANIEL_YABAR_Arquitecto.jpg","contentUrl":"https:\/\/breinco.com\/wp-content\/uploads\/2021\/02\/proyectos-Tossal-Alicante-10-DANIEL_YABAR_Arquitecto.jpg","width":2280,"height":1200,"caption":"Arquitecto Daniel Yabar"},{"@type":"BreadcrumbList","@id":"https:\/\/breinco.com\/ca\/breincosmartblog\/remodelacion-del-skatepark-del-monte-tossal-alicante\/#breadcrumb","itemListElement":[{"@type":"ListItem","position":1,"name":"Portada","item":"https:\/\/breinco.com\/ca\/"},{"@type":"ListItem","position":2,"name":"Remodelaci\u00f3 de l&#8217;Skatepark del Monte Tossal (Alacant)"}]},{"@type":"WebSite","@id":"https:\/\/breinco.com\/ca\/#website","url":"https:\/\/breinco.com\/ca\/","name":"Breinco","description":"","publisher":{"@id":"https:\/\/breinco.com\/ca\/#organization"},"alternateName":"Urban Furniture, Architecture and Landscaping","potentialAction":[{"@type":"SearchAction","target":{"@type":"EntryPoint","urlTemplate":"https:\/\/breinco.com\/ca\/?s={search_term_string}"},"query-input":{"@type":"PropertyValueSpecification","valueRequired":true,"valueName":"search_term_string"}}],"inLanguage":"ca"},{"@type":"Organization","@id":"https:\/\/breinco.com\/ca\/#organization","name":"Breinco","url":"https:\/\/breinco.com\/ca\/","logo":{"@type":"ImageObject","inLanguage":"ca","@id":"https:\/\/breinco.com\/ca\/#\/schema\/logo\/image\/","url":"https:\/\/breinco.com\/wp-content\/uploads\/2025\/04\/breinco-brand.svg","contentUrl":"https:\/\/breinco.com\/wp-content\/uploads\/2025\/04\/breinco-brand.svg","width":26,"height":58,"caption":"Breinco"},"image":{"@id":"https:\/\/breinco.com\/ca\/#\/schema\/logo\/image\/"},"sameAs":["https:\/\/www.facebook.com\/breincosmart\/","https:\/\/x.com\/breincoGroup","https:\/\/www.instagram.com\/breinco\/","https:\/\/www.linkedin.com\/company\/breinco-esp\/"]},{"@type":"Person","@id":"https:\/\/breinco.com\/ca\/#\/schema\/person\/76934c343eed792c0e9b8dd8c0f6b3cd","name":"breinco"}]}},"_links":{"self":[{"href":"https:\/\/breinco.com\/ca\/wp-json\/wp\/v2\/posts\/23753","targetHints":{"allow":["GET"]}}],"collection":[{"href":"https:\/\/breinco.com\/ca\/wp-json\/wp\/v2\/posts"}],"about":[{"href":"https:\/\/breinco.com\/ca\/wp-json\/wp\/v2\/types\/post"}],"author":[{"embeddable":true,"href":"https:\/\/breinco.com\/ca\/wp-json\/wp\/v2\/users\/2"}],"replies":[{"embeddable":true,"href":"https:\/\/breinco.com\/ca\/wp-json\/wp\/v2\/comments?post=23753"}],"version-history":[{"count":5,"href":"https:\/\/breinco.com\/ca\/wp-json\/wp\/v2\/posts\/23753\/revisions"}],"predecessor-version":[{"id":28770,"href":"https:\/\/breinco.com\/ca\/wp-json\/wp\/v2\/posts\/23753\/revisions\/28770"}],"wp:featuredmedia":[{"embeddable":true,"href":"https:\/\/breinco.com\/ca\/wp-json\/wp\/v2\/media\/23754"}],"wp:attachment":[{"href":"https:\/\/breinco.com\/ca\/wp-json\/wp\/v2\/media?parent=23753"}],"wp:term":[{"taxonomy":"category","embeddable":true,"href":"https:\/\/breinco.com\/ca\/wp-json\/wp\/v2\/categories?post=23753"},{"taxonomy":"post_tag","embeddable":true,"href":"https:\/\/breinco.com\/ca\/wp-json\/wp\/v2\/tags?post=23753"}],"curies":[{"name":"wp","href":"https:\/\/api.w.org\/{rel}","templated":true}]}}