{"id":23784,"date":"2021-01-14T09:09:08","date_gmt":"2021-01-14T08:09:08","guid":{"rendered":"https:\/\/breinco.com\/breincosmartblog\/centro-de-medicina-comparativa-y-bioimagen-en-badalona-bcn\/"},"modified":"2026-08-28T11:20:14","modified_gmt":"2026-08-28T09:20:14","slug":"centro-de-medicina-comparativa-y-bioimagen-en-badalona-bcn","status":"publish","type":"post","link":"https:\/\/breinco.com\/ca\/breincosmartblog\/centro-de-medicina-comparativa-y-bioimagen-en-badalona-bcn\/","title":{"rendered":"Centre de Medicina Comparativa i Bioimatge a Badalona (BCN)"},"content":{"rendered":"<p><strong>Lloc<\/strong>: Camino del Tanatorio, 08916, Badalona<\/p>\n<p><strong>Arquitectes:<\/strong><br \/>\n<a href=\"https:\/\/www.plataformaarquitectura.cl\/cl\/office\/coma-arquitectura?ad_name=project-specs&amp;ad_medium=single\">COMA Arquitectura<\/a>,<br \/>\n<a href=\"https:\/\/www.plataformaarquitectura.cl\/cl\/office\/calderon-folch-studio?ad_name=project-specs&amp;ad_medium=single\">Calderon-Folch Studio<\/a>,<br \/>\n<a href=\"https:\/\/www.plataformaarquitectura.cl\/cl\/office\/mario-nahra?ad_name=project-specs&amp;ad_medium=single\">Mario Nahra<\/a>,<br \/>\n<a href=\"https:\/\/www.plataformaarquitectura.cl\/cl\/office\/sarsanedas-arquitectura?ad_name=project-specs&amp;ad_medium=single\">Sarsanedas Arquitectura<\/a><\/p>\n<p><strong>Any:<\/strong><br \/>\n<a href=\"https:\/\/www.plataformaarquitectura.cl\/search\/cl\/projects\/year\/2018?ad_name=project-specs&amp;ad_medium=single\">2018<\/a><\/p>\n<p><strong>Superficie:<\/strong><br \/>\n<a href=\"https:\/\/www.plataformaarquitectura.cl\/search\/cl\/projects\/min_area\/4036\/max_area\/6054?ad_name=project-specs&amp;ad_medium=single\">5045<\/a> m\u00b2<\/p>\n<p><strong>Fotografies:<\/strong><br \/>\n<a href=\"https:\/\/www.plataformaarquitectura.cl\/cl\/photographer\/jose-hevia?ad_name=project-specs&amp;ad_medium=single\">Jos\u00e9 Hevia<\/a><\/p>\n<h4>La remodelaci\u00f3 del Centre de Medicina Comparativa i Bioimatge<\/h4>\n<p>El nou Centre de Medicina Comparativa i Bioimatge \u00e9s un edifici, del qual la complexitat t\u00e8cnica i funcional i les prestacions de confort s&#8217;han resolt de manera efica\u00e7, sostenible i sensible amb l&#8217;entorn. El CMCiB s&#8217;inscriu al Campus de Can Ruti, que t\u00e9 com a refer\u00e8ncia l&#8217;Hospital Universitari Germans Trias i Pujol.<\/p>\n<p>L&#8217;edifici se centra en l&#8217;efici\u00e8ncia energ\u00e8tica, la sostenibilitat ambiental i la integraci\u00f3 del paisatge. Un volum compacte amb una fa\u00e7ana biosf\u00e8rica de fusta, envoltat d&#8217;espais exteriors naturalitzats, allotja un complex programa funcional.<\/p>\n<figure id=\"attachment_2213\" aria-describedby=\"caption-attachment-2213\" style=\"width: 2880px\" class=\"wp-caption aligncenter\"><img fetchpriority=\"high\" decoding=\"async\" class=\"wp-image-2213 size-full\" src=\"https:\/\/breinco.com\/wp-content\/uploads\/2021\/01\/Terana-contract-corten-marfil-mediterraneo-cmcib-can-ruti-badalona-scaled.jpg\" alt=\"Centro de medicina Comparativa y Bioimagen\" width=\"2880\" height=\"1921\" \/><figcaption id=\"caption-attachment-2213\" class=\"wp-caption-text\"><br \/>Centre de medicina Comparativa i Bioimatge &#8211; Fotografia: Jos\u00e9 Hevia<\/figcaption><\/figure>\n<h4>Integraci\u00f3 amb l&#8217;entorn<\/h4>\n<p>La integraci\u00f3 amb l&#8217;entorn s&#8217;aborda des de la implantaci\u00f3 del volum a la topografia, la definici\u00f3 d&#8217;una geometria org\u00e0nica i la seva materialitat. L&#8217;edifici es troba en una parcel\u00b7la de gran desnivell que limita amb la zona forestal al punt m\u00e9s alt del campus universitari. S&#8217;aprofita aquesta difer\u00e8ncia de cota per generar un edifici topogr\u00e0fic que articula el programa a l&#8217;interior i genera el m\u00ednim volum aparent.<\/p>\n<p>Aix\u00ed, les plantes d&#8217;investigaci\u00f3, que requereixen condicions clim\u00e0tiques estables, romanen semienterrades, ocultes i resguardades sota una superf\u00edcie de cobertes vegetades lligades al lloc.<\/p>\n<h4>Bioconstrucci\u00f3<\/h4>\n<p data-path-to-node=\"3\">Amb el prop\u00f2sit de minimitzar les emissions de CO2 <span class=\"citation-395 citation-396 citation-end-396\">durant la construcci\u00f3 de l&#8217;edifici, s&#8217;ha optat per l&#8217;\u00fas de materials de poca petjada ecol\u00f2gica. L&#8217;envoltant s&#8217;ha constru\u00eft mitjan\u00e7ant un sistema modular d&#8217;entramat lleuger de fusta, cel\u00b7lulosa insuflada, a\u00ef<\/span><span class=\"citation-395 citation-end-395\">llament exterior de f<\/span>usta xapada (o <i data-path-to-node=\"3\" data-index-in-node=\"1007\">explosionada<\/i>) i revestiment de l\u00e0rix sense tractar. S&#8217;opta per la prefabricaci\u00f3 \u2014tamb\u00e9 per a l&#8217;estructura portant\u2014 per garantir una qualitat superior, l&#8217;\u00fas del m\u00ednim material possible i accelerar al m\u00e0xim el proc\u00e9s constructiu.<\/p>\n<p data-path-to-node=\"4\">\n<figure id=\"attachment_2215\" aria-describedby=\"caption-attachment-2215\" style=\"width: 2880px\" class=\"wp-caption aligncenter\"><img decoding=\"async\" class=\"wp-image-2215 size-full\" src=\"https:\/\/breinco.com\/wp-content\/uploads\/2021\/01\/Terana-contract-marfil-corten-mediterraneo-cmcib-can-ruti-bdln-scaled.jpg\" alt=\"Centro de medicina Comparativa y Bioimagen\" width=\"2880\" height=\"4318\" \/><figcaption id=\"caption-attachment-2215\" class=\"wp-caption-text\"><br \/>Centre de medicina Comparativa i Bioimatge &#8211; Fotografia: Jos\u00e9 Hevia<\/figcaption><\/figure>\n<p data-path-to-node=\"4\">El volum aparent, compacte i d&#8217;arestes arrodonides, cerca la relaci\u00f3 amb l&#8217;entorn a trav\u00e9s d&#8217;una concavitat curvil\u00ednia que abra\u00e7a la pla\u00e7a d&#8217;acc\u00e9s i d&#8217;una envoltant biosf\u00e8rica de fusta que participa de l&#8217;entorn natural del Parc de la Serralada de Marina.<\/p>\n<p data-path-to-node=\"4\">\n<figure id=\"attachment_2214\" aria-describedby=\"caption-attachment-2214\" style=\"width: 2880px\" class=\"wp-caption aligncenter\"><img decoding=\"async\" class=\"wp-image-2214 size-full\" src=\"https:\/\/breinco.com\/wp-content\/uploads\/2021\/01\/Terana-contract-marfil-corten-mediterraneo-cmcib-can-ruti-badalona-scaled.jpg\" alt=\"Centro de medicina Comparativa y Bioimagen\" width=\"2880\" height=\"1980\" \/><figcaption id=\"caption-attachment-2214\" class=\"wp-caption-text\"><br \/>Colors del paviment: corten, mediterr\u00e1neo, marfil i ceniza. &#8211; Fotografia: Jos\u00e9 Hevia<\/figcaption><\/figure>\n<p data-path-to-node=\"5\">Materials utilitzats per a la urbanitzaci\u00f3 de la zona exterior:<\/p>\n<h4>Llamborda <a href=\"https:\/\/www.breinco.com\/es\/pavimentos-de-exterior\/adoquines\/terana-six\/\">Terana six<\/a> 20x10x6 cm<\/h4>\n<p>La llamborda Terana Six \u00e9s la combinaci\u00f3 perfecta d&#8217;una llamborda rectangular cl\u00e0ssica amb un acabat contemporani d&#8217;alta qualitat decorativa. \u00c9s ideal per a camins d&#8217;entrada als edificis, passejos i patis on les c\u00e0rregues de tr\u00e0nsit no siguin importants.<\/p>\n<p data-path-to-node=\"6,1,0\">La combinaci\u00f3 de colors suaus que s&#8217;integren amb la fa\u00e7ana de l&#8217;edifici principal li aporta una sensaci\u00f3 de calma i relax.<\/p>\n<figure id=\"attachment_2216\" aria-describedby=\"caption-attachment-2216\" style=\"width: 2880px\" class=\"wp-caption aligncenter\"><img loading=\"lazy\" decoding=\"async\" class=\"wp-image-2216 size-full\" src=\"https:\/\/breinco.com\/wp-content\/uploads\/2021\/01\/Terana-contract-marfil-mediterraneo-corten-cmcib-can-ruti-badalona-scaled.jpg\" alt=\"Centro de medicina Comparativa y Bioimagen\" width=\"2880\" height=\"1921\" \/><figcaption id=\"caption-attachment-2216\" class=\"wp-caption-text\"><br \/>Mobiliari urb\u00e0: Bancs Pause Color Arena &#8211; Fotografia: Jos\u00e9 Hevia<\/figcaption><\/figure>\n<h4>Mobiliari urb\u00e0: <a href=\"https:\/\/www.breinco.com\/es\/mobiliario-urbano\/bancos-de-hormigon\/pause\/?medida=2\">banc Pause<\/a> 262,5x45x60 cm<\/h4>\n<p data-path-to-node=\"7\">Banc de l\u00ednies simples i aparen\u00e7a lleugera que el converteix en un punt de trobada. Una llosa gran que es recolza sobre suports met\u00e0l\u00b7lics lleugers i que convida a aturar-se. Una pe\u00e7a de gran funcionalitat d&#8217;acabat llis, suau al tacte i que aconsegueix una brillantor mat especial. Un banc resistent a la intemp\u00e8rie i amb una gran varietat de colors que s&#8217;integren al paisatge.<\/p>\n<p data-path-to-node=\"8\">\n<p><strong>Bibliografia:<\/strong><\/p>\n<ul>\n<li>https:\/\/www.lavanguardia.com\/ciencia\/ciencia-cultura\/20190130\/4691802994\/can-ruti-centro-bioimagen-fundacion-la-caixa.html<\/li>\n<li>https:\/\/www.plataformaarquitectura.cl\/cl\/940363\/centro-de-medicina-comparativa-y-bioimagen-calderon-folch-studio<\/li>\n<li>https:\/\/www.cfs.cat\/?portfolio=centre-for-comparative-medicine-and-bioimage<\/li>\n<li>https:\/\/www.arquima.net\/portfolio_page\/can-ruti-pdte\/<\/li>\n<\/ul>\n","protected":false},"excerpt":{"rendered":"<p>Una instal\u00b7laci\u00f3 cient\u00edfica d&#8217;avantguarda integrada en l&#8217;entorn natural.<\/p>\n","protected":false},"author":2,"featured_media":23785,"comment_status":"closed","ping_status":"open","sticky":false,"template":"","format":"standard","meta":{"_acf_changed":false,"footnotes":""},"categories":[854],"tags":[869,789,795],"class_list":["post-23784","post","type-post","status-publish","format-standard","has-post-thumbnail","hentry","category-projects","tag-barcelona","tag-llosa-vulcano","tag-pause"],"acf":[],"yoast_head":"<!-- This site is optimized with the Yoast SEO plugin v28.3 - https:\/\/yoast.com\/product\/yoast-seo-wordpress\/ -->\n<title>Centre de Medicina Comparativa i Bioimatge a Badalona (BCN) - Breinco<\/title>\n<meta name=\"robots\" content=\"index, follow, max-snippet:-1, max-image-preview:large, max-video-preview:-1\" \/>\n<link rel=\"canonical\" href=\"https:\/\/breinco.com\/ca\/breincosmartblog\/centro-de-medicina-comparativa-y-bioimagen-en-badalona-bcn\/\" \/>\n<meta property=\"og:locale\" content=\"ca_ES\" \/>\n<meta property=\"og:type\" content=\"article\" \/>\n<meta property=\"og:title\" content=\"Centre de Medicina Comparativa i Bioimatge a Badalona (BCN) - Breinco\" \/>\n<meta property=\"og:description\" content=\"Una instal\u00b7laci\u00f3 cient\u00edfica d&#039;avantguarda integrada en l&#039;entorn natural.\" \/>\n<meta property=\"og:url\" content=\"https:\/\/breinco.com\/ca\/breincosmartblog\/centro-de-medicina-comparativa-y-bioimagen-en-badalona-bcn\/\" \/>\n<meta property=\"og:site_name\" content=\"Breinco\" \/>\n<meta property=\"article:publisher\" content=\"https:\/\/www.facebook.com\/breincosmart\/\" \/>\n<meta property=\"article:published_time\" content=\"2021-01-14T08:09:08+00:00\" \/>\n<meta property=\"article:modified_time\" content=\"2026-08-28T09:20:14+00:00\" \/>\n<meta property=\"og:image\" content=\"https:\/\/breinco.com\/wp-content\/uploads\/2021\/01\/Terana-contract-marfil-mediterraneo-corten-cmcib-can-ruti-badalona-1-scaled.jpg\" \/>\n\t<meta property=\"og:image:width\" content=\"2560\" \/>\n\t<meta property=\"og:image:height\" content=\"1708\" \/>\n\t<meta property=\"og:image:type\" content=\"image\/jpeg\" \/>\n<meta name=\"author\" content=\"breinco\" \/>\n<meta name=\"twitter:card\" content=\"summary_large_image\" \/>\n<meta name=\"twitter:creator\" content=\"@breincoGroup\" \/>\n<meta name=\"twitter:site\" content=\"@breincoGroup\" \/>\n<meta name=\"twitter:label1\" content=\"Escrit per\" \/>\n\t<meta name=\"twitter:data1\" content=\"breinco\" \/>\n\t<meta name=\"twitter:label2\" content=\"Temps estimat de lectura\" \/>\n\t<meta name=\"twitter:data2\" content=\"4 minuts\" \/>\n<script type=\"application\/ld+json\" class=\"yoast-schema-graph\">{\"@context\":\"https:\\\/\\\/schema.org\",\"@graph\":[{\"@type\":\"Article\",\"@id\":\"https:\\\/\\\/breinco.com\\\/ca\\\/breincosmartblog\\\/centro-de-medicina-comparativa-y-bioimagen-en-badalona-bcn\\\/#article\",\"isPartOf\":{\"@id\":\"https:\\\/\\\/breinco.com\\\/ca\\\/breincosmartblog\\\/centro-de-medicina-comparativa-y-bioimagen-en-badalona-bcn\\\/\"},\"author\":{\"name\":\"breinco\",\"@id\":\"https:\\\/\\\/breinco.com\\\/ca\\\/#\\\/schema\\\/person\\\/76934c343eed792c0e9b8dd8c0f6b3cd\"},\"headline\":\"Centre de Medicina Comparativa i Bioimatge a Badalona (BCN)\",\"datePublished\":\"2021-01-14T08:09:08+00:00\",\"dateModified\":\"2026-08-28T09:20:14+00:00\",\"mainEntityOfPage\":{\"@id\":\"https:\\\/\\\/breinco.com\\\/ca\\\/breincosmartblog\\\/centro-de-medicina-comparativa-y-bioimagen-en-badalona-bcn\\\/\"},\"wordCount\":654,\"publisher\":{\"@id\":\"https:\\\/\\\/breinco.com\\\/ca\\\/#organization\"},\"image\":{\"@id\":\"https:\\\/\\\/breinco.com\\\/ca\\\/breincosmartblog\\\/centro-de-medicina-comparativa-y-bioimagen-en-badalona-bcn\\\/#primaryimage\"},\"thumbnailUrl\":\"https:\\\/\\\/breinco.com\\\/wp-content\\\/uploads\\\/2021\\\/01\\\/Terana-contract-marfil-mediterraneo-corten-cmcib-can-ruti-badalona-1-scaled.jpg\",\"keywords\":[\"barcelona\",\"llosa vulcano\",\"pause\"],\"articleSection\":[\"Projects\"],\"inLanguage\":\"ca\"},{\"@type\":\"WebPage\",\"@id\":\"https:\\\/\\\/breinco.com\\\/ca\\\/breincosmartblog\\\/centro-de-medicina-comparativa-y-bioimagen-en-badalona-bcn\\\/\",\"url\":\"https:\\\/\\\/breinco.com\\\/ca\\\/breincosmartblog\\\/centro-de-medicina-comparativa-y-bioimagen-en-badalona-bcn\\\/\",\"name\":\"Centre de Medicina Comparativa i Bioimatge a Badalona (BCN) - Breinco\",\"isPartOf\":{\"@id\":\"https:\\\/\\\/breinco.com\\\/ca\\\/#website\"},\"primaryImageOfPage\":{\"@id\":\"https:\\\/\\\/breinco.com\\\/ca\\\/breincosmartblog\\\/centro-de-medicina-comparativa-y-bioimagen-en-badalona-bcn\\\/#primaryimage\"},\"image\":{\"@id\":\"https:\\\/\\\/breinco.com\\\/ca\\\/breincosmartblog\\\/centro-de-medicina-comparativa-y-bioimagen-en-badalona-bcn\\\/#primaryimage\"},\"thumbnailUrl\":\"https:\\\/\\\/breinco.com\\\/wp-content\\\/uploads\\\/2021\\\/01\\\/Terana-contract-marfil-mediterraneo-corten-cmcib-can-ruti-badalona-1-scaled.jpg\",\"datePublished\":\"2021-01-14T08:09:08+00:00\",\"dateModified\":\"2026-08-28T09:20:14+00:00\",\"breadcrumb\":{\"@id\":\"https:\\\/\\\/breinco.com\\\/ca\\\/breincosmartblog\\\/centro-de-medicina-comparativa-y-bioimagen-en-badalona-bcn\\\/#breadcrumb\"},\"inLanguage\":\"ca\",\"potentialAction\":[{\"@type\":\"ReadAction\",\"target\":[\"https:\\\/\\\/breinco.com\\\/ca\\\/breincosmartblog\\\/centro-de-medicina-comparativa-y-bioimagen-en-badalona-bcn\\\/\"]}]},{\"@type\":\"ImageObject\",\"inLanguage\":\"ca\",\"@id\":\"https:\\\/\\\/breinco.com\\\/ca\\\/breincosmartblog\\\/centro-de-medicina-comparativa-y-bioimagen-en-badalona-bcn\\\/#primaryimage\",\"url\":\"https:\\\/\\\/breinco.com\\\/wp-content\\\/uploads\\\/2021\\\/01\\\/Terana-contract-marfil-mediterraneo-corten-cmcib-can-ruti-badalona-1-scaled.jpg\",\"contentUrl\":\"https:\\\/\\\/breinco.com\\\/wp-content\\\/uploads\\\/2021\\\/01\\\/Terana-contract-marfil-mediterraneo-corten-cmcib-can-ruti-badalona-1-scaled.jpg\",\"width\":2560,\"height\":1708,\"caption\":\"Centro de medicina Comparativa y Bioimagen\"},{\"@type\":\"BreadcrumbList\",\"@id\":\"https:\\\/\\\/breinco.com\\\/ca\\\/breincosmartblog\\\/centro-de-medicina-comparativa-y-bioimagen-en-badalona-bcn\\\/#breadcrumb\",\"itemListElement\":[{\"@type\":\"ListItem\",\"position\":1,\"name\":\"Portada\",\"item\":\"https:\\\/\\\/breinco.com\\\/ca\\\/\"},{\"@type\":\"ListItem\",\"position\":2,\"name\":\"Centre de Medicina Comparativa i Bioimatge a Badalona (BCN)\"}]},{\"@type\":\"WebSite\",\"@id\":\"https:\\\/\\\/breinco.com\\\/ca\\\/#website\",\"url\":\"https:\\\/\\\/breinco.com\\\/ca\\\/\",\"name\":\"Breinco\",\"description\":\"\",\"publisher\":{\"@id\":\"https:\\\/\\\/breinco.com\\\/ca\\\/#organization\"},\"alternateName\":\"Urban Furniture, Architecture and Landscaping\",\"potentialAction\":[{\"@type\":\"SearchAction\",\"target\":{\"@type\":\"EntryPoint\",\"urlTemplate\":\"https:\\\/\\\/breinco.com\\\/ca\\\/?s={search_term_string}\"},\"query-input\":{\"@type\":\"PropertyValueSpecification\",\"valueRequired\":true,\"valueName\":\"search_term_string\"}}],\"inLanguage\":\"ca\"},{\"@type\":\"Organization\",\"@id\":\"https:\\\/\\\/breinco.com\\\/ca\\\/#organization\",\"name\":\"Breinco\",\"url\":\"https:\\\/\\\/breinco.com\\\/ca\\\/\",\"logo\":{\"@type\":\"ImageObject\",\"inLanguage\":\"ca\",\"@id\":\"https:\\\/\\\/breinco.com\\\/ca\\\/#\\\/schema\\\/logo\\\/image\\\/\",\"url\":\"https:\\\/\\\/breinco.com\\\/wp-content\\\/uploads\\\/2025\\\/04\\\/breinco-brand.svg\",\"contentUrl\":\"https:\\\/\\\/breinco.com\\\/wp-content\\\/uploads\\\/2025\\\/04\\\/breinco-brand.svg\",\"width\":26,\"height\":58,\"caption\":\"Breinco\"},\"image\":{\"@id\":\"https:\\\/\\\/breinco.com\\\/ca\\\/#\\\/schema\\\/logo\\\/image\\\/\"},\"sameAs\":[\"https:\\\/\\\/www.facebook.com\\\/breincosmart\\\/\",\"https:\\\/\\\/x.com\\\/breincoGroup\",\"https:\\\/\\\/www.instagram.com\\\/breinco\\\/\",\"https:\\\/\\\/www.linkedin.com\\\/company\\\/breinco-esp\\\/\"]},{\"@type\":\"Person\",\"@id\":\"https:\\\/\\\/breinco.com\\\/ca\\\/#\\\/schema\\\/person\\\/76934c343eed792c0e9b8dd8c0f6b3cd\",\"name\":\"breinco\"}]}<\/script>\n<!-- \/ Yoast SEO plugin. -->","yoast_head_json":{"title":"Centre de Medicina Comparativa i Bioimatge a Badalona (BCN) - Breinco","robots":{"index":"index","follow":"follow","max-snippet":"max-snippet:-1","max-image-preview":"max-image-preview:large","max-video-preview":"max-video-preview:-1"},"canonical":"https:\/\/breinco.com\/ca\/breincosmartblog\/centro-de-medicina-comparativa-y-bioimagen-en-badalona-bcn\/","og_locale":"ca_ES","og_type":"article","og_title":"Centre de Medicina Comparativa i Bioimatge a Badalona (BCN) - Breinco","og_description":"Una instal\u00b7laci\u00f3 cient\u00edfica d'avantguarda integrada en l'entorn natural.","og_url":"https:\/\/breinco.com\/ca\/breincosmartblog\/centro-de-medicina-comparativa-y-bioimagen-en-badalona-bcn\/","og_site_name":"Breinco","article_publisher":"https:\/\/www.facebook.com\/breincosmart\/","article_published_time":"2021-01-14T08:09:08+00:00","article_modified_time":"2026-08-28T09:20:14+00:00","og_image":[{"width":2560,"height":1708,"url":"https:\/\/breinco.com\/wp-content\/uploads\/2021\/01\/Terana-contract-marfil-mediterraneo-corten-cmcib-can-ruti-badalona-1-scaled.jpg","type":"image\/jpeg"}],"author":"breinco","twitter_card":"summary_large_image","twitter_creator":"@breincoGroup","twitter_site":"@breincoGroup","twitter_misc":{"Escrit per":"breinco","Temps estimat de lectura":"4 minuts"},"schema":{"@context":"https:\/\/schema.org","@graph":[{"@type":"Article","@id":"https:\/\/breinco.com\/ca\/breincosmartblog\/centro-de-medicina-comparativa-y-bioimagen-en-badalona-bcn\/#article","isPartOf":{"@id":"https:\/\/breinco.com\/ca\/breincosmartblog\/centro-de-medicina-comparativa-y-bioimagen-en-badalona-bcn\/"},"author":{"name":"breinco","@id":"https:\/\/breinco.com\/ca\/#\/schema\/person\/76934c343eed792c0e9b8dd8c0f6b3cd"},"headline":"Centre de Medicina Comparativa i Bioimatge a Badalona (BCN)","datePublished":"2021-01-14T08:09:08+00:00","dateModified":"2026-08-28T09:20:14+00:00","mainEntityOfPage":{"@id":"https:\/\/breinco.com\/ca\/breincosmartblog\/centro-de-medicina-comparativa-y-bioimagen-en-badalona-bcn\/"},"wordCount":654,"publisher":{"@id":"https:\/\/breinco.com\/ca\/#organization"},"image":{"@id":"https:\/\/breinco.com\/ca\/breincosmartblog\/centro-de-medicina-comparativa-y-bioimagen-en-badalona-bcn\/#primaryimage"},"thumbnailUrl":"https:\/\/breinco.com\/wp-content\/uploads\/2021\/01\/Terana-contract-marfil-mediterraneo-corten-cmcib-can-ruti-badalona-1-scaled.jpg","keywords":["barcelona","llosa vulcano","pause"],"articleSection":["Projects"],"inLanguage":"ca"},{"@type":"WebPage","@id":"https:\/\/breinco.com\/ca\/breincosmartblog\/centro-de-medicina-comparativa-y-bioimagen-en-badalona-bcn\/","url":"https:\/\/breinco.com\/ca\/breincosmartblog\/centro-de-medicina-comparativa-y-bioimagen-en-badalona-bcn\/","name":"Centre de Medicina Comparativa i Bioimatge a Badalona (BCN) - Breinco","isPartOf":{"@id":"https:\/\/breinco.com\/ca\/#website"},"primaryImageOfPage":{"@id":"https:\/\/breinco.com\/ca\/breincosmartblog\/centro-de-medicina-comparativa-y-bioimagen-en-badalona-bcn\/#primaryimage"},"image":{"@id":"https:\/\/breinco.com\/ca\/breincosmartblog\/centro-de-medicina-comparativa-y-bioimagen-en-badalona-bcn\/#primaryimage"},"thumbnailUrl":"https:\/\/breinco.com\/wp-content\/uploads\/2021\/01\/Terana-contract-marfil-mediterraneo-corten-cmcib-can-ruti-badalona-1-scaled.jpg","datePublished":"2021-01-14T08:09:08+00:00","dateModified":"2026-08-28T09:20:14+00:00","breadcrumb":{"@id":"https:\/\/breinco.com\/ca\/breincosmartblog\/centro-de-medicina-comparativa-y-bioimagen-en-badalona-bcn\/#breadcrumb"},"inLanguage":"ca","potentialAction":[{"@type":"ReadAction","target":["https:\/\/breinco.com\/ca\/breincosmartblog\/centro-de-medicina-comparativa-y-bioimagen-en-badalona-bcn\/"]}]},{"@type":"ImageObject","inLanguage":"ca","@id":"https:\/\/breinco.com\/ca\/breincosmartblog\/centro-de-medicina-comparativa-y-bioimagen-en-badalona-bcn\/#primaryimage","url":"https:\/\/breinco.com\/wp-content\/uploads\/2021\/01\/Terana-contract-marfil-mediterraneo-corten-cmcib-can-ruti-badalona-1-scaled.jpg","contentUrl":"https:\/\/breinco.com\/wp-content\/uploads\/2021\/01\/Terana-contract-marfil-mediterraneo-corten-cmcib-can-ruti-badalona-1-scaled.jpg","width":2560,"height":1708,"caption":"Centro de medicina Comparativa y Bioimagen"},{"@type":"BreadcrumbList","@id":"https:\/\/breinco.com\/ca\/breincosmartblog\/centro-de-medicina-comparativa-y-bioimagen-en-badalona-bcn\/#breadcrumb","itemListElement":[{"@type":"ListItem","position":1,"name":"Portada","item":"https:\/\/breinco.com\/ca\/"},{"@type":"ListItem","position":2,"name":"Centre de Medicina Comparativa i Bioimatge a Badalona (BCN)"}]},{"@type":"WebSite","@id":"https:\/\/breinco.com\/ca\/#website","url":"https:\/\/breinco.com\/ca\/","name":"Breinco","description":"","publisher":{"@id":"https:\/\/breinco.com\/ca\/#organization"},"alternateName":"Urban Furniture, Architecture and Landscaping","potentialAction":[{"@type":"SearchAction","target":{"@type":"EntryPoint","urlTemplate":"https:\/\/breinco.com\/ca\/?s={search_term_string}"},"query-input":{"@type":"PropertyValueSpecification","valueRequired":true,"valueName":"search_term_string"}}],"inLanguage":"ca"},{"@type":"Organization","@id":"https:\/\/breinco.com\/ca\/#organization","name":"Breinco","url":"https:\/\/breinco.com\/ca\/","logo":{"@type":"ImageObject","inLanguage":"ca","@id":"https:\/\/breinco.com\/ca\/#\/schema\/logo\/image\/","url":"https:\/\/breinco.com\/wp-content\/uploads\/2025\/04\/breinco-brand.svg","contentUrl":"https:\/\/breinco.com\/wp-content\/uploads\/2025\/04\/breinco-brand.svg","width":26,"height":58,"caption":"Breinco"},"image":{"@id":"https:\/\/breinco.com\/ca\/#\/schema\/logo\/image\/"},"sameAs":["https:\/\/www.facebook.com\/breincosmart\/","https:\/\/x.com\/breincoGroup","https:\/\/www.instagram.com\/breinco\/","https:\/\/www.linkedin.com\/company\/breinco-esp\/"]},{"@type":"Person","@id":"https:\/\/breinco.com\/ca\/#\/schema\/person\/76934c343eed792c0e9b8dd8c0f6b3cd","name":"breinco"}]}},"_links":{"self":[{"href":"https:\/\/breinco.com\/ca\/wp-json\/wp\/v2\/posts\/23784","targetHints":{"allow":["GET"]}}],"collection":[{"href":"https:\/\/breinco.com\/ca\/wp-json\/wp\/v2\/posts"}],"about":[{"href":"https:\/\/breinco.com\/ca\/wp-json\/wp\/v2\/types\/post"}],"author":[{"embeddable":true,"href":"https:\/\/breinco.com\/ca\/wp-json\/wp\/v2\/users\/2"}],"replies":[{"embeddable":true,"href":"https:\/\/breinco.com\/ca\/wp-json\/wp\/v2\/comments?post=23784"}],"version-history":[{"count":2,"href":"https:\/\/breinco.com\/ca\/wp-json\/wp\/v2\/posts\/23784\/revisions"}],"predecessor-version":[{"id":28729,"href":"https:\/\/breinco.com\/ca\/wp-json\/wp\/v2\/posts\/23784\/revisions\/28729"}],"wp:featuredmedia":[{"embeddable":true,"href":"https:\/\/breinco.com\/ca\/wp-json\/wp\/v2\/media\/23785"}],"wp:attachment":[{"href":"https:\/\/breinco.com\/ca\/wp-json\/wp\/v2\/media?parent=23784"}],"wp:term":[{"taxonomy":"category","embeddable":true,"href":"https:\/\/breinco.com\/ca\/wp-json\/wp\/v2\/categories?post=23784"},{"taxonomy":"post_tag","embeddable":true,"href":"https:\/\/breinco.com\/ca\/wp-json\/wp\/v2\/tags?post=23784"}],"curies":[{"name":"wp","href":"https:\/\/api.w.org\/{rel}","templated":true}]}}