{"id":23796,"date":"2019-12-02T10:14:02","date_gmt":"2019-12-02T09:14:02","guid":{"rendered":"https:\/\/breinco.com\/breincosmartblog\/plaza-del-jardin-parque-de-atracciones-tibidabo\/"},"modified":"2026-08-26T09:02:28","modified_gmt":"2026-08-26T07:02:28","slug":"plaza-del-jardin-parque-de-atracciones-tibidabo","status":"publish","type":"post","link":"https:\/\/breinco.com\/ca\/breincosmartblog\/plaza-del-jardin-parque-de-atracciones-tibidabo\/","title":{"rendered":"Pla\u00e7a del Jard\u00ed, Parc d&#8217;atraccions Tibidabo"},"content":{"rendered":"<p><strong>Lloc<\/strong>:<span class=\"w8qArf\">\u00a0<\/span><span class=\"LrzXr\">Pla\u00e7a del Jard\u00ed<\/span>\u00a0\u2013 Barcelona, Espanya. <strong>Arquitectes:<\/strong> <a href=\"http:\/\/www.miasarquitectes.com\/\"><strong>MiASArquitectes<\/strong><\/a> <strong>Any:<\/strong> 2019 <strong>Superf\u00edcie: <\/strong>1450 m2 <strong>Fotografies:<\/strong>\u00a0<a href=\"http:\/\/gaeldelrio.com\/\">Gael del Rio<\/a><\/p>\n<h1>Nova pla\u00e7a del Jard\u00ed, Tibidabo<\/h1>\n<p>Solidaritat, sostenibilitat i educaci\u00f3 com a elements principals, la nova pla\u00e7a s&#8217;obre cap a una vista bonica de la ciutat, convidant visitants de totes les generacions a contemplar la vista panor\u00e0mica de Barcelona. Aquesta nova pla\u00e7a de benvinguda, moderna per\u00f2 l\u00fadica, \u00e9s protagonitzada pel jard\u00ed vertical que cobreix l&#8217;edifici de benvinguda. El projecte consisteix a definir un nou espai de benvinguda al Parc i a la muntanya de Collserola, convidant als visitants no nom\u00e9s a contemplar la vista panor\u00e0mica de Barcelona, sin\u00f3 a utilitzar aquest nou espai per a tota mena de celebracions i actes p\u00fablics. La nova pla\u00e7a, amb el seu disseny avantguardista, destaca sobretot per aquest jard\u00ed vertical i per allotjar l&#8217;hotel d&#8217;insectes m\u00e9s gran de Barcelona, convertint el parc d&#8217;atraccions en un missatge per a la preservaci\u00f3 del medi ambient, l&#8217;entorn natural aut\u00f2cton, amb la seva fauna i flora, i de la natura en general.<\/p>\n<figure id=\"attachment_2041\" aria-describedby=\"caption-attachment-2041\" style=\"width: 1675px\" class=\"wp-caption aligncenter\"><img fetchpriority=\"high\" decoding=\"async\" class=\"wp-image-2041 size-full\" src=\"https:\/\/breinco.com\/wp-content\/uploads\/2019\/12\/GDR_2019_MIAS_TIBIDABO_06.jpg\" alt=\"Tibidabo\" width=\"1675\" height=\"1400\" \/><figcaption id=\"caption-attachment-2041\" class=\"wp-caption-text\">Fotografia: Gael del Rio<\/figcaption><\/figure>\n<p>Aquest jard\u00ed vertical contribueix a disminuir l&#8217;impacte visual de les construccions en aquest espai, camuflant-se en l&#8217;entorn natural del parc i la muntanya, i reivindica la voluntat de lluitar contra el canvi clim\u00e0tic i la degradaci\u00f3 del medi ambient que pateixen les ciutats actualment. Breinco ha subministrat el paviment, amb el desig de contribuir a aquest missatge.<\/p>\n<h2><a href=\"https:\/\/breinco.com\/ca\/products\/paviments-exterior\/llambordes\/terana-six\/?size=20x10x6&#038;color=mediterraneo&#038;colorType=standard\">Terana Six\u00a0<\/a><\/h2>\n<p>\u00c9s la combinaci\u00f3 perfecta d&#8217;una llamborda rectangular amb un acabat d&#8217;alta qualitat decorativa. La combinaci\u00f3 de colors suaus i la disposici\u00f3 a trencatjuntes li aporta una aparen\u00e7a tradicional perfecta. Terana Six 20x10x8 cm, color arena.<\/p>\n<figure id=\"attachment_2099\" aria-describedby=\"caption-attachment-2099\" style=\"width: 1000px\" class=\"wp-caption aligncenter\"><img decoding=\"async\" class=\"wp-image-2099 size-full\" src=\"https:\/\/breinco.com\/wp-content\/uploads\/2019\/12\/Terana-street-arena-tibidabo-tegula.jpg\" alt=\"Tibidabo\" width=\"1000\" height=\"664\" \/><figcaption id=\"caption-attachment-2099\" class=\"wp-caption-text\">Llamborda Terana color arena<\/figcaption><\/figure>\n<figure id=\"attachment_2097\" aria-describedby=\"caption-attachment-2097\" style=\"width: 1000px\" class=\"wp-caption aligncenter\"><img decoding=\"async\" class=\"wp-image-2097 size-full\" src=\"https:\/\/breinco.com\/wp-content\/uploads\/2019\/12\/Terana-contract-arena-tibidabo-bcn.jpg\" alt=\"Tibidabo\" width=\"1000\" height=\"664\" \/><figcaption id=\"caption-attachment-2097\" class=\"wp-caption-text\">Paviment llambordes 20x10x8 cm<\/figcaption><\/figure>\n<h2><a href=\"https:\/\/breinco.com\/ca\/products\/paviments-exterior\/lloses\/llosa-vulcano\/?size=40x40x3_5&#038;color=mediterraneo&#038;colorType=standard\">Llosa Vulcano<\/a><\/h2>\n<div id=\"descripcion\" class=\"descripcionVista\">\n<div id=\"descripcion\" class=\"descripcionVista\">Llosa crom\u00e0tica per pavimentar aquells llocs en qu\u00e8 el gris urb\u00e0 no t\u00e9 ra\u00f3 de ser. Permet garantir una pe\u00e7a d&#8217;una duresa singular i un color estable davant el pas del temps. Llosa Vulcano 60x40x7 cm, color arena.<\/div>\n<div class=\"descripcionVista\">\n<figure id=\"attachment_2042\" aria-describedby=\"caption-attachment-2042\" style=\"width: 1842px\" class=\"wp-caption aligncenter\"><img loading=\"lazy\" decoding=\"async\" class=\"wp-image-2042 size-full\" src=\"https:\/\/breinco.com\/wp-content\/uploads\/2019\/12\/GDR_2019_MIAS_Tibidabo_Mobiliario_29b.jpg\" alt=\"\" width=\"1842\" height=\"1400\" \/><figcaption id=\"caption-attachment-2042\" class=\"wp-caption-text\">Fotografia: Gael del Rio<\/figcaption><\/figure>\n<\/div>\n<\/div>\n<h2><strong>Bibliografia:<\/strong><\/h2>\n<ul>\n<li><a href=\"https:\/\/www.iguzzini.com\/es\/proyectos\/galeria-de-proyectos\/tibidabo-welcome-square-and-hq\/\">https:\/\/www.iguzzini.com\/es\/proyectos\/galeria-de-proyectos\/tibidabo-welcome-square-and-hq\/<\/a><\/li>\n<li><a href=\"https:\/\/www.plataformaarquitectura.cl\/cl\/928556\/plaza-tibidabo-mias-arquitectes?ad_medium=gallery\">https:\/\/www.plataformaarquitectura.cl\/cl\/928556\/plaza-tibidabo-mias-arquitectes?ad_medium=gallery<\/a><\/li>\n<li><a href=\"https:\/\/www.tibidabo.cat\/es\/agenda\/baila-con-las-mascotas?language=ca\">https:\/\/www.tibidabo.cat\/es\/agenda\/baila-con-las-mascotas?language=ca<\/a><\/li>\n<li><a href=\"https:\/\/www.disenodelaciudad.es\/plaza-tibidabo\/\">https:\/\/www.disenodelaciudad.es\/plaza-tibidabo\/<\/a><\/li>\n<\/ul>\n<p>&nbsp;<\/p>\n","protected":false},"excerpt":{"rendered":"<p>La nova pla\u00e7a del Jard\u00ed actua com a avantsala dels elements clau i la filosofia del parc d&#8217;atraccions de Barcelona, oferint als visitants de qualsevol edat una meravellosa vista panor\u00e0mica de la ciutat.<\/p>\n","protected":false},"author":2,"featured_media":28589,"comment_status":"closed","ping_status":"open","sticky":false,"template":"","format":"standard","meta":{"_acf_changed":false,"footnotes":""},"categories":[854],"tags":[869,789,843,1446],"class_list":["post-23796","post","type-post","status-publish","format-standard","has-post-thumbnail","hentry","category-projects","tag-barcelona","tag-llosa-vulcano","tag-terana","tag-tibidabo"],"acf":[],"yoast_head":"<!-- This site is optimized with the Yoast SEO plugin v28.3 - https:\/\/yoast.com\/product\/yoast-seo-wordpress\/ -->\n<title>Pla\u00e7a del Jard\u00ed, Parc d&#039;atraccions Tibidabo - Breinco<\/title>\n<meta name=\"robots\" content=\"index, follow, max-snippet:-1, max-image-preview:large, max-video-preview:-1\" \/>\n<link rel=\"canonical\" href=\"https:\/\/breinco.com\/ca\/breincosmartblog\/plaza-del-jardin-parque-de-atracciones-tibidabo\/\" \/>\n<meta property=\"og:locale\" content=\"ca_ES\" \/>\n<meta property=\"og:type\" content=\"article\" \/>\n<meta property=\"og:title\" content=\"Pla\u00e7a del Jard\u00ed, Parc d&#039;atraccions Tibidabo - Breinco\" \/>\n<meta property=\"og:description\" content=\"La nova pla\u00e7a del Jard\u00ed actua com a avantsala dels elements clau i la filosofia del parc d&#039;atraccions de Barcelona, oferint als visitants de qualsevol edat una meravellosa vista panor\u00e0mica de la ciutat.\" \/>\n<meta property=\"og:url\" content=\"https:\/\/breinco.com\/ca\/breincosmartblog\/plaza-del-jardin-parque-de-atracciones-tibidabo\/\" \/>\n<meta property=\"og:site_name\" content=\"Breinco\" \/>\n<meta property=\"article:publisher\" content=\"https:\/\/www.facebook.com\/breincosmart\/\" \/>\n<meta property=\"article:published_time\" content=\"2019-12-02T09:14:02+00:00\" \/>\n<meta property=\"article:modified_time\" content=\"2026-08-26T07:02:28+00:00\" \/>\n<meta property=\"og:image\" content=\"https:\/\/breinco.com\/wp-content\/uploads\/2019\/12\/GDR_2019_MIAS_TIBIDABO_06-1.jpg\" \/>\n\t<meta property=\"og:image:width\" content=\"1675\" \/>\n\t<meta property=\"og:image:height\" content=\"1400\" \/>\n\t<meta property=\"og:image:type\" content=\"image\/jpeg\" \/>\n<meta name=\"author\" content=\"breinco\" \/>\n<meta name=\"twitter:card\" content=\"summary_large_image\" \/>\n<meta name=\"twitter:creator\" content=\"@breincoGroup\" \/>\n<meta name=\"twitter:site\" content=\"@breincoGroup\" \/>\n<meta name=\"twitter:label1\" content=\"Escrit per\" \/>\n\t<meta name=\"twitter:data1\" content=\"breinco\" \/>\n\t<meta name=\"twitter:label2\" content=\"Temps estimat de lectura\" \/>\n\t<meta name=\"twitter:data2\" content=\"3 minuts\" \/>\n<script type=\"application\/ld+json\" class=\"yoast-schema-graph\">{\"@context\":\"https:\\\/\\\/schema.org\",\"@graph\":[{\"@type\":\"Article\",\"@id\":\"https:\\\/\\\/breinco.com\\\/ca\\\/breincosmartblog\\\/plaza-del-jardin-parque-de-atracciones-tibidabo\\\/#article\",\"isPartOf\":{\"@id\":\"https:\\\/\\\/breinco.com\\\/ca\\\/breincosmartblog\\\/plaza-del-jardin-parque-de-atracciones-tibidabo\\\/\"},\"author\":{\"name\":\"breinco\",\"@id\":\"https:\\\/\\\/breinco.com\\\/ca\\\/#\\\/schema\\\/person\\\/76934c343eed792c0e9b8dd8c0f6b3cd\"},\"headline\":\"Pla\u00e7a del Jard\u00ed, Parc d&#8217;atraccions Tibidabo\",\"datePublished\":\"2019-12-02T09:14:02+00:00\",\"dateModified\":\"2026-08-26T07:02:28+00:00\",\"mainEntityOfPage\":{\"@id\":\"https:\\\/\\\/breinco.com\\\/ca\\\/breincosmartblog\\\/plaza-del-jardin-parque-de-atracciones-tibidabo\\\/\"},\"wordCount\":418,\"publisher\":{\"@id\":\"https:\\\/\\\/breinco.com\\\/ca\\\/#organization\"},\"image\":{\"@id\":\"https:\\\/\\\/breinco.com\\\/ca\\\/breincosmartblog\\\/plaza-del-jardin-parque-de-atracciones-tibidabo\\\/#primaryimage\"},\"thumbnailUrl\":\"https:\\\/\\\/breinco.com\\\/wp-content\\\/uploads\\\/2019\\\/12\\\/GDR_2019_MIAS_TIBIDABO_06-1.jpg\",\"keywords\":[\"barcelona\",\"llosa vulcano\",\"terana\",\"Tibidabo\"],\"articleSection\":[\"Projects\"],\"inLanguage\":\"ca\"},{\"@type\":\"WebPage\",\"@id\":\"https:\\\/\\\/breinco.com\\\/ca\\\/breincosmartblog\\\/plaza-del-jardin-parque-de-atracciones-tibidabo\\\/\",\"url\":\"https:\\\/\\\/breinco.com\\\/ca\\\/breincosmartblog\\\/plaza-del-jardin-parque-de-atracciones-tibidabo\\\/\",\"name\":\"Pla\u00e7a del Jard\u00ed, Parc d'atraccions Tibidabo - Breinco\",\"isPartOf\":{\"@id\":\"https:\\\/\\\/breinco.com\\\/ca\\\/#website\"},\"primaryImageOfPage\":{\"@id\":\"https:\\\/\\\/breinco.com\\\/ca\\\/breincosmartblog\\\/plaza-del-jardin-parque-de-atracciones-tibidabo\\\/#primaryimage\"},\"image\":{\"@id\":\"https:\\\/\\\/breinco.com\\\/ca\\\/breincosmartblog\\\/plaza-del-jardin-parque-de-atracciones-tibidabo\\\/#primaryimage\"},\"thumbnailUrl\":\"https:\\\/\\\/breinco.com\\\/wp-content\\\/uploads\\\/2019\\\/12\\\/GDR_2019_MIAS_TIBIDABO_06-1.jpg\",\"datePublished\":\"2019-12-02T09:14:02+00:00\",\"dateModified\":\"2026-08-26T07:02:28+00:00\",\"breadcrumb\":{\"@id\":\"https:\\\/\\\/breinco.com\\\/ca\\\/breincosmartblog\\\/plaza-del-jardin-parque-de-atracciones-tibidabo\\\/#breadcrumb\"},\"inLanguage\":\"ca\",\"potentialAction\":[{\"@type\":\"ReadAction\",\"target\":[\"https:\\\/\\\/breinco.com\\\/ca\\\/breincosmartblog\\\/plaza-del-jardin-parque-de-atracciones-tibidabo\\\/\"]}]},{\"@type\":\"ImageObject\",\"inLanguage\":\"ca\",\"@id\":\"https:\\\/\\\/breinco.com\\\/ca\\\/breincosmartblog\\\/plaza-del-jardin-parque-de-atracciones-tibidabo\\\/#primaryimage\",\"url\":\"https:\\\/\\\/breinco.com\\\/wp-content\\\/uploads\\\/2019\\\/12\\\/GDR_2019_MIAS_TIBIDABO_06-1.jpg\",\"contentUrl\":\"https:\\\/\\\/breinco.com\\\/wp-content\\\/uploads\\\/2019\\\/12\\\/GDR_2019_MIAS_TIBIDABO_06-1.jpg\",\"width\":1675,\"height\":1400,\"caption\":\"Tibidabo\"},{\"@type\":\"BreadcrumbList\",\"@id\":\"https:\\\/\\\/breinco.com\\\/ca\\\/breincosmartblog\\\/plaza-del-jardin-parque-de-atracciones-tibidabo\\\/#breadcrumb\",\"itemListElement\":[{\"@type\":\"ListItem\",\"position\":1,\"name\":\"Portada\",\"item\":\"https:\\\/\\\/breinco.com\\\/ca\\\/\"},{\"@type\":\"ListItem\",\"position\":2,\"name\":\"Pla\u00e7a del Jard\u00ed, Parc d&#8217;atraccions Tibidabo\"}]},{\"@type\":\"WebSite\",\"@id\":\"https:\\\/\\\/breinco.com\\\/ca\\\/#website\",\"url\":\"https:\\\/\\\/breinco.com\\\/ca\\\/\",\"name\":\"Breinco\",\"description\":\"\",\"publisher\":{\"@id\":\"https:\\\/\\\/breinco.com\\\/ca\\\/#organization\"},\"alternateName\":\"Urban Furniture, Architecture and Landscaping\",\"potentialAction\":[{\"@type\":\"SearchAction\",\"target\":{\"@type\":\"EntryPoint\",\"urlTemplate\":\"https:\\\/\\\/breinco.com\\\/ca\\\/?s={search_term_string}\"},\"query-input\":{\"@type\":\"PropertyValueSpecification\",\"valueRequired\":true,\"valueName\":\"search_term_string\"}}],\"inLanguage\":\"ca\"},{\"@type\":\"Organization\",\"@id\":\"https:\\\/\\\/breinco.com\\\/ca\\\/#organization\",\"name\":\"Breinco\",\"url\":\"https:\\\/\\\/breinco.com\\\/ca\\\/\",\"logo\":{\"@type\":\"ImageObject\",\"inLanguage\":\"ca\",\"@id\":\"https:\\\/\\\/breinco.com\\\/ca\\\/#\\\/schema\\\/logo\\\/image\\\/\",\"url\":\"https:\\\/\\\/breinco.com\\\/wp-content\\\/uploads\\\/2025\\\/04\\\/breinco-brand.svg\",\"contentUrl\":\"https:\\\/\\\/breinco.com\\\/wp-content\\\/uploads\\\/2025\\\/04\\\/breinco-brand.svg\",\"width\":26,\"height\":58,\"caption\":\"Breinco\"},\"image\":{\"@id\":\"https:\\\/\\\/breinco.com\\\/ca\\\/#\\\/schema\\\/logo\\\/image\\\/\"},\"sameAs\":[\"https:\\\/\\\/www.facebook.com\\\/breincosmart\\\/\",\"https:\\\/\\\/x.com\\\/breincoGroup\",\"https:\\\/\\\/www.instagram.com\\\/breinco\\\/\",\"https:\\\/\\\/www.linkedin.com\\\/company\\\/breinco-esp\\\/\"]},{\"@type\":\"Person\",\"@id\":\"https:\\\/\\\/breinco.com\\\/ca\\\/#\\\/schema\\\/person\\\/76934c343eed792c0e9b8dd8c0f6b3cd\",\"name\":\"breinco\"}]}<\/script>\n<!-- \/ Yoast SEO plugin. -->","yoast_head_json":{"title":"Pla\u00e7a del Jard\u00ed, Parc d'atraccions Tibidabo - Breinco","robots":{"index":"index","follow":"follow","max-snippet":"max-snippet:-1","max-image-preview":"max-image-preview:large","max-video-preview":"max-video-preview:-1"},"canonical":"https:\/\/breinco.com\/ca\/breincosmartblog\/plaza-del-jardin-parque-de-atracciones-tibidabo\/","og_locale":"ca_ES","og_type":"article","og_title":"Pla\u00e7a del Jard\u00ed, Parc d'atraccions Tibidabo - Breinco","og_description":"La nova pla\u00e7a del Jard\u00ed actua com a avantsala dels elements clau i la filosofia del parc d'atraccions de Barcelona, oferint als visitants de qualsevol edat una meravellosa vista panor\u00e0mica de la ciutat.","og_url":"https:\/\/breinco.com\/ca\/breincosmartblog\/plaza-del-jardin-parque-de-atracciones-tibidabo\/","og_site_name":"Breinco","article_publisher":"https:\/\/www.facebook.com\/breincosmart\/","article_published_time":"2019-12-02T09:14:02+00:00","article_modified_time":"2026-08-26T07:02:28+00:00","og_image":[{"width":1675,"height":1400,"url":"https:\/\/breinco.com\/wp-content\/uploads\/2019\/12\/GDR_2019_MIAS_TIBIDABO_06-1.jpg","type":"image\/jpeg"}],"author":"breinco","twitter_card":"summary_large_image","twitter_creator":"@breincoGroup","twitter_site":"@breincoGroup","twitter_misc":{"Escrit per":"breinco","Temps estimat de lectura":"3 minuts"},"schema":{"@context":"https:\/\/schema.org","@graph":[{"@type":"Article","@id":"https:\/\/breinco.com\/ca\/breincosmartblog\/plaza-del-jardin-parque-de-atracciones-tibidabo\/#article","isPartOf":{"@id":"https:\/\/breinco.com\/ca\/breincosmartblog\/plaza-del-jardin-parque-de-atracciones-tibidabo\/"},"author":{"name":"breinco","@id":"https:\/\/breinco.com\/ca\/#\/schema\/person\/76934c343eed792c0e9b8dd8c0f6b3cd"},"headline":"Pla\u00e7a del Jard\u00ed, Parc d&#8217;atraccions Tibidabo","datePublished":"2019-12-02T09:14:02+00:00","dateModified":"2026-08-26T07:02:28+00:00","mainEntityOfPage":{"@id":"https:\/\/breinco.com\/ca\/breincosmartblog\/plaza-del-jardin-parque-de-atracciones-tibidabo\/"},"wordCount":418,"publisher":{"@id":"https:\/\/breinco.com\/ca\/#organization"},"image":{"@id":"https:\/\/breinco.com\/ca\/breincosmartblog\/plaza-del-jardin-parque-de-atracciones-tibidabo\/#primaryimage"},"thumbnailUrl":"https:\/\/breinco.com\/wp-content\/uploads\/2019\/12\/GDR_2019_MIAS_TIBIDABO_06-1.jpg","keywords":["barcelona","llosa vulcano","terana","Tibidabo"],"articleSection":["Projects"],"inLanguage":"ca"},{"@type":"WebPage","@id":"https:\/\/breinco.com\/ca\/breincosmartblog\/plaza-del-jardin-parque-de-atracciones-tibidabo\/","url":"https:\/\/breinco.com\/ca\/breincosmartblog\/plaza-del-jardin-parque-de-atracciones-tibidabo\/","name":"Pla\u00e7a del Jard\u00ed, Parc d'atraccions Tibidabo - Breinco","isPartOf":{"@id":"https:\/\/breinco.com\/ca\/#website"},"primaryImageOfPage":{"@id":"https:\/\/breinco.com\/ca\/breincosmartblog\/plaza-del-jardin-parque-de-atracciones-tibidabo\/#primaryimage"},"image":{"@id":"https:\/\/breinco.com\/ca\/breincosmartblog\/plaza-del-jardin-parque-de-atracciones-tibidabo\/#primaryimage"},"thumbnailUrl":"https:\/\/breinco.com\/wp-content\/uploads\/2019\/12\/GDR_2019_MIAS_TIBIDABO_06-1.jpg","datePublished":"2019-12-02T09:14:02+00:00","dateModified":"2026-08-26T07:02:28+00:00","breadcrumb":{"@id":"https:\/\/breinco.com\/ca\/breincosmartblog\/plaza-del-jardin-parque-de-atracciones-tibidabo\/#breadcrumb"},"inLanguage":"ca","potentialAction":[{"@type":"ReadAction","target":["https:\/\/breinco.com\/ca\/breincosmartblog\/plaza-del-jardin-parque-de-atracciones-tibidabo\/"]}]},{"@type":"ImageObject","inLanguage":"ca","@id":"https:\/\/breinco.com\/ca\/breincosmartblog\/plaza-del-jardin-parque-de-atracciones-tibidabo\/#primaryimage","url":"https:\/\/breinco.com\/wp-content\/uploads\/2019\/12\/GDR_2019_MIAS_TIBIDABO_06-1.jpg","contentUrl":"https:\/\/breinco.com\/wp-content\/uploads\/2019\/12\/GDR_2019_MIAS_TIBIDABO_06-1.jpg","width":1675,"height":1400,"caption":"Tibidabo"},{"@type":"BreadcrumbList","@id":"https:\/\/breinco.com\/ca\/breincosmartblog\/plaza-del-jardin-parque-de-atracciones-tibidabo\/#breadcrumb","itemListElement":[{"@type":"ListItem","position":1,"name":"Portada","item":"https:\/\/breinco.com\/ca\/"},{"@type":"ListItem","position":2,"name":"Pla\u00e7a del Jard\u00ed, Parc d&#8217;atraccions Tibidabo"}]},{"@type":"WebSite","@id":"https:\/\/breinco.com\/ca\/#website","url":"https:\/\/breinco.com\/ca\/","name":"Breinco","description":"","publisher":{"@id":"https:\/\/breinco.com\/ca\/#organization"},"alternateName":"Urban Furniture, Architecture and Landscaping","potentialAction":[{"@type":"SearchAction","target":{"@type":"EntryPoint","urlTemplate":"https:\/\/breinco.com\/ca\/?s={search_term_string}"},"query-input":{"@type":"PropertyValueSpecification","valueRequired":true,"valueName":"search_term_string"}}],"inLanguage":"ca"},{"@type":"Organization","@id":"https:\/\/breinco.com\/ca\/#organization","name":"Breinco","url":"https:\/\/breinco.com\/ca\/","logo":{"@type":"ImageObject","inLanguage":"ca","@id":"https:\/\/breinco.com\/ca\/#\/schema\/logo\/image\/","url":"https:\/\/breinco.com\/wp-content\/uploads\/2025\/04\/breinco-brand.svg","contentUrl":"https:\/\/breinco.com\/wp-content\/uploads\/2025\/04\/breinco-brand.svg","width":26,"height":58,"caption":"Breinco"},"image":{"@id":"https:\/\/breinco.com\/ca\/#\/schema\/logo\/image\/"},"sameAs":["https:\/\/www.facebook.com\/breincosmart\/","https:\/\/x.com\/breincoGroup","https:\/\/www.instagram.com\/breinco\/","https:\/\/www.linkedin.com\/company\/breinco-esp\/"]},{"@type":"Person","@id":"https:\/\/breinco.com\/ca\/#\/schema\/person\/76934c343eed792c0e9b8dd8c0f6b3cd","name":"breinco"}]}},"_links":{"self":[{"href":"https:\/\/breinco.com\/ca\/wp-json\/wp\/v2\/posts\/23796","targetHints":{"allow":["GET"]}}],"collection":[{"href":"https:\/\/breinco.com\/ca\/wp-json\/wp\/v2\/posts"}],"about":[{"href":"https:\/\/breinco.com\/ca\/wp-json\/wp\/v2\/types\/post"}],"author":[{"embeddable":true,"href":"https:\/\/breinco.com\/ca\/wp-json\/wp\/v2\/users\/2"}],"replies":[{"embeddable":true,"href":"https:\/\/breinco.com\/ca\/wp-json\/wp\/v2\/comments?post=23796"}],"version-history":[{"count":5,"href":"https:\/\/breinco.com\/ca\/wp-json\/wp\/v2\/posts\/23796\/revisions"}],"predecessor-version":[{"id":28595,"href":"https:\/\/breinco.com\/ca\/wp-json\/wp\/v2\/posts\/23796\/revisions\/28595"}],"wp:featuredmedia":[{"embeddable":true,"href":"https:\/\/breinco.com\/ca\/wp-json\/wp\/v2\/media\/28589"}],"wp:attachment":[{"href":"https:\/\/breinco.com\/ca\/wp-json\/wp\/v2\/media?parent=23796"}],"wp:term":[{"taxonomy":"category","embeddable":true,"href":"https:\/\/breinco.com\/ca\/wp-json\/wp\/v2\/categories?post=23796"},{"taxonomy":"post_tag","embeddable":true,"href":"https:\/\/breinco.com\/ca\/wp-json\/wp\/v2\/tags?post=23796"}],"curies":[{"name":"wp","href":"https:\/\/api.w.org\/{rel}","templated":true}]}}