{"id":23804,"date":"2020-11-17T09:42:50","date_gmt":"2020-11-17T08:42:50","guid":{"rendered":"https:\/\/breinco.com\/breincosmartblog\/la-remodelacion-de-la-avenida-del-mediterraneo-de-benidorm\/"},"modified":"2026-08-26T11:05:24","modified_gmt":"2026-08-26T09:05:24","slug":"la-remodelacion-de-la-avenida-del-mediterraneo-de-benidorm","status":"publish","type":"post","link":"https:\/\/breinco.com\/ca\/breincosmartblog\/la-remodelacion-de-la-avenida-del-mediterraneo-de-benidorm\/","title":{"rendered":"La remodelaci\u00f3 de l&#8217;Avinguda del Mediterrani de Benidorm"},"content":{"rendered":"<p><strong>Lloc<\/strong>:\u00a0Avenida del Mediterr\u00e1neo. Benidorm, Alicante. <strong>Guia Consultores SL * ICCP:<\/strong> Miguel \u00c1ngel Crespo * En la fase de projecte es va comptar amb la participaci\u00f3 d&#8217;Esteyco de la m\u00e0 de l&#8217;arquitecte A. Estany. <strong>Arquitecte:<\/strong>\u00a0<a href=\"https:\/\/joaquinalvado.wordpress.com\/\">Joaqu\u00edn Alvado Ba\u00f1on<\/a> <strong>Any:<\/strong>\u00a02020 <strong>Superf\u00edcie Fase I: <\/strong>26.720 m2 <strong>Paviment:<\/strong> Llamborda Benidorm 25x10x8cm de Breinco. <strong>Tecnologia de fabricaci\u00f3 paviment:<\/strong>\u00a0FluxCast\u00ae<\/p>\n<h2>La remodelaci\u00f3 de l&#8217;Avinguda del Mediterrani de Benidorm<\/h2>\n<p data-path-to-node=\"1\">El projecte consisteix en la remodelaci\u00f3 integral de l&#8217;avinguda principal de Benidorm i dels carrers i les places adjacents. La superf\u00edcie total de l&#8217;actuaci\u00f3 \u00e9s de 72.780 m\u00b2. Des del concurs es va plantejar com a <strong>objectiu revertir el concepte de ciutat basat en el vehicle i transformar-lo en un model d&#8217;urbanisme integrat<\/strong>. Per a aix\u00f2, es va dissenyar un sal\u00f3 urb\u00e0, un espai continu per al ciutad\u00e0. Benidorm \u00e9s una ciutat \u00fanica, dissenyada com a ciutat compacta i amb una planificaci\u00f3 altament sostenible; el projecte pret\u00e9n potenciar aquesta qualitat, integrant l&#8217;activitat privada amb la p\u00fablica i donant participaci\u00f3 a la ciutadania.<\/p>\n<figure id=\"attachment_2296\" aria-describedby=\"caption-attachment-2296\" style=\"width: 3840px\" class=\"wp-caption aligncenter\"><img fetchpriority=\"high\" decoding=\"async\" class=\"wp-image-2296 size-full\" src=\"https:\/\/breinco.com\/wp-content\/uploads\/2020\/11\/Plaza-Hispanidad-media-altura-scaled.jpg\" alt=\"\" width=\"3840\" height=\"2160\" \/><figcaption id=\"caption-attachment-2296\" class=\"wp-caption-text\">Pla\u00e7a de la Hispanitat<\/figcaption><\/figure>\n<h2>El projecte proposat t\u00e9 com a objectius:<\/h2>\n<ul>\n<li style=\"list-style-type: none;\">\n<ul>\n<li style=\"list-style-type: none;\">\n<ul>\n<li><strong>Reivindicar l&#8217;espai p\u00fablic com a lloc vivencial i de relaci\u00f3.<\/strong> L&#8217;avinguda deixa de ser un lloc de pas de vehicles i passa a concatenar espais p\u00fablics que potencien i ordenen l&#8217;escena urbana. La transformaci\u00f3 de l&#8217;ic\u00f2nic vial en un espai de relaci\u00f3 sorgeix dels \u00f2rgans de participaci\u00f3 ciutadana de Benidorm i de l&#8217;elaboraci\u00f3 de l&#8217;Estrat\u00e8gia de Desenvolupament Urb\u00e0 Sostenible i Integrat (EDUSI).<\/li>\n<li><strong>Els espais disponibles es distribueixen i s&#8217;equipen segons la funci\u00f3 que assumiran en el nou espai urb\u00e0.<\/strong> Aquesta distribuci\u00f3 at\u00e9n a les diferents mobilitats permeses, aix\u00ed com a la integraci\u00f3 visual del conjunt en l&#8217;escena urbana privada ja existent.<\/li>\n<li><strong>El projecte proposa recuperar la imatge del mar Mediterrani pel que fa a colors, atmosferes i sensacions,<\/strong> i per a aix\u00f2 la pavimentaci\u00f3 de vianants es dissenya amb un acabat \u00fanic d&#8217;HPC a partir d&#8217;una pe\u00e7a en tres tons: blanc, negre i blau el\u00e8ctric. El despe\u00e7ament dissenyat genera una transici\u00f3 de tonalitats des de les vores de la cal\u00e7ada (negre) cap a les fa\u00e7anes laterals (blanc), donant una sensaci\u00f3 de major a menor intensitat de gris. Tot el conjunt s&#8217;esquitxa amb el blau intens de la tercera pe\u00e7a, la qual destaca sobre els colors neutres generals.<\/li>\n<li><strong>Posada en valor de les esp\u00e8cies arbor\u00edcies considerant la ciutat com un ens imprescindible tant ambiental com paisatg\u00edstic. <\/strong>Les esp\u00e8cies de plantes s&#8217;han definit amb l&#8217;objectiu de conservar i enfortir l&#8217;ecosistema local, procurant conservar el m\u00e0xim de plataners existents i introduir plantacions aut\u00f2ctones de les hortes de l&#8217;extrarradi de la ciutat.<\/li>\n<li><strong>La ciutat es troba immersa en un proc\u00e9s d&#8217;innovaci\u00f3 i transformaci\u00f3 urbana.<\/strong> Aquest proc\u00e9s t\u00e9 un dels seus eixos principals en el turisme intel\u00b7ligent i en generar la digitalitzaci\u00f3 integral per a la transpar\u00e8ncia ciutadana. Dins del projecte, en el punt m\u00e9s singular, la conflu\u00e8ncia de l&#8217;avinguda amb la pla\u00e7a de la Hispanitat, se situa una tecno-fita, una estructura singular de 20 m d&#8217;altura recoberta de panells LED, que la transformaran en un punt de refer\u00e8ncia tecnol\u00f2gic d&#8217;informaci\u00f3, participaci\u00f3 i desenvolupament d&#8217;activitats ciutadanes a l&#8217;aire lliure, al cor de l&#8217;\u00e0rea de vianants.<\/li>\n<\/ul>\n<\/li>\n<\/ul>\n<\/li>\n<\/ul>\n<h2>Disseny de paviments urbans<\/h2>\n<p>A Breinco potenciem la relaci\u00f3 professional empresa-t\u00e8cnic a trav\u00e9s del disseny. Posem a la vostra disposici\u00f3 l&#8217;experi\u00e8ncia i la infraestructura per al <span class=\"citation-54 citation-end-54\">desenvolupament de productes i sistemes constructius dissenyats pel t\u00e8cnic amb l&#8217;objectiu de millorar prestacions, possibilitats compositives, formats, textures i colors. Viabilitzem les idees i intercanvi<\/span>em coneixement. Treballem amb equips externs de dissenyadors, arquitectes i enginyers amb una clara aposta per la sostenibilitat i el respecte al medi ambient.<\/p>\n<figure id=\"attachment_2294\" aria-describedby=\"caption-attachment-2294\" style=\"width: 3840px\" class=\"wp-caption aligncenter\"><img decoding=\"async\" class=\"wp-image-2294 size-full\" src=\"https:\/\/breinco.com\/wp-content\/uploads\/2020\/11\/Detalle-pavimento-5-scaled.jpg\" alt=\"\" width=\"3840\" height=\"2160\" \/><figcaption id=\"caption-attachment-2294\" class=\"wp-caption-text\">Llamborda Benidorm 25x10x8cm de Breinco amb tecnologia FluxCast\u00ae<\/figcaption><\/figure>\n<p data-path-to-node=\"8\">En la remodelaci\u00f3 de l&#8217;Avinguda del Mediterrani, el repte va ser la fabricaci\u00f3 d&#8217;una llamborda amb una textura a la superf\u00edcie dissenyada per l&#8217;arquitecte Joaqu\u00edn Alvado Ba\u00f1\u00f3n i l&#8217;ICCP Miguel \u00c1ngel Crespo, on el color i el relleu del paviment eren els protagonistes. El disseny busca aconseguir imatges que donin volum al conjunt. El dibuix permet que l&#8217;aigua es retingui en les formes ondulades amb forma de gotes, cosa que, en mullar-se, produeix reflexos depenent de la incid\u00e8ncia de la llum. Aquests reflexos permeten que en el paviment s&#8217;insereixin imatges dels arbres i del cel mediterrani.<\/p>\n<p data-path-to-node=\"9\">\n<figure id=\"attachment_2290\" aria-describedby=\"caption-attachment-2290\" style=\"width: 353px\" class=\"wp-caption aligncenter\"><img decoding=\"async\" class=\"wp-image-2290\" src=\"https:\/\/breinco.com\/wp-content\/uploads\/2020\/11\/Detalle-pavimento-2-negro-scaled.jpg\" alt=\"\" width=\"353\" height=\"536\" \/><figcaption id=\"caption-attachment-2290\" class=\"wp-caption-text\">Llamborda Benidorm 3 colors White, Black &amp; Blue.<\/figcaption><\/figure>\n<p data-path-to-node=\"9\">Breinco ha viabilitzat aquest disseny i ha desenvolupat una <strong>llamborda<\/strong> de dimensions geom\u00e8triques 25&#215;10 cm, de 8 cm de gruix, sense separadors, sense bisell, en colors Black, White &amp; Blue. Est\u00e0 fabricada amb la tecnologia <strong>FluxCast\u00ae<\/strong> amb \u00e0rids gran\u00edtics que li aporten unes altes prestacions de durabilitat. Els pigments que utilitzem per donar color s\u00f3n generalment \u00f2xids de ferro (el color blau \u00e9s blau de cobalt) que garanteixen la resist\u00e8ncia del color als raigs ultraviolats i a la climatologia. A m\u00e9s, s\u00f3n totalment innocus per al medi ambient. El color es mant\u00e9 al llarg dels anys.<\/p>\n<figure id=\"attachment_2289\" aria-describedby=\"caption-attachment-2289\" style=\"width: 3840px\" class=\"wp-caption aligncenter\"><img loading=\"lazy\" decoding=\"async\" class=\"wp-image-2289 size-full\" src=\"https:\/\/breinco.com\/wp-content\/uploads\/2020\/11\/Detalle-pavimento-1-scaled.jpg\" alt=\"\" width=\"3840\" height=\"2160\" \/><figcaption id=\"caption-attachment-2289\" class=\"wp-caption-text\">3 colors amb textura<\/figcaption><\/figure>\n<p data-path-to-node=\"10\">En la remodelaci\u00f3 de l&#8217;Avinguda del Mediterrani, la imatge que es busca \u00e9s la de la superf\u00edcie del mar Mediterrani amb les seves brillantors i moviments. La idea del projecte \u00e9s aconseguir un disseny din\u00e0mic que canvi\u00ef amb la llum rasant al llarg del temps. Les formes ondulades se suplementen en un dibuix general, i es poden col\u00b7locar aleat\u00f2riament, ja que les peces encaixen en qualsevol disposici\u00f3.<\/p>\n<h2>Bibliografia:<\/h2>\n<ul>\n<li><a href=\"https:\/\/alicanteplaza.es\/la-avenida-del-mediterraneo-la-gran-arteria-de-benidorm-reconvertida-en-espaciosaludabe-para-el-peaton\">https:\/\/alicanteplaza.es\/la-avenida-del-mediterraneo-la-gran-arteria-de-benidorm-reconvertida-en-espaciosaludabe-para-el-peaton<\/a><\/li>\n<\/ul>\n","protected":false},"excerpt":{"rendered":"<p>La remodelaci\u00f3 de l&#8217;Avinguda del Mediterrani de Benidorm s&#8217;ha dut a terme amb l&#8217;objectiu de convertir-la en un sal\u00f3 urb\u00e0 sostenible i integrat com a model urb\u00e0 multifuncional.<\/p>\n","protected":false},"author":2,"featured_media":23805,"comment_status":"closed","ping_status":"open","sticky":false,"template":"","format":"standard","meta":{"_acf_changed":false,"footnotes":""},"categories":[868,854],"tags":[1211,1458,1273],"class_list":["post-23804","post","type-post","status-publish","format-standard","has-post-thumbnail","hentry","category-corporative","category-projects","tag-adoquin","tag-benidorm","tag-pavimento"],"acf":[],"yoast_head":"<!-- This site is optimized with the Yoast SEO plugin v28.3 - https:\/\/yoast.com\/product\/yoast-seo-wordpress\/ -->\n<title>La remodelaci\u00f3 de l&#039;Avinguda del Mediterrani de Benidorm - Breinco<\/title>\n<meta name=\"robots\" content=\"index, follow, max-snippet:-1, max-image-preview:large, max-video-preview:-1\" \/>\n<link rel=\"canonical\" href=\"https:\/\/breinco.com\/ca\/breincosmartblog\/la-remodelacion-de-la-avenida-del-mediterraneo-de-benidorm\/\" \/>\n<meta property=\"og:locale\" content=\"ca_ES\" \/>\n<meta property=\"og:type\" content=\"article\" \/>\n<meta property=\"og:title\" content=\"La remodelaci\u00f3 de l&#039;Avinguda del Mediterrani de Benidorm - Breinco\" \/>\n<meta property=\"og:description\" content=\"La remodelaci\u00f3 de l&#039;Avinguda del Mediterrani de Benidorm s&#039;ha dut a terme amb l&#039;objectiu de convertir-la en un sal\u00f3 urb\u00e0 sostenible i integrat com a model urb\u00e0 multifuncional.\" \/>\n<meta property=\"og:url\" content=\"https:\/\/breinco.com\/ca\/breincosmartblog\/la-remodelacion-de-la-avenida-del-mediterraneo-de-benidorm\/\" \/>\n<meta property=\"og:site_name\" content=\"Breinco\" \/>\n<meta property=\"article:publisher\" content=\"https:\/\/www.facebook.com\/breincosmart\/\" \/>\n<meta property=\"article:published_time\" content=\"2020-11-17T08:42:50+00:00\" \/>\n<meta property=\"article:modified_time\" content=\"2026-08-26T09:05:24+00:00\" \/>\n<meta property=\"og:image\" content=\"https:\/\/breinco.com\/wp-content\/uploads\/2020\/11\/Detalle-pavimento-4-scaled.jpg\" \/>\n\t<meta property=\"og:image:width\" content=\"2560\" \/>\n\t<meta property=\"og:image:height\" content=\"1440\" \/>\n\t<meta property=\"og:image:type\" content=\"image\/jpeg\" \/>\n<meta name=\"author\" content=\"breinco\" \/>\n<meta name=\"twitter:card\" content=\"summary_large_image\" \/>\n<meta name=\"twitter:creator\" content=\"@breincoGroup\" \/>\n<meta name=\"twitter:site\" content=\"@breincoGroup\" \/>\n<meta name=\"twitter:label1\" content=\"Escrit per\" \/>\n\t<meta name=\"twitter:data1\" content=\"breinco\" \/>\n\t<meta name=\"twitter:label2\" content=\"Temps estimat de lectura\" \/>\n\t<meta name=\"twitter:data2\" content=\"5 minuts\" \/>\n<script type=\"application\/ld+json\" class=\"yoast-schema-graph\">{\"@context\":\"https:\\\/\\\/schema.org\",\"@graph\":[{\"@type\":\"Article\",\"@id\":\"https:\\\/\\\/breinco.com\\\/ca\\\/breincosmartblog\\\/la-remodelacion-de-la-avenida-del-mediterraneo-de-benidorm\\\/#article\",\"isPartOf\":{\"@id\":\"https:\\\/\\\/breinco.com\\\/ca\\\/breincosmartblog\\\/la-remodelacion-de-la-avenida-del-mediterraneo-de-benidorm\\\/\"},\"author\":{\"name\":\"breinco\",\"@id\":\"https:\\\/\\\/breinco.com\\\/ca\\\/#\\\/schema\\\/person\\\/76934c343eed792c0e9b8dd8c0f6b3cd\"},\"headline\":\"La remodelaci\u00f3 de l&#8217;Avinguda del Mediterrani de Benidorm\",\"datePublished\":\"2020-11-17T08:42:50+00:00\",\"dateModified\":\"2026-08-26T09:05:24+00:00\",\"mainEntityOfPage\":{\"@id\":\"https:\\\/\\\/breinco.com\\\/ca\\\/breincosmartblog\\\/la-remodelacion-de-la-avenida-del-mediterraneo-de-benidorm\\\/\"},\"wordCount\":997,\"publisher\":{\"@id\":\"https:\\\/\\\/breinco.com\\\/ca\\\/#organization\"},\"image\":{\"@id\":\"https:\\\/\\\/breinco.com\\\/ca\\\/breincosmartblog\\\/la-remodelacion-de-la-avenida-del-mediterraneo-de-benidorm\\\/#primaryimage\"},\"thumbnailUrl\":\"https:\\\/\\\/breinco.com\\\/wp-content\\\/uploads\\\/2020\\\/11\\\/Detalle-pavimento-4-scaled.jpg\",\"keywords\":[\"adoquin\",\"benidorm\",\"pavimento\"],\"articleSection\":[\"Corporative\",\"Projects\"],\"inLanguage\":\"ca\"},{\"@type\":\"WebPage\",\"@id\":\"https:\\\/\\\/breinco.com\\\/ca\\\/breincosmartblog\\\/la-remodelacion-de-la-avenida-del-mediterraneo-de-benidorm\\\/\",\"url\":\"https:\\\/\\\/breinco.com\\\/ca\\\/breincosmartblog\\\/la-remodelacion-de-la-avenida-del-mediterraneo-de-benidorm\\\/\",\"name\":\"La remodelaci\u00f3 de l'Avinguda del Mediterrani de Benidorm - Breinco\",\"isPartOf\":{\"@id\":\"https:\\\/\\\/breinco.com\\\/ca\\\/#website\"},\"primaryImageOfPage\":{\"@id\":\"https:\\\/\\\/breinco.com\\\/ca\\\/breincosmartblog\\\/la-remodelacion-de-la-avenida-del-mediterraneo-de-benidorm\\\/#primaryimage\"},\"image\":{\"@id\":\"https:\\\/\\\/breinco.com\\\/ca\\\/breincosmartblog\\\/la-remodelacion-de-la-avenida-del-mediterraneo-de-benidorm\\\/#primaryimage\"},\"thumbnailUrl\":\"https:\\\/\\\/breinco.com\\\/wp-content\\\/uploads\\\/2020\\\/11\\\/Detalle-pavimento-4-scaled.jpg\",\"datePublished\":\"2020-11-17T08:42:50+00:00\",\"dateModified\":\"2026-08-26T09:05:24+00:00\",\"breadcrumb\":{\"@id\":\"https:\\\/\\\/breinco.com\\\/ca\\\/breincosmartblog\\\/la-remodelacion-de-la-avenida-del-mediterraneo-de-benidorm\\\/#breadcrumb\"},\"inLanguage\":\"ca\",\"potentialAction\":[{\"@type\":\"ReadAction\",\"target\":[\"https:\\\/\\\/breinco.com\\\/ca\\\/breincosmartblog\\\/la-remodelacion-de-la-avenida-del-mediterraneo-de-benidorm\\\/\"]}]},{\"@type\":\"ImageObject\",\"inLanguage\":\"ca\",\"@id\":\"https:\\\/\\\/breinco.com\\\/ca\\\/breincosmartblog\\\/la-remodelacion-de-la-avenida-del-mediterraneo-de-benidorm\\\/#primaryimage\",\"url\":\"https:\\\/\\\/breinco.com\\\/wp-content\\\/uploads\\\/2020\\\/11\\\/Detalle-pavimento-4-scaled.jpg\",\"contentUrl\":\"https:\\\/\\\/breinco.com\\\/wp-content\\\/uploads\\\/2020\\\/11\\\/Detalle-pavimento-4-scaled.jpg\",\"width\":2560,\"height\":1440},{\"@type\":\"BreadcrumbList\",\"@id\":\"https:\\\/\\\/breinco.com\\\/ca\\\/breincosmartblog\\\/la-remodelacion-de-la-avenida-del-mediterraneo-de-benidorm\\\/#breadcrumb\",\"itemListElement\":[{\"@type\":\"ListItem\",\"position\":1,\"name\":\"Portada\",\"item\":\"https:\\\/\\\/breinco.com\\\/ca\\\/\"},{\"@type\":\"ListItem\",\"position\":2,\"name\":\"La remodelaci\u00f3 de l&#8217;Avinguda del Mediterrani de Benidorm\"}]},{\"@type\":\"WebSite\",\"@id\":\"https:\\\/\\\/breinco.com\\\/ca\\\/#website\",\"url\":\"https:\\\/\\\/breinco.com\\\/ca\\\/\",\"name\":\"Breinco\",\"description\":\"\",\"publisher\":{\"@id\":\"https:\\\/\\\/breinco.com\\\/ca\\\/#organization\"},\"alternateName\":\"Urban Furniture, Architecture and Landscaping\",\"potentialAction\":[{\"@type\":\"SearchAction\",\"target\":{\"@type\":\"EntryPoint\",\"urlTemplate\":\"https:\\\/\\\/breinco.com\\\/ca\\\/?s={search_term_string}\"},\"query-input\":{\"@type\":\"PropertyValueSpecification\",\"valueRequired\":true,\"valueName\":\"search_term_string\"}}],\"inLanguage\":\"ca\"},{\"@type\":\"Organization\",\"@id\":\"https:\\\/\\\/breinco.com\\\/ca\\\/#organization\",\"name\":\"Breinco\",\"url\":\"https:\\\/\\\/breinco.com\\\/ca\\\/\",\"logo\":{\"@type\":\"ImageObject\",\"inLanguage\":\"ca\",\"@id\":\"https:\\\/\\\/breinco.com\\\/ca\\\/#\\\/schema\\\/logo\\\/image\\\/\",\"url\":\"https:\\\/\\\/breinco.com\\\/wp-content\\\/uploads\\\/2025\\\/04\\\/breinco-brand.svg\",\"contentUrl\":\"https:\\\/\\\/breinco.com\\\/wp-content\\\/uploads\\\/2025\\\/04\\\/breinco-brand.svg\",\"width\":26,\"height\":58,\"caption\":\"Breinco\"},\"image\":{\"@id\":\"https:\\\/\\\/breinco.com\\\/ca\\\/#\\\/schema\\\/logo\\\/image\\\/\"},\"sameAs\":[\"https:\\\/\\\/www.facebook.com\\\/breincosmart\\\/\",\"https:\\\/\\\/x.com\\\/breincoGroup\",\"https:\\\/\\\/www.instagram.com\\\/breinco\\\/\",\"https:\\\/\\\/www.linkedin.com\\\/company\\\/breinco-esp\\\/\"]},{\"@type\":\"Person\",\"@id\":\"https:\\\/\\\/breinco.com\\\/ca\\\/#\\\/schema\\\/person\\\/76934c343eed792c0e9b8dd8c0f6b3cd\",\"name\":\"breinco\"}]}<\/script>\n<!-- \/ Yoast SEO plugin. -->","yoast_head_json":{"title":"La remodelaci\u00f3 de l'Avinguda del Mediterrani de Benidorm - Breinco","robots":{"index":"index","follow":"follow","max-snippet":"max-snippet:-1","max-image-preview":"max-image-preview:large","max-video-preview":"max-video-preview:-1"},"canonical":"https:\/\/breinco.com\/ca\/breincosmartblog\/la-remodelacion-de-la-avenida-del-mediterraneo-de-benidorm\/","og_locale":"ca_ES","og_type":"article","og_title":"La remodelaci\u00f3 de l'Avinguda del Mediterrani de Benidorm - Breinco","og_description":"La remodelaci\u00f3 de l'Avinguda del Mediterrani de Benidorm s'ha dut a terme amb l'objectiu de convertir-la en un sal\u00f3 urb\u00e0 sostenible i integrat com a model urb\u00e0 multifuncional.","og_url":"https:\/\/breinco.com\/ca\/breincosmartblog\/la-remodelacion-de-la-avenida-del-mediterraneo-de-benidorm\/","og_site_name":"Breinco","article_publisher":"https:\/\/www.facebook.com\/breincosmart\/","article_published_time":"2020-11-17T08:42:50+00:00","article_modified_time":"2026-08-26T09:05:24+00:00","og_image":[{"width":2560,"height":1440,"url":"https:\/\/breinco.com\/wp-content\/uploads\/2020\/11\/Detalle-pavimento-4-scaled.jpg","type":"image\/jpeg"}],"author":"breinco","twitter_card":"summary_large_image","twitter_creator":"@breincoGroup","twitter_site":"@breincoGroup","twitter_misc":{"Escrit per":"breinco","Temps estimat de lectura":"5 minuts"},"schema":{"@context":"https:\/\/schema.org","@graph":[{"@type":"Article","@id":"https:\/\/breinco.com\/ca\/breincosmartblog\/la-remodelacion-de-la-avenida-del-mediterraneo-de-benidorm\/#article","isPartOf":{"@id":"https:\/\/breinco.com\/ca\/breincosmartblog\/la-remodelacion-de-la-avenida-del-mediterraneo-de-benidorm\/"},"author":{"name":"breinco","@id":"https:\/\/breinco.com\/ca\/#\/schema\/person\/76934c343eed792c0e9b8dd8c0f6b3cd"},"headline":"La remodelaci\u00f3 de l&#8217;Avinguda del Mediterrani de Benidorm","datePublished":"2020-11-17T08:42:50+00:00","dateModified":"2026-08-26T09:05:24+00:00","mainEntityOfPage":{"@id":"https:\/\/breinco.com\/ca\/breincosmartblog\/la-remodelacion-de-la-avenida-del-mediterraneo-de-benidorm\/"},"wordCount":997,"publisher":{"@id":"https:\/\/breinco.com\/ca\/#organization"},"image":{"@id":"https:\/\/breinco.com\/ca\/breincosmartblog\/la-remodelacion-de-la-avenida-del-mediterraneo-de-benidorm\/#primaryimage"},"thumbnailUrl":"https:\/\/breinco.com\/wp-content\/uploads\/2020\/11\/Detalle-pavimento-4-scaled.jpg","keywords":["adoquin","benidorm","pavimento"],"articleSection":["Corporative","Projects"],"inLanguage":"ca"},{"@type":"WebPage","@id":"https:\/\/breinco.com\/ca\/breincosmartblog\/la-remodelacion-de-la-avenida-del-mediterraneo-de-benidorm\/","url":"https:\/\/breinco.com\/ca\/breincosmartblog\/la-remodelacion-de-la-avenida-del-mediterraneo-de-benidorm\/","name":"La remodelaci\u00f3 de l'Avinguda del Mediterrani de Benidorm - Breinco","isPartOf":{"@id":"https:\/\/breinco.com\/ca\/#website"},"primaryImageOfPage":{"@id":"https:\/\/breinco.com\/ca\/breincosmartblog\/la-remodelacion-de-la-avenida-del-mediterraneo-de-benidorm\/#primaryimage"},"image":{"@id":"https:\/\/breinco.com\/ca\/breincosmartblog\/la-remodelacion-de-la-avenida-del-mediterraneo-de-benidorm\/#primaryimage"},"thumbnailUrl":"https:\/\/breinco.com\/wp-content\/uploads\/2020\/11\/Detalle-pavimento-4-scaled.jpg","datePublished":"2020-11-17T08:42:50+00:00","dateModified":"2026-08-26T09:05:24+00:00","breadcrumb":{"@id":"https:\/\/breinco.com\/ca\/breincosmartblog\/la-remodelacion-de-la-avenida-del-mediterraneo-de-benidorm\/#breadcrumb"},"inLanguage":"ca","potentialAction":[{"@type":"ReadAction","target":["https:\/\/breinco.com\/ca\/breincosmartblog\/la-remodelacion-de-la-avenida-del-mediterraneo-de-benidorm\/"]}]},{"@type":"ImageObject","inLanguage":"ca","@id":"https:\/\/breinco.com\/ca\/breincosmartblog\/la-remodelacion-de-la-avenida-del-mediterraneo-de-benidorm\/#primaryimage","url":"https:\/\/breinco.com\/wp-content\/uploads\/2020\/11\/Detalle-pavimento-4-scaled.jpg","contentUrl":"https:\/\/breinco.com\/wp-content\/uploads\/2020\/11\/Detalle-pavimento-4-scaled.jpg","width":2560,"height":1440},{"@type":"BreadcrumbList","@id":"https:\/\/breinco.com\/ca\/breincosmartblog\/la-remodelacion-de-la-avenida-del-mediterraneo-de-benidorm\/#breadcrumb","itemListElement":[{"@type":"ListItem","position":1,"name":"Portada","item":"https:\/\/breinco.com\/ca\/"},{"@type":"ListItem","position":2,"name":"La remodelaci\u00f3 de l&#8217;Avinguda del Mediterrani de Benidorm"}]},{"@type":"WebSite","@id":"https:\/\/breinco.com\/ca\/#website","url":"https:\/\/breinco.com\/ca\/","name":"Breinco","description":"","publisher":{"@id":"https:\/\/breinco.com\/ca\/#organization"},"alternateName":"Urban Furniture, Architecture and Landscaping","potentialAction":[{"@type":"SearchAction","target":{"@type":"EntryPoint","urlTemplate":"https:\/\/breinco.com\/ca\/?s={search_term_string}"},"query-input":{"@type":"PropertyValueSpecification","valueRequired":true,"valueName":"search_term_string"}}],"inLanguage":"ca"},{"@type":"Organization","@id":"https:\/\/breinco.com\/ca\/#organization","name":"Breinco","url":"https:\/\/breinco.com\/ca\/","logo":{"@type":"ImageObject","inLanguage":"ca","@id":"https:\/\/breinco.com\/ca\/#\/schema\/logo\/image\/","url":"https:\/\/breinco.com\/wp-content\/uploads\/2025\/04\/breinco-brand.svg","contentUrl":"https:\/\/breinco.com\/wp-content\/uploads\/2025\/04\/breinco-brand.svg","width":26,"height":58,"caption":"Breinco"},"image":{"@id":"https:\/\/breinco.com\/ca\/#\/schema\/logo\/image\/"},"sameAs":["https:\/\/www.facebook.com\/breincosmart\/","https:\/\/x.com\/breincoGroup","https:\/\/www.instagram.com\/breinco\/","https:\/\/www.linkedin.com\/company\/breinco-esp\/"]},{"@type":"Person","@id":"https:\/\/breinco.com\/ca\/#\/schema\/person\/76934c343eed792c0e9b8dd8c0f6b3cd","name":"breinco"}]}},"_links":{"self":[{"href":"https:\/\/breinco.com\/ca\/wp-json\/wp\/v2\/posts\/23804","targetHints":{"allow":["GET"]}}],"collection":[{"href":"https:\/\/breinco.com\/ca\/wp-json\/wp\/v2\/posts"}],"about":[{"href":"https:\/\/breinco.com\/ca\/wp-json\/wp\/v2\/types\/post"}],"author":[{"embeddable":true,"href":"https:\/\/breinco.com\/ca\/wp-json\/wp\/v2\/users\/2"}],"replies":[{"embeddable":true,"href":"https:\/\/breinco.com\/ca\/wp-json\/wp\/v2\/comments?post=23804"}],"version-history":[{"count":1,"href":"https:\/\/breinco.com\/ca\/wp-json\/wp\/v2\/posts\/23804\/revisions"}],"predecessor-version":[{"id":28693,"href":"https:\/\/breinco.com\/ca\/wp-json\/wp\/v2\/posts\/23804\/revisions\/28693"}],"wp:featuredmedia":[{"embeddable":true,"href":"https:\/\/breinco.com\/ca\/wp-json\/wp\/v2\/media\/23805"}],"wp:attachment":[{"href":"https:\/\/breinco.com\/ca\/wp-json\/wp\/v2\/media?parent=23804"}],"wp:term":[{"taxonomy":"category","embeddable":true,"href":"https:\/\/breinco.com\/ca\/wp-json\/wp\/v2\/categories?post=23804"},{"taxonomy":"post_tag","embeddable":true,"href":"https:\/\/breinco.com\/ca\/wp-json\/wp\/v2\/tags?post=23804"}],"curies":[{"name":"wp","href":"https:\/\/api.w.org\/{rel}","templated":true}]}}