{"id":23814,"date":"2019-11-08T07:51:15","date_gmt":"2019-11-08T06:51:15","guid":{"rendered":"https:\/\/breinco.com\/breincosmartblog\/eliseu-guillamon-paisajista-parque-de-les-veles-calella\/"},"modified":"2026-08-26T08:23:17","modified_gmt":"2026-08-26T06:23:17","slug":"eliseu-guillamon-paisajista-parque-de-les-veles-calella","status":"publish","type":"post","link":"https:\/\/breinco.com\/ca\/breincosmartblog\/eliseu-guillamon-paisajista-parque-de-les-veles-calella\/","title":{"rendered":"Eliseu Guillamon, paisatgista | Parc de les Veles, Calella"},"content":{"rendered":"<h2><strong><a href=\"https:\/\/www.eliseupaisatgista.cat\/\">Eliseu Guillamon<\/a>\u00a0<\/strong><\/h2>\n<p data-path-to-node=\"0\">Enginyer t\u00e8cnic agr\u00edcola i paisatgista AEP. Especialitzat en l&#8217;ordenaci\u00f3, disseny i gesti\u00f3 de parcs i jardins p\u00fablics basant-se en els criteris de sostenibilitat i efici\u00e8ncia. \u00c9s tamb\u00e9 t\u00e8cnic en el disseny i construcci\u00f3 de jardins singulars d&#8217;\u00fas familiar, comunitari o corporatiu. Du a terme estudis de l&#8217;arbrat singular o d&#8217;inter\u00e8s local, aix\u00ed com tamb\u00e9 projectes de restauraci\u00f3 del medi natural, especialment en ambients fluvials i forestals. Des de la captaci\u00f3 de l&#8217;aigua, les piscines de bany natural, estanys, basses i llacs, fins a la seva depuraci\u00f3 biol\u00f2gica i reutilitzaci\u00f3.<\/p>\n<p data-path-to-node=\"1\">\n<h2>Parc de les Veles a Calella (Barcelona)<\/h2>\n<p>Les antigues pistes d&#8217;atletisme que des de fa anys estaven en des\u00fas han donat lloc al nou Parc de les Veles a Calella. L&#8217;actuaci\u00f3 ha consistit en la millora integral de l&#8217;espai que hi ha entre el cementiri municipal, el club n\u00e0utic i el camp de futbol, un espai de 3.321 metres quadrats. S&#8217;ha arreglat un passeig, pavimentat amb llambordes que enllacen el final del passeig de Manuel Puigvert amb el revolt de la banda del cementiri.<\/p>\n<figure id=\"attachment_1966\" aria-describedby=\"caption-attachment-1966\" style=\"width: 720px\" class=\"wp-caption aligncenter\"><img fetchpriority=\"high\" decoding=\"async\" class=\"wp-image-1966 size-full\" src=\"https:\/\/breinco.com\/wp-content\/uploads\/2019\/11\/PARC_DE_LES_VELES-720x340-1.jpg\" alt=\"Parque de les Veles, Calella\" width=\"720\" height=\"340\" \/><figcaption id=\"caption-attachment-1966\" class=\"wp-caption-text\">Pl\u00e0nol Parc de les Veles, Calella<\/figcaption><\/figure>\n<p data-path-to-node=\"2\">El nou Parc consta d&#8217;una zona de jocs infantils, concretament 4 jocs en forma de vaixells, que ofereixen una tem\u00e0tica unit\u00e0ria al voltant del mar, i s&#8217;han col\u00b7locat tamb\u00e9 aparells de gimn\u00e0s.<\/p>\n<figure id=\"attachment_1945\" aria-describedby=\"caption-attachment-1945\" style=\"width: 1600px\" class=\"wp-caption aligncenter\"><img decoding=\"async\" class=\"wp-image-1945 size-full\" src=\"https:\/\/breinco.com\/wp-content\/uploads\/2019\/11\/WhatsApp-Image-2019-09-20-at-17.37.17-1.jpeg\" alt=\"Parque de les Veles, Calella\" width=\"1600\" height=\"1200\" \/><figcaption id=\"caption-attachment-1945\" class=\"wp-caption-text\">Parc de les Veles, Calella<\/figcaption><\/figure>\n<p>L&#8217;aspecte m\u00e9s innovador del parc \u00e9s l&#8217;\u00e0rea on hi ha <span class=\"citation-96 citation-97 citation-end-97\">la font ornamental de sortidors interactius distribu\u00efts pel terra, que permeten refrescar-se i jugar. Les fonts actuen com a zona de joc, disposen de sortidors situats a terra, que empenyen l&#8217;aigua cap amunt a diferents pot\u00e8ncies, per la qual cosa els raigs <\/span><span class=\"citation-96 citation-end-96\">d&#8217;aigua canvien d&#8217;al\u00e7<\/span>ada.<\/p>\n<div class=\"source-inline-chip-container luminous-sources ng-star-inserted\"><\/div>\n<figure id=\"attachment_1947\" aria-describedby=\"caption-attachment-1947\" style=\"width: 1024px\" class=\"wp-caption aligncenter\"><img decoding=\"async\" class=\"wp-image-1947 size-full\" src=\"https:\/\/breinco.com\/wp-content\/uploads\/2019\/11\/70876960_1435725389912250_4371360530674221056_o.jpg\" alt=\"Parque de les Veles, Calella\" width=\"1024\" height=\"768\" \/><figcaption id=\"caption-attachment-1947\" class=\"wp-caption-text\">Font ornamental &#8211; Parc de les Veles, Calella<\/figcaption><\/figure>\n<p data-path-to-node=\"4\">Com a resultat del vial, s&#8217;han instal\u00b7lat uns espais enjardinats, fets amb una selecci\u00f3 espec\u00edfica d&#8217;esp\u00e8cies vegetals de platja i aut\u00f2ctones, amb una tanca de pals verticals de fusta. Breinco ha col\u00b7laborat en les obres del Parc de les Veles amb el seu paviment Llosa Vulcano, llamborda Terana Light i pe\u00e7a de gra\u00f3 Superstep.<\/p>\n<h2>Paviment Llosa Vulcano<\/h2>\n<p>El final del Passeig de Mar \u00e9s ara un lloc amb encant gr\u00e0cies al paviment <a href=\"https:\/\/www.breinco.com\/es\/pavimentos-de-exterior\/adoquines\/llosa-vulcano\/?medida=2\">Llosa Vulcano<\/a>\u00a0 30x10x8 cm en els colors marfil i corten. L&#8217;acabat de la Llosa Vulcano \u00e9s lleugerament texturat amb una protecci\u00f3 invisible antitaques que real\u00e7a el color. L&#8217;\u00fas de l&#8217;\u00e0rid gran\u00edtic en la seva fabricaci\u00f3 assegura la seva durabilitat i un bon aspecte amb el pas del temps. \u00c9s altament resistent al desgast i a l&#8217;abrasi\u00f3. No s&#8217;altera, no crema, ni canvia de color amb la radiaci\u00f3 solar. Tolera b\u00e9 els canvis de temperatura entre el dia i la nit. Compleix amb la classe 3 Rd&gt;45 UNE EN 12633 de m\u00e0xima seguretat antilliscant.<\/p>\n<figure id=\"attachment_1949\" aria-describedby=\"caption-attachment-1949\" style=\"width: 1024px\" class=\"wp-caption aligncenter\"><img loading=\"lazy\" decoding=\"async\" class=\"wp-image-1949 size-full\" src=\"https:\/\/breinco.com\/wp-content\/uploads\/2019\/11\/71177812_1435725286578927_2193185866715758592_o.jpg\" alt=\"Parque de les veles , Calella\" width=\"1024\" height=\"768\" \/><figcaption id=\"caption-attachment-1949\" class=\"wp-caption-text\">Parc de les veles , Calella<\/figcaption><\/figure>\n<h2>Llamborda Terana Light i esgla\u00f3 Superstep<\/h2>\n<p>El paviment de la font ornamental de sortidors interactius est\u00e0 elaborat amb la llamborda <a href=\"https:\/\/www.breinco.com\/es\/pavimentos-de-exterior\/adoquines\/terana-light\/\">Terana Light<\/a>. Terana Light \u00e9s una llamborda rectangular tradicional amb les seves l\u00ednies ben definides, la seva forma i la seva superf\u00edcie plana. Una llamborda simple per\u00f2 cl\u00e0ssica que crea un ambient arm\u00f2nic i amb una gran possibilitat d&#8217;expressi\u00f3. Aquesta llamborda s&#8217;ha col\u00b7locat amb una base de morter i amb les juntes segellades impermeables a l&#8217;aigua.<\/p>\n<figure id=\"attachment_1944\" aria-describedby=\"caption-attachment-1944\" style=\"width: 1600px\" class=\"wp-caption aligncenter\"><img loading=\"lazy\" decoding=\"async\" class=\"wp-image-1944 size-full\" src=\"https:\/\/breinco.com\/wp-content\/uploads\/2019\/11\/Terana-park-arena-parc-de-la-vela-calella.jpeg\" alt=\"Fuente ornamental - Parque de les veles , Calella\" width=\"1600\" height=\"1200\" \/><figcaption id=\"caption-attachment-1944\" class=\"wp-caption-text\">Font ornamental &#8211; Parc de les Veles, Calella<\/figcaption><\/figure>\n<p>El pas compost entre la font i l&#8217;entrada del parc s&#8217;ha solucionat amb la pe\u00e7a <a href=\"https:\/\/www.breinco.com\/es\/urbanizacion\/escalones\/superstep\/\">Superstep<\/a>. Un element de 1,20&#215;0,40&#215;0,15 cm pr\u00e0ctic i de f\u00e0cil instal\u00b7laci\u00f3.<\/p>\n<p data-path-to-node=\"8\">\n<figure id=\"attachment_1928\" aria-describedby=\"caption-attachment-1928\" style=\"width: 1024px\" class=\"wp-caption aligncenter\"><img loading=\"lazy\" decoding=\"async\" class=\"wp-image-1928 size-full\" src=\"https:\/\/breinco.com\/wp-content\/uploads\/2019\/11\/667_parc-veles_eliseupaisatgista_2.jpg\" alt=\" Parque de les Veles , Calella\" width=\"1024\" height=\"768\" \/><figcaption id=\"caption-attachment-1928\" class=\"wp-caption-text\">Esgla\u00f3 Superstep &#8211; Parc de les Veles, Calella<\/figcaption><\/figure>\n<h2>Bibliografia<\/h2>\n<ul>\n<li><a href=\"https:\/\/www.eliseupaisatgista.cat\/\">www.eliseupaisatgista.cat<\/a><\/li>\n<li><a href=\"http:\/\/www.calella.cat\/actualitat\/noticies\/el-parc-de-les-veles-nou-espai-verd-a-primera-linia-de-mar\">http:\/\/www.calella.cat\/actualitat\/noticies\/el-parc-de-les-veles-nou-espai-verd-a-primera-linia-de-mar<\/a><\/li>\n<\/ul>\n<p>&nbsp;<\/p>\n","protected":false},"excerpt":{"rendered":"<p>Aquest parc \u00e9s un petit homenatge a les veles llatines del nostre mar Mediterrani, les dels nostres pescadors i les dels nostres navegants.<\/p>\n","protected":false},"author":2,"featured_media":23815,"comment_status":"closed","ping_status":"open","sticky":false,"template":"","format":"standard","meta":{"_acf_changed":false,"footnotes":""},"categories":[1396],"tags":[1473,1474,789,1475],"class_list":["post-23814","post","type-post","status-publish","format-standard","has-post-thumbnail","hentry","category-guestblogging","tag-calella","tag-eliseu-guillamon-paisajista","tag-llosa-vulcano","tag-parque-de-les-veles"],"acf":[],"yoast_head":"<!-- This site is optimized with the Yoast SEO plugin v28.3 - https:\/\/yoast.com\/product\/yoast-seo-wordpress\/ -->\n<title>Eliseu Guillamon, paisatgista | Parc de les Veles, Calella - Breinco<\/title>\n<meta name=\"robots\" content=\"index, follow, max-snippet:-1, max-image-preview:large, max-video-preview:-1\" \/>\n<link rel=\"canonical\" href=\"https:\/\/breinco.com\/ca\/breincosmartblog\/eliseu-guillamon-paisajista-parque-de-les-veles-calella\/\" \/>\n<meta property=\"og:locale\" content=\"ca_ES\" \/>\n<meta property=\"og:type\" content=\"article\" \/>\n<meta property=\"og:title\" content=\"Eliseu Guillamon, paisatgista | Parc de les Veles, Calella - Breinco\" \/>\n<meta property=\"og:description\" content=\"Aquest parc \u00e9s un petit homenatge a les veles llatines del nostre mar Mediterrani, les dels nostres pescadors i les dels nostres navegants.\" \/>\n<meta property=\"og:url\" content=\"https:\/\/breinco.com\/ca\/breincosmartblog\/eliseu-guillamon-paisajista-parque-de-les-veles-calella\/\" \/>\n<meta property=\"og:site_name\" content=\"Breinco\" \/>\n<meta property=\"article:publisher\" content=\"https:\/\/www.facebook.com\/breincosmart\/\" \/>\n<meta property=\"article:published_time\" content=\"2019-11-08T06:51:15+00:00\" \/>\n<meta property=\"article:modified_time\" content=\"2026-08-26T06:23:17+00:00\" \/>\n<meta property=\"og:image\" content=\"https:\/\/breinco.com\/wp-content\/uploads\/2019\/11\/71177812_1435725286578927_2193185866715758592_o-1.jpg\" \/>\n\t<meta property=\"og:image:width\" content=\"1024\" \/>\n\t<meta property=\"og:image:height\" content=\"768\" \/>\n\t<meta property=\"og:image:type\" content=\"image\/jpeg\" \/>\n<meta name=\"author\" content=\"breinco\" \/>\n<meta name=\"twitter:card\" content=\"summary_large_image\" \/>\n<meta name=\"twitter:creator\" content=\"@breincoGroup\" \/>\n<meta name=\"twitter:site\" content=\"@breincoGroup\" \/>\n<meta name=\"twitter:label1\" content=\"Escrit per\" \/>\n\t<meta name=\"twitter:data1\" content=\"breinco\" \/>\n\t<meta name=\"twitter:label2\" content=\"Temps estimat de lectura\" \/>\n\t<meta name=\"twitter:data2\" content=\"5 minuts\" \/>\n<script type=\"application\/ld+json\" class=\"yoast-schema-graph\">{\"@context\":\"https:\\\/\\\/schema.org\",\"@graph\":[{\"@type\":\"Article\",\"@id\":\"https:\\\/\\\/breinco.com\\\/ca\\\/breincosmartblog\\\/eliseu-guillamon-paisajista-parque-de-les-veles-calella\\\/#article\",\"isPartOf\":{\"@id\":\"https:\\\/\\\/breinco.com\\\/ca\\\/breincosmartblog\\\/eliseu-guillamon-paisajista-parque-de-les-veles-calella\\\/\"},\"author\":{\"name\":\"breinco\",\"@id\":\"https:\\\/\\\/breinco.com\\\/ca\\\/#\\\/schema\\\/person\\\/76934c343eed792c0e9b8dd8c0f6b3cd\"},\"headline\":\"Eliseu Guillamon, paisatgista | Parc de les Veles, Calella\",\"datePublished\":\"2019-11-08T06:51:15+00:00\",\"dateModified\":\"2026-08-26T06:23:17+00:00\",\"mainEntityOfPage\":{\"@id\":\"https:\\\/\\\/breinco.com\\\/ca\\\/breincosmartblog\\\/eliseu-guillamon-paisajista-parque-de-les-veles-calella\\\/\"},\"wordCount\":695,\"publisher\":{\"@id\":\"https:\\\/\\\/breinco.com\\\/ca\\\/#organization\"},\"image\":{\"@id\":\"https:\\\/\\\/breinco.com\\\/ca\\\/breincosmartblog\\\/eliseu-guillamon-paisajista-parque-de-les-veles-calella\\\/#primaryimage\"},\"thumbnailUrl\":\"https:\\\/\\\/breinco.com\\\/wp-content\\\/uploads\\\/2019\\\/11\\\/71177812_1435725286578927_2193185866715758592_o-1.jpg\",\"keywords\":[\"Calella\",\"Eliseu Guillamon paisajista\",\"llosa vulcano\",\"Parque de les Veles\"],\"articleSection\":[\"Guestblogging\"],\"inLanguage\":\"ca\"},{\"@type\":\"WebPage\",\"@id\":\"https:\\\/\\\/breinco.com\\\/ca\\\/breincosmartblog\\\/eliseu-guillamon-paisajista-parque-de-les-veles-calella\\\/\",\"url\":\"https:\\\/\\\/breinco.com\\\/ca\\\/breincosmartblog\\\/eliseu-guillamon-paisajista-parque-de-les-veles-calella\\\/\",\"name\":\"Eliseu Guillamon, paisatgista | Parc de les Veles, Calella - Breinco\",\"isPartOf\":{\"@id\":\"https:\\\/\\\/breinco.com\\\/ca\\\/#website\"},\"primaryImageOfPage\":{\"@id\":\"https:\\\/\\\/breinco.com\\\/ca\\\/breincosmartblog\\\/eliseu-guillamon-paisajista-parque-de-les-veles-calella\\\/#primaryimage\"},\"image\":{\"@id\":\"https:\\\/\\\/breinco.com\\\/ca\\\/breincosmartblog\\\/eliseu-guillamon-paisajista-parque-de-les-veles-calella\\\/#primaryimage\"},\"thumbnailUrl\":\"https:\\\/\\\/breinco.com\\\/wp-content\\\/uploads\\\/2019\\\/11\\\/71177812_1435725286578927_2193185866715758592_o-1.jpg\",\"datePublished\":\"2019-11-08T06:51:15+00:00\",\"dateModified\":\"2026-08-26T06:23:17+00:00\",\"breadcrumb\":{\"@id\":\"https:\\\/\\\/breinco.com\\\/ca\\\/breincosmartblog\\\/eliseu-guillamon-paisajista-parque-de-les-veles-calella\\\/#breadcrumb\"},\"inLanguage\":\"ca\",\"potentialAction\":[{\"@type\":\"ReadAction\",\"target\":[\"https:\\\/\\\/breinco.com\\\/ca\\\/breincosmartblog\\\/eliseu-guillamon-paisajista-parque-de-les-veles-calella\\\/\"]}]},{\"@type\":\"ImageObject\",\"inLanguage\":\"ca\",\"@id\":\"https:\\\/\\\/breinco.com\\\/ca\\\/breincosmartblog\\\/eliseu-guillamon-paisajista-parque-de-les-veles-calella\\\/#primaryimage\",\"url\":\"https:\\\/\\\/breinco.com\\\/wp-content\\\/uploads\\\/2019\\\/11\\\/71177812_1435725286578927_2193185866715758592_o-1.jpg\",\"contentUrl\":\"https:\\\/\\\/breinco.com\\\/wp-content\\\/uploads\\\/2019\\\/11\\\/71177812_1435725286578927_2193185866715758592_o-1.jpg\",\"width\":1024,\"height\":768,\"caption\":\"Parque de les Veles, Calella\"},{\"@type\":\"BreadcrumbList\",\"@id\":\"https:\\\/\\\/breinco.com\\\/ca\\\/breincosmartblog\\\/eliseu-guillamon-paisajista-parque-de-les-veles-calella\\\/#breadcrumb\",\"itemListElement\":[{\"@type\":\"ListItem\",\"position\":1,\"name\":\"Portada\",\"item\":\"https:\\\/\\\/breinco.com\\\/ca\\\/\"},{\"@type\":\"ListItem\",\"position\":2,\"name\":\"Eliseu Guillamon, paisatgista | Parc de les Veles, Calella\"}]},{\"@type\":\"WebSite\",\"@id\":\"https:\\\/\\\/breinco.com\\\/ca\\\/#website\",\"url\":\"https:\\\/\\\/breinco.com\\\/ca\\\/\",\"name\":\"Breinco\",\"description\":\"\",\"publisher\":{\"@id\":\"https:\\\/\\\/breinco.com\\\/ca\\\/#organization\"},\"alternateName\":\"Urban Furniture, Architecture and Landscaping\",\"potentialAction\":[{\"@type\":\"SearchAction\",\"target\":{\"@type\":\"EntryPoint\",\"urlTemplate\":\"https:\\\/\\\/breinco.com\\\/ca\\\/?s={search_term_string}\"},\"query-input\":{\"@type\":\"PropertyValueSpecification\",\"valueRequired\":true,\"valueName\":\"search_term_string\"}}],\"inLanguage\":\"ca\"},{\"@type\":\"Organization\",\"@id\":\"https:\\\/\\\/breinco.com\\\/ca\\\/#organization\",\"name\":\"Breinco\",\"url\":\"https:\\\/\\\/breinco.com\\\/ca\\\/\",\"logo\":{\"@type\":\"ImageObject\",\"inLanguage\":\"ca\",\"@id\":\"https:\\\/\\\/breinco.com\\\/ca\\\/#\\\/schema\\\/logo\\\/image\\\/\",\"url\":\"https:\\\/\\\/breinco.com\\\/wp-content\\\/uploads\\\/2025\\\/04\\\/breinco-brand.svg\",\"contentUrl\":\"https:\\\/\\\/breinco.com\\\/wp-content\\\/uploads\\\/2025\\\/04\\\/breinco-brand.svg\",\"width\":26,\"height\":58,\"caption\":\"Breinco\"},\"image\":{\"@id\":\"https:\\\/\\\/breinco.com\\\/ca\\\/#\\\/schema\\\/logo\\\/image\\\/\"},\"sameAs\":[\"https:\\\/\\\/www.facebook.com\\\/breincosmart\\\/\",\"https:\\\/\\\/x.com\\\/breincoGroup\",\"https:\\\/\\\/www.instagram.com\\\/breinco\\\/\",\"https:\\\/\\\/www.linkedin.com\\\/company\\\/breinco-esp\\\/\"]},{\"@type\":\"Person\",\"@id\":\"https:\\\/\\\/breinco.com\\\/ca\\\/#\\\/schema\\\/person\\\/76934c343eed792c0e9b8dd8c0f6b3cd\",\"name\":\"breinco\"}]}<\/script>\n<!-- \/ Yoast SEO plugin. -->","yoast_head_json":{"title":"Eliseu Guillamon, paisatgista | Parc de les Veles, Calella - Breinco","robots":{"index":"index","follow":"follow","max-snippet":"max-snippet:-1","max-image-preview":"max-image-preview:large","max-video-preview":"max-video-preview:-1"},"canonical":"https:\/\/breinco.com\/ca\/breincosmartblog\/eliseu-guillamon-paisajista-parque-de-les-veles-calella\/","og_locale":"ca_ES","og_type":"article","og_title":"Eliseu Guillamon, paisatgista | Parc de les Veles, Calella - Breinco","og_description":"Aquest parc \u00e9s un petit homenatge a les veles llatines del nostre mar Mediterrani, les dels nostres pescadors i les dels nostres navegants.","og_url":"https:\/\/breinco.com\/ca\/breincosmartblog\/eliseu-guillamon-paisajista-parque-de-les-veles-calella\/","og_site_name":"Breinco","article_publisher":"https:\/\/www.facebook.com\/breincosmart\/","article_published_time":"2019-11-08T06:51:15+00:00","article_modified_time":"2026-08-26T06:23:17+00:00","og_image":[{"width":1024,"height":768,"url":"https:\/\/breinco.com\/wp-content\/uploads\/2019\/11\/71177812_1435725286578927_2193185866715758592_o-1.jpg","type":"image\/jpeg"}],"author":"breinco","twitter_card":"summary_large_image","twitter_creator":"@breincoGroup","twitter_site":"@breincoGroup","twitter_misc":{"Escrit per":"breinco","Temps estimat de lectura":"5 minuts"},"schema":{"@context":"https:\/\/schema.org","@graph":[{"@type":"Article","@id":"https:\/\/breinco.com\/ca\/breincosmartblog\/eliseu-guillamon-paisajista-parque-de-les-veles-calella\/#article","isPartOf":{"@id":"https:\/\/breinco.com\/ca\/breincosmartblog\/eliseu-guillamon-paisajista-parque-de-les-veles-calella\/"},"author":{"name":"breinco","@id":"https:\/\/breinco.com\/ca\/#\/schema\/person\/76934c343eed792c0e9b8dd8c0f6b3cd"},"headline":"Eliseu Guillamon, paisatgista | Parc de les Veles, Calella","datePublished":"2019-11-08T06:51:15+00:00","dateModified":"2026-08-26T06:23:17+00:00","mainEntityOfPage":{"@id":"https:\/\/breinco.com\/ca\/breincosmartblog\/eliseu-guillamon-paisajista-parque-de-les-veles-calella\/"},"wordCount":695,"publisher":{"@id":"https:\/\/breinco.com\/ca\/#organization"},"image":{"@id":"https:\/\/breinco.com\/ca\/breincosmartblog\/eliseu-guillamon-paisajista-parque-de-les-veles-calella\/#primaryimage"},"thumbnailUrl":"https:\/\/breinco.com\/wp-content\/uploads\/2019\/11\/71177812_1435725286578927_2193185866715758592_o-1.jpg","keywords":["Calella","Eliseu Guillamon paisajista","llosa vulcano","Parque de les Veles"],"articleSection":["Guestblogging"],"inLanguage":"ca"},{"@type":"WebPage","@id":"https:\/\/breinco.com\/ca\/breincosmartblog\/eliseu-guillamon-paisajista-parque-de-les-veles-calella\/","url":"https:\/\/breinco.com\/ca\/breincosmartblog\/eliseu-guillamon-paisajista-parque-de-les-veles-calella\/","name":"Eliseu Guillamon, paisatgista | Parc de les Veles, Calella - Breinco","isPartOf":{"@id":"https:\/\/breinco.com\/ca\/#website"},"primaryImageOfPage":{"@id":"https:\/\/breinco.com\/ca\/breincosmartblog\/eliseu-guillamon-paisajista-parque-de-les-veles-calella\/#primaryimage"},"image":{"@id":"https:\/\/breinco.com\/ca\/breincosmartblog\/eliseu-guillamon-paisajista-parque-de-les-veles-calella\/#primaryimage"},"thumbnailUrl":"https:\/\/breinco.com\/wp-content\/uploads\/2019\/11\/71177812_1435725286578927_2193185866715758592_o-1.jpg","datePublished":"2019-11-08T06:51:15+00:00","dateModified":"2026-08-26T06:23:17+00:00","breadcrumb":{"@id":"https:\/\/breinco.com\/ca\/breincosmartblog\/eliseu-guillamon-paisajista-parque-de-les-veles-calella\/#breadcrumb"},"inLanguage":"ca","potentialAction":[{"@type":"ReadAction","target":["https:\/\/breinco.com\/ca\/breincosmartblog\/eliseu-guillamon-paisajista-parque-de-les-veles-calella\/"]}]},{"@type":"ImageObject","inLanguage":"ca","@id":"https:\/\/breinco.com\/ca\/breincosmartblog\/eliseu-guillamon-paisajista-parque-de-les-veles-calella\/#primaryimage","url":"https:\/\/breinco.com\/wp-content\/uploads\/2019\/11\/71177812_1435725286578927_2193185866715758592_o-1.jpg","contentUrl":"https:\/\/breinco.com\/wp-content\/uploads\/2019\/11\/71177812_1435725286578927_2193185866715758592_o-1.jpg","width":1024,"height":768,"caption":"Parque de les Veles, Calella"},{"@type":"BreadcrumbList","@id":"https:\/\/breinco.com\/ca\/breincosmartblog\/eliseu-guillamon-paisajista-parque-de-les-veles-calella\/#breadcrumb","itemListElement":[{"@type":"ListItem","position":1,"name":"Portada","item":"https:\/\/breinco.com\/ca\/"},{"@type":"ListItem","position":2,"name":"Eliseu Guillamon, paisatgista | Parc de les Veles, Calella"}]},{"@type":"WebSite","@id":"https:\/\/breinco.com\/ca\/#website","url":"https:\/\/breinco.com\/ca\/","name":"Breinco","description":"","publisher":{"@id":"https:\/\/breinco.com\/ca\/#organization"},"alternateName":"Urban Furniture, Architecture and Landscaping","potentialAction":[{"@type":"SearchAction","target":{"@type":"EntryPoint","urlTemplate":"https:\/\/breinco.com\/ca\/?s={search_term_string}"},"query-input":{"@type":"PropertyValueSpecification","valueRequired":true,"valueName":"search_term_string"}}],"inLanguage":"ca"},{"@type":"Organization","@id":"https:\/\/breinco.com\/ca\/#organization","name":"Breinco","url":"https:\/\/breinco.com\/ca\/","logo":{"@type":"ImageObject","inLanguage":"ca","@id":"https:\/\/breinco.com\/ca\/#\/schema\/logo\/image\/","url":"https:\/\/breinco.com\/wp-content\/uploads\/2025\/04\/breinco-brand.svg","contentUrl":"https:\/\/breinco.com\/wp-content\/uploads\/2025\/04\/breinco-brand.svg","width":26,"height":58,"caption":"Breinco"},"image":{"@id":"https:\/\/breinco.com\/ca\/#\/schema\/logo\/image\/"},"sameAs":["https:\/\/www.facebook.com\/breincosmart\/","https:\/\/x.com\/breincoGroup","https:\/\/www.instagram.com\/breinco\/","https:\/\/www.linkedin.com\/company\/breinco-esp\/"]},{"@type":"Person","@id":"https:\/\/breinco.com\/ca\/#\/schema\/person\/76934c343eed792c0e9b8dd8c0f6b3cd","name":"breinco"}]}},"_links":{"self":[{"href":"https:\/\/breinco.com\/ca\/wp-json\/wp\/v2\/posts\/23814","targetHints":{"allow":["GET"]}}],"collection":[{"href":"https:\/\/breinco.com\/ca\/wp-json\/wp\/v2\/posts"}],"about":[{"href":"https:\/\/breinco.com\/ca\/wp-json\/wp\/v2\/types\/post"}],"author":[{"embeddable":true,"href":"https:\/\/breinco.com\/ca\/wp-json\/wp\/v2\/users\/2"}],"replies":[{"embeddable":true,"href":"https:\/\/breinco.com\/ca\/wp-json\/wp\/v2\/comments?post=23814"}],"version-history":[{"count":4,"href":"https:\/\/breinco.com\/ca\/wp-json\/wp\/v2\/posts\/23814\/revisions"}],"predecessor-version":[{"id":28561,"href":"https:\/\/breinco.com\/ca\/wp-json\/wp\/v2\/posts\/23814\/revisions\/28561"}],"wp:featuredmedia":[{"embeddable":true,"href":"https:\/\/breinco.com\/ca\/wp-json\/wp\/v2\/media\/23815"}],"wp:attachment":[{"href":"https:\/\/breinco.com\/ca\/wp-json\/wp\/v2\/media?parent=23814"}],"wp:term":[{"taxonomy":"category","embeddable":true,"href":"https:\/\/breinco.com\/ca\/wp-json\/wp\/v2\/categories?post=23814"},{"taxonomy":"post_tag","embeddable":true,"href":"https:\/\/breinco.com\/ca\/wp-json\/wp\/v2\/tags?post=23814"}],"curies":[{"name":"wp","href":"https:\/\/api.w.org\/{rel}","templated":true}]}}