{"id":29535,"date":"2026-05-11T17:05:15","date_gmt":"2026-05-11T15:05:15","guid":{"rendered":"https:\/\/breinco.com\/?p=29535"},"modified":"2026-09-02T10:16:51","modified_gmt":"2026-09-02T08:16:51","slug":"architectwork-madrid-2026-innovacio-i-arquitectura-responsable","status":"publish","type":"post","link":"https:\/\/breinco.com\/ca\/breincosmartblog\/architectwork-madrid-2026-innovacio-i-arquitectura-responsable\/","title":{"rendered":"ARCHITECT@WORK Madrid 2026: innovaci\u00f3 i arquitectura responsable"},"content":{"rendered":"\n<p class=\"wp-block-paragraph\">ARCHITECT@WORK Madrid 2026 es consolida com un de les trobades de refer\u00e8ncia per a l&#8217;arquitectura i el disseny contemporani. Un esdeveniment de refer\u00e8ncia per a arquitectes i interioristes on la innovaci\u00f3 en materials i solucions constructives marca el ritme de l&#8217;arquitectura contempor\u00e0nia.<\/p>\n\n\n\n<p class=\"wp-block-paragraph\">Sota l&#8217;eix \u201c<em>Descarbonitzant l&#8217;arquitectura<\/em>\u201d, l&#8217;edici\u00f3 de Madrid 2026 ha posat el focus en la reducci\u00f3 de l&#8217;impacte ambiental al llarg del cicle de vida de l&#8217;edifici, a trav\u00e9s de materials de baix impacte, efici\u00e8ncia energ\u00e8tica i disseny intel\u00b7ligent. Un debat que cada vegada adquireix m\u00e9s urg\u00e8ncia i m\u00e9s respostes concretes.<\/p>\n\n\n\n<figure class=\"wp-block-image size-large\"><img fetchpriority=\"high\" decoding=\"async\" width=\"1024\" height=\"683\" src=\"https:\/\/breinco.com\/wp-content\/uploads\/2026\/05\/3architect@work_madrid_2026-1024x683.jpg\" alt=\"\" class=\"wp-image-23596\" srcset=\"https:\/\/breinco.com\/wp-content\/uploads\/2026\/05\/3architect@work_madrid_2026-1024x683.jpg 1024w, https:\/\/breinco.com\/wp-content\/uploads\/2026\/05\/3architect@work_madrid_2026-300x200.jpg 300w, https:\/\/breinco.com\/wp-content\/uploads\/2026\/05\/3architect@work_madrid_2026-768x512.jpg 768w, https:\/\/breinco.com\/wp-content\/uploads\/2026\/05\/3architect@work_madrid_2026-1536x1024.jpg 1536w, https:\/\/breinco.com\/wp-content\/uploads\/2026\/05\/3architect@work_madrid_2026.jpg 1800w\" sizes=\"(max-width: 1024px) 100vw, 1024px\" \/><\/figure>\n\n\n\n<p class=\"wp-block-paragraph\">A Breinco hem participat amb innovacions en fa\u00e7ana i paviment exterior: Ferrater Brick i Moments. Dues solucions diferents en forma i aplicaci\u00f3, per\u00f2 amb un mateix enfocament: materials resilients, duradors i responsables que transformen els espais en entorns de m\u00e9s qualitat.<\/p>\n\n\n\n<figure class=\"wp-block-image size-large\"><img decoding=\"async\" width=\"1024\" height=\"683\" src=\"https:\/\/breinco.com\/wp-content\/uploads\/2026\/05\/7architect@work_madrid_2026-1-1024x683.jpg\" alt=\"\" class=\"wp-image-23601\" srcset=\"https:\/\/breinco.com\/wp-content\/uploads\/2026\/05\/7architect@work_madrid_2026-1-1024x683.jpg 1024w, https:\/\/breinco.com\/wp-content\/uploads\/2026\/05\/7architect@work_madrid_2026-1-300x200.jpg 300w, https:\/\/breinco.com\/wp-content\/uploads\/2026\/05\/7architect@work_madrid_2026-1-768x512.jpg 768w, https:\/\/breinco.com\/wp-content\/uploads\/2026\/05\/7architect@work_madrid_2026-1-1536x1024.jpg 1536w, https:\/\/breinco.com\/wp-content\/uploads\/2026\/05\/7architect@work_madrid_2026-1.jpg 1800w\" sizes=\"(max-width: 1024px) 100vw, 1024px\" \/><figcaption class=\"wp-element-caption\"><sup>Cesc Domingo, prescriptor; Daniel Alonso, delegaci\u00f3 Navarra; i Luis de Marcos, delegaci\u00f3 Madrid, al nostre estand de Breinco<\/sup><\/figcaption><\/figure>\n\n\n\n<p class=\"has-medium-font-size wp-block-paragraph\"><strong><a href=\"https:\/\/breinco.com\/ca\/ferrater-brick\/\">Ferrater Brick<\/a>: horitzontalitat, calma i car\u00e0cter<\/strong><\/p>\n\n\n\n<p class=\"wp-block-paragraph\">Concebut originalment per l&#8217;arquitecte Carlos Ferrater i desenvolupat juntament amb Breinco, Ferrater Brick \u00e9s un ma\u00f3 de formig\u00f3 per a fa\u00e7anes de obra vista que treballa l&#8217;horitzontalitat com a element de disseny. Les seves juntes verticals pr\u00e0cticament invisibles generant una lectura cont\u00ednua de la fa\u00e7ana, aportant calma, precisi\u00f3 i serenitat al conjunt arquitect\u00f2nic.<\/p>\n\n\n\n<p class=\"wp-block-paragraph\">Ferrater Brick es caracteritza per una geometria acurada i regular que refor\u00e7a l&#8217;horitzontalitat de les fa\u00e7anes de obra vista. Aquest sistema, juntament amb la seva \u00e0mplia gamma de colors \u2014des de la lluminositat del blanc mediterrani fins a tons que s&#8217;integren en qualsevol entorn\u2014 permet crear envolupants amb identitat pr\u00f2pia.<\/p>\n\n\n\n<p class=\"wp-block-paragraph\">El seu alt rendiment t\u00e8cnic el converteix a m\u00e9s en una soluci\u00f3 de baix manteniment: \u00e9s hidr\u00f2fug, ign\u00edfug, antibacteri\u00e0 i amb una durabilitat contrastada en el temps.<\/p>\n\n\n\n<p class=\"wp-block-paragraph\">La seva versatilitat permet aplicar-lo tamb\u00e9 com a paviment, amb diferents disposicions que evoquen la tradici\u00f3 dels paviments cl\u00e0ssics.<\/p>\n\n\n\n<figure class=\"wp-block-image size-large\"><img decoding=\"async\" width=\"1024\" height=\"683\" src=\"https:\/\/breinco.com\/wp-content\/uploads\/2026\/05\/8architect@work_madrid_2026-1024x683.jpg\" alt=\"Casa particular en Barcelona | Ferrater Brick\" class=\"wp-image-23598\" srcset=\"https:\/\/breinco.com\/wp-content\/uploads\/2026\/05\/8architect@work_madrid_2026-1024x683.jpg 1024w, https:\/\/breinco.com\/wp-content\/uploads\/2026\/05\/8architect@work_madrid_2026-300x200.jpg 300w, https:\/\/breinco.com\/wp-content\/uploads\/2026\/05\/8architect@work_madrid_2026-768x512.jpg 768w, https:\/\/breinco.com\/wp-content\/uploads\/2026\/05\/8architect@work_madrid_2026-1536x1024.jpg 1536w, https:\/\/breinco.com\/wp-content\/uploads\/2026\/05\/8architect@work_madrid_2026.jpg 1800w\" sizes=\"(max-width: 1024px) 100vw, 1024px\" \/><figcaption class=\"wp-element-caption\"><sup><em>Casa particular<\/em>\u00a0a Menorca | Ferrater Brick<\/sup><\/figcaption><\/figure>\n\n\n\n<p class=\"has-medium-font-size wp-block-paragraph\"><strong>Moments\u00ae: art i confort en cada pas<\/strong><\/p>\n\n\n\n<p class=\"wp-block-paragraph\">Inspirada en la natura, <strong>Moments<\/strong>\u00ae \u00e9s una l\u00ednia de lloses que combina funcionalitat, est\u00e8tica i durabilitat per transformar terrasses, camins, porxos i entrades en espais amb car\u00e0cter propi.<\/p>\n\n\n\n<p class=\"wp-block-paragraph\">El seu sistema modular permet crear patrons de col\u00b7locaci\u00f3 \u00fanics a partir de la combinaci\u00f3 de diferents formats, generant un dinamisme visual que s&#8217;adapta a qualsevol estil o necessitat. Cada projecte es converteix aix\u00ed en una cosa singular, un reflex de la personalitat de l&#8217;espai i de qui l&#8217;habita.<\/p>\n\n\n\n<p class=\"wp-block-paragraph\">La col\u00b7lecci\u00f3 Moments\u00ae s&#8217;estructura en dues l\u00ednies complement\u00e0ries, dissenyades per respondre a diferents intensitats d&#8217;\u00fas de l&#8217;espai exterior: <a href=\"https:\/\/breinco.com\/ca\/products\/paviments-exterior\/lloses\/nature-moments\/?size=25x25x5_5&#038;color=cinnamon&#038;colorType=standard\">Nature Moments\u00ae<\/a> i <a href=\"https:\/\/breinco.com\/ca\/products\/paviments-exterior\/llambordes\/real-moments\/?size=15x15x8&#038;color=cinnamon&#038;colorType=standard\">Real Moments\u00ae<\/a>.<\/p>\n\n\n\n<figure class=\"wp-block-image size-large\"><img loading=\"lazy\" decoding=\"async\" width=\"1024\" height=\"683\" src=\"https:\/\/breinco.com\/wp-content\/uploads\/2026\/05\/9architect@work_madrid_2026-1024x683.jpg\" alt=\"\" class=\"wp-image-23599\" srcset=\"https:\/\/breinco.com\/wp-content\/uploads\/2026\/05\/9architect@work_madrid_2026-1024x683.jpg 1024w, https:\/\/breinco.com\/wp-content\/uploads\/2026\/05\/9architect@work_madrid_2026-300x200.jpg 300w, https:\/\/breinco.com\/wp-content\/uploads\/2026\/05\/9architect@work_madrid_2026-768x512.jpg 768w, https:\/\/breinco.com\/wp-content\/uploads\/2026\/05\/9architect@work_madrid_2026-1536x1024.jpg 1536w, https:\/\/breinco.com\/wp-content\/uploads\/2026\/05\/9architect@work_madrid_2026.jpg 1800w\" sizes=\"(max-width: 1024px) 100vw, 1024px\" \/><figcaption class=\"wp-element-caption\"><em>Real Moments | Nut<\/em><\/figcaption><\/figure>\n\n\n\n<p class=\"has-medium-font-size wp-block-paragraph\"><strong>Architect@Work, el cam\u00ed cap a una arquitectura m\u00e9s conscient<\/strong><\/p>\n\n\n\n<p class=\"wp-block-paragraph\">La descarbonitzaci\u00f3 de l&#8217;arquitectura \u00e9s una responsabilitat, per\u00f2 tamb\u00e9 una oportunitat real per repensar com constru\u00efm, amb quins materials i sota quins criteris. Els materials de baix impacte i el disseny responsable no s\u00f3n una tend\u00e8ncia, sin\u00f3 el cam\u00ed cap a espais m\u00e9s saludables, resilients i duradors.<\/p>\n\n\n\n<p class=\"wp-block-paragraph\">Seguim treballant en aquesta direcci\u00f3, amb solucions que combinen innovaci\u00f3, precisi\u00f3 i respecte per l&#8217;entorn.<\/p>\n\n\n\n<figure class=\"wp-block-image size-large\"><img loading=\"lazy\" decoding=\"async\" width=\"1024\" height=\"683\" src=\"https:\/\/breinco.com\/wp-content\/uploads\/2026\/05\/2architect@work_madrid_2026-1024x683.jpg\" alt=\"\" class=\"wp-image-23603\" srcset=\"https:\/\/breinco.com\/wp-content\/uploads\/2026\/05\/2architect@work_madrid_2026-1024x683.jpg 1024w, https:\/\/breinco.com\/wp-content\/uploads\/2026\/05\/2architect@work_madrid_2026-300x200.jpg 300w, https:\/\/breinco.com\/wp-content\/uploads\/2026\/05\/2architect@work_madrid_2026-768x512.jpg 768w, https:\/\/breinco.com\/wp-content\/uploads\/2026\/05\/2architect@work_madrid_2026-1536x1024.jpg 1536w, https:\/\/breinco.com\/wp-content\/uploads\/2026\/05\/2architect@work_madrid_2026.jpg 1800w\" sizes=\"(max-width: 1024px) 100vw, 1024px\" \/><\/figure>\n\n\n\n<p class=\"wp-block-paragraph\">Dissenyem la ciutat del futur, avui. | Descobreix m\u00e9s sobre els nostres projectes i solucions a\u00a0<a href=\"https:\/\/es.linkedin.com\/company\/breinco-esp\">Linkedin |<\/a><\/p>\n\n\n\n<p class=\"wp-block-paragraph\"><a type=\"link\" href=\"https:\/\/player.vimeo.com\/video\/1189849560?autoplay=1\" id=\"https:\/\/player.vimeo.com\/video\/1189849560?autoplay=1\">V\u00eddeo resum<\/a> de l&#8217;edici\u00f3 d&#8217;ARCHITECT@WORK Madrid 2026.<\/p>\n\n\n\n<p class=\"wp-block-paragraph\">Pr\u00f2xima edici\u00f3:\u00a0: Architect@Work Lyon | <a href=\"https:\/\/awlyon26.architectatwork.com\/invitation\/customer\/EDL018\">Aconsegueix la teva invitaci\u00f3<\/a><\/p>\n\n\n\n<p class=\"wp-block-paragraph\"><\/p>\n","protected":false},"excerpt":{"rendered":"<p>ARCHITECT@WORK Madrid 2026 es consolida com un de les trobades de refer\u00e8ncia per a l&#8217;arquitectura i el disseny contemporani. Un esdeveniment de refer\u00e8ncia per a arquitectes i interioristes on la innovaci\u00f3 en materials i solucions constructives marca el ritme de l&#8217;arquitectura contempor\u00e0nia. Sota l&#8217;eix \u201cDescarbonitzant l&#8217;arquitectura\u201d, l&#8217;edici\u00f3 de Madrid 2026 ha posat el focus en [&hellip;]<\/p>\n","protected":false},"author":2,"featured_media":29534,"comment_status":"closed","ping_status":"closed","sticky":false,"template":"","format":"standard","meta":{"_acf_changed":false,"footnotes":""},"categories":[862],"tags":[785],"class_list":["post-29535","post","type-post","status-publish","format-standard","has-post-thumbnail","hentry","category-events","tag-ferrater-brick"],"acf":[],"yoast_head":"<!-- This site is optimized with the Yoast SEO plugin v28.4 - https:\/\/yoast.com\/product\/yoast-seo-wordpress\/ -->\n<title>ARCHITECT@WORK Madrid 2026: innovaci\u00f3 i arquitectura responsable - Breinco<\/title>\n<meta name=\"robots\" content=\"index, follow, max-snippet:-1, max-image-preview:large, max-video-preview:-1\" \/>\n<link rel=\"canonical\" href=\"https:\/\/breinco.com\/ca\/breincosmartblog\/architectwork-madrid-2026-innovacio-i-arquitectura-responsable\/\" \/>\n<meta property=\"og:locale\" content=\"ca_ES\" \/>\n<meta property=\"og:type\" content=\"article\" \/>\n<meta property=\"og:title\" content=\"ARCHITECT@WORK Madrid 2026: innovaci\u00f3 i arquitectura responsable - Breinco\" \/>\n<meta property=\"og:description\" content=\"ARCHITECT@WORK Madrid 2026 es consolida com un de les trobades de refer\u00e8ncia per a l&#8217;arquitectura i el disseny contemporani. Un esdeveniment de refer\u00e8ncia per a arquitectes i interioristes on la innovaci\u00f3 en materials i solucions constructives marca el ritme de l&#8217;arquitectura contempor\u00e0nia. Sota l&#8217;eix \u201cDescarbonitzant l&#8217;arquitectura\u201d, l&#8217;edici\u00f3 de Madrid 2026 ha posat el focus en [&hellip;]\" \/>\n<meta property=\"og:url\" content=\"https:\/\/breinco.com\/ca\/breincosmartblog\/architectwork-madrid-2026-innovacio-i-arquitectura-responsable\/\" \/>\n<meta property=\"og:site_name\" content=\"Breinco\" \/>\n<meta property=\"article:publisher\" content=\"https:\/\/www.facebook.com\/breincosmart\/\" \/>\n<meta property=\"article:published_time\" content=\"2026-05-11T15:05:15+00:00\" \/>\n<meta property=\"article:modified_time\" content=\"2026-09-02T08:16:51+00:00\" \/>\n<meta property=\"og:image\" content=\"https:\/\/breinco.com\/wp-content\/uploads\/2026\/05\/5architect@work_madrid_2026-1.jpg\" \/>\n\t<meta property=\"og:image:width\" content=\"1800\" \/>\n\t<meta property=\"og:image:height\" content=\"1200\" \/>\n\t<meta property=\"og:image:type\" content=\"image\/jpeg\" \/>\n<meta name=\"author\" content=\"breinco\" \/>\n<meta name=\"twitter:card\" content=\"summary_large_image\" \/>\n<meta name=\"twitter:creator\" content=\"@breincoGroup\" \/>\n<meta name=\"twitter:site\" content=\"@breincoGroup\" \/>\n<meta name=\"twitter:label1\" content=\"Escrit per\" \/>\n\t<meta name=\"twitter:data1\" content=\"breinco\" \/>\n\t<meta name=\"twitter:label2\" content=\"Temps estimat de lectura\" \/>\n\t<meta name=\"twitter:data2\" content=\"4 minuts\" \/>\n<script type=\"application\/ld+json\" class=\"yoast-schema-graph\">{\"@context\":\"https:\\\/\\\/schema.org\",\"@graph\":[{\"@type\":\"Article\",\"@id\":\"https:\\\/\\\/breinco.com\\\/ca\\\/breincosmartblog\\\/architectwork-madrid-2026-innovacio-i-arquitectura-responsable\\\/#article\",\"isPartOf\":{\"@id\":\"https:\\\/\\\/breinco.com\\\/ca\\\/breincosmartblog\\\/architectwork-madrid-2026-innovacio-i-arquitectura-responsable\\\/\"},\"author\":{\"name\":\"breinco\",\"@id\":\"https:\\\/\\\/breinco.com\\\/ca\\\/#\\\/schema\\\/person\\\/76934c343eed792c0e9b8dd8c0f6b3cd\"},\"headline\":\"ARCHITECT@WORK Madrid 2026: innovaci\u00f3 i arquitectura responsable\",\"datePublished\":\"2026-05-11T15:05:15+00:00\",\"dateModified\":\"2026-09-02T08:16:51+00:00\",\"mainEntityOfPage\":{\"@id\":\"https:\\\/\\\/breinco.com\\\/ca\\\/breincosmartblog\\\/architectwork-madrid-2026-innovacio-i-arquitectura-responsable\\\/\"},\"wordCount\":594,\"publisher\":{\"@id\":\"https:\\\/\\\/breinco.com\\\/ca\\\/#organization\"},\"image\":{\"@id\":\"https:\\\/\\\/breinco.com\\\/ca\\\/breincosmartblog\\\/architectwork-madrid-2026-innovacio-i-arquitectura-responsable\\\/#primaryimage\"},\"thumbnailUrl\":\"https:\\\/\\\/breinco.com\\\/wp-content\\\/uploads\\\/2026\\\/05\\\/5architect@work_madrid_2026-1.jpg\",\"keywords\":[\"ferrater brick\"],\"articleSection\":[\"Events\"],\"inLanguage\":\"ca\"},{\"@type\":\"WebPage\",\"@id\":\"https:\\\/\\\/breinco.com\\\/ca\\\/breincosmartblog\\\/architectwork-madrid-2026-innovacio-i-arquitectura-responsable\\\/\",\"url\":\"https:\\\/\\\/breinco.com\\\/ca\\\/breincosmartblog\\\/architectwork-madrid-2026-innovacio-i-arquitectura-responsable\\\/\",\"name\":\"ARCHITECT@WORK Madrid 2026: innovaci\u00f3 i arquitectura responsable - Breinco\",\"isPartOf\":{\"@id\":\"https:\\\/\\\/breinco.com\\\/ca\\\/#website\"},\"primaryImageOfPage\":{\"@id\":\"https:\\\/\\\/breinco.com\\\/ca\\\/breincosmartblog\\\/architectwork-madrid-2026-innovacio-i-arquitectura-responsable\\\/#primaryimage\"},\"image\":{\"@id\":\"https:\\\/\\\/breinco.com\\\/ca\\\/breincosmartblog\\\/architectwork-madrid-2026-innovacio-i-arquitectura-responsable\\\/#primaryimage\"},\"thumbnailUrl\":\"https:\\\/\\\/breinco.com\\\/wp-content\\\/uploads\\\/2026\\\/05\\\/5architect@work_madrid_2026-1.jpg\",\"datePublished\":\"2026-05-11T15:05:15+00:00\",\"dateModified\":\"2026-09-02T08:16:51+00:00\",\"breadcrumb\":{\"@id\":\"https:\\\/\\\/breinco.com\\\/ca\\\/breincosmartblog\\\/architectwork-madrid-2026-innovacio-i-arquitectura-responsable\\\/#breadcrumb\"},\"inLanguage\":\"ca\",\"potentialAction\":[{\"@type\":\"ReadAction\",\"target\":[\"https:\\\/\\\/breinco.com\\\/ca\\\/breincosmartblog\\\/architectwork-madrid-2026-innovacio-i-arquitectura-responsable\\\/\"]}]},{\"@type\":\"ImageObject\",\"inLanguage\":\"ca\",\"@id\":\"https:\\\/\\\/breinco.com\\\/ca\\\/breincosmartblog\\\/architectwork-madrid-2026-innovacio-i-arquitectura-responsable\\\/#primaryimage\",\"url\":\"https:\\\/\\\/breinco.com\\\/wp-content\\\/uploads\\\/2026\\\/05\\\/5architect@work_madrid_2026-1.jpg\",\"contentUrl\":\"https:\\\/\\\/breinco.com\\\/wp-content\\\/uploads\\\/2026\\\/05\\\/5architect@work_madrid_2026-1.jpg\",\"width\":1800,\"height\":1200},{\"@type\":\"BreadcrumbList\",\"@id\":\"https:\\\/\\\/breinco.com\\\/ca\\\/breincosmartblog\\\/architectwork-madrid-2026-innovacio-i-arquitectura-responsable\\\/#breadcrumb\",\"itemListElement\":[{\"@type\":\"ListItem\",\"position\":1,\"name\":\"Portada\",\"item\":\"https:\\\/\\\/breinco.com\\\/ca\\\/\"},{\"@type\":\"ListItem\",\"position\":2,\"name\":\"ARCHITECT@WORK Madrid 2026: innovaci\u00f3 i arquitectura responsable\"}]},{\"@type\":\"WebSite\",\"@id\":\"https:\\\/\\\/breinco.com\\\/ca\\\/#website\",\"url\":\"https:\\\/\\\/breinco.com\\\/ca\\\/\",\"name\":\"Breinco\",\"description\":\"\",\"publisher\":{\"@id\":\"https:\\\/\\\/breinco.com\\\/ca\\\/#organization\"},\"alternateName\":\"Urban Furniture, Architecture and Landscaping\",\"potentialAction\":[{\"@type\":\"SearchAction\",\"target\":{\"@type\":\"EntryPoint\",\"urlTemplate\":\"https:\\\/\\\/breinco.com\\\/ca\\\/?s={search_term_string}\"},\"query-input\":{\"@type\":\"PropertyValueSpecification\",\"valueRequired\":true,\"valueName\":\"search_term_string\"}}],\"inLanguage\":\"ca\"},{\"@type\":\"Organization\",\"@id\":\"https:\\\/\\\/breinco.com\\\/ca\\\/#organization\",\"name\":\"Breinco\",\"url\":\"https:\\\/\\\/breinco.com\\\/ca\\\/\",\"logo\":{\"@type\":\"ImageObject\",\"inLanguage\":\"ca\",\"@id\":\"https:\\\/\\\/breinco.com\\\/ca\\\/#\\\/schema\\\/logo\\\/image\\\/\",\"url\":\"https:\\\/\\\/breinco.com\\\/wp-content\\\/uploads\\\/2025\\\/04\\\/breinco-brand.svg\",\"contentUrl\":\"https:\\\/\\\/breinco.com\\\/wp-content\\\/uploads\\\/2025\\\/04\\\/breinco-brand.svg\",\"width\":26,\"height\":58,\"caption\":\"Breinco\"},\"image\":{\"@id\":\"https:\\\/\\\/breinco.com\\\/ca\\\/#\\\/schema\\\/logo\\\/image\\\/\"},\"sameAs\":[\"https:\\\/\\\/www.facebook.com\\\/breincosmart\\\/\",\"https:\\\/\\\/x.com\\\/breincoGroup\",\"https:\\\/\\\/www.instagram.com\\\/breinco\\\/\",\"https:\\\/\\\/www.linkedin.com\\\/company\\\/breinco-esp\\\/\"]},{\"@type\":\"Person\",\"@id\":\"https:\\\/\\\/breinco.com\\\/ca\\\/#\\\/schema\\\/person\\\/76934c343eed792c0e9b8dd8c0f6b3cd\",\"name\":\"breinco\"}]}<\/script>\n<!-- \/ Yoast SEO plugin. -->","yoast_head_json":{"title":"ARCHITECT@WORK Madrid 2026: innovaci\u00f3 i arquitectura responsable - Breinco","robots":{"index":"index","follow":"follow","max-snippet":"max-snippet:-1","max-image-preview":"max-image-preview:large","max-video-preview":"max-video-preview:-1"},"canonical":"https:\/\/breinco.com\/ca\/breincosmartblog\/architectwork-madrid-2026-innovacio-i-arquitectura-responsable\/","og_locale":"ca_ES","og_type":"article","og_title":"ARCHITECT@WORK Madrid 2026: innovaci\u00f3 i arquitectura responsable - Breinco","og_description":"ARCHITECT@WORK Madrid 2026 es consolida com un de les trobades de refer\u00e8ncia per a l&#8217;arquitectura i el disseny contemporani. Un esdeveniment de refer\u00e8ncia per a arquitectes i interioristes on la innovaci\u00f3 en materials i solucions constructives marca el ritme de l&#8217;arquitectura contempor\u00e0nia. Sota l&#8217;eix \u201cDescarbonitzant l&#8217;arquitectura\u201d, l&#8217;edici\u00f3 de Madrid 2026 ha posat el focus en [&hellip;]","og_url":"https:\/\/breinco.com\/ca\/breincosmartblog\/architectwork-madrid-2026-innovacio-i-arquitectura-responsable\/","og_site_name":"Breinco","article_publisher":"https:\/\/www.facebook.com\/breincosmart\/","article_published_time":"2026-05-11T15:05:15+00:00","article_modified_time":"2026-09-02T08:16:51+00:00","og_image":[{"width":1800,"height":1200,"url":"https:\/\/breinco.com\/wp-content\/uploads\/2026\/05\/5architect@work_madrid_2026-1.jpg","type":"image\/jpeg"}],"author":"breinco","twitter_card":"summary_large_image","twitter_creator":"@breincoGroup","twitter_site":"@breincoGroup","twitter_misc":{"Escrit per":"breinco","Temps estimat de lectura":"4 minuts"},"schema":{"@context":"https:\/\/schema.org","@graph":[{"@type":"Article","@id":"https:\/\/breinco.com\/ca\/breincosmartblog\/architectwork-madrid-2026-innovacio-i-arquitectura-responsable\/#article","isPartOf":{"@id":"https:\/\/breinco.com\/ca\/breincosmartblog\/architectwork-madrid-2026-innovacio-i-arquitectura-responsable\/"},"author":{"name":"breinco","@id":"https:\/\/breinco.com\/ca\/#\/schema\/person\/76934c343eed792c0e9b8dd8c0f6b3cd"},"headline":"ARCHITECT@WORK Madrid 2026: innovaci\u00f3 i arquitectura responsable","datePublished":"2026-05-11T15:05:15+00:00","dateModified":"2026-09-02T08:16:51+00:00","mainEntityOfPage":{"@id":"https:\/\/breinco.com\/ca\/breincosmartblog\/architectwork-madrid-2026-innovacio-i-arquitectura-responsable\/"},"wordCount":594,"publisher":{"@id":"https:\/\/breinco.com\/ca\/#organization"},"image":{"@id":"https:\/\/breinco.com\/ca\/breincosmartblog\/architectwork-madrid-2026-innovacio-i-arquitectura-responsable\/#primaryimage"},"thumbnailUrl":"https:\/\/breinco.com\/wp-content\/uploads\/2026\/05\/5architect@work_madrid_2026-1.jpg","keywords":["ferrater brick"],"articleSection":["Events"],"inLanguage":"ca"},{"@type":"WebPage","@id":"https:\/\/breinco.com\/ca\/breincosmartblog\/architectwork-madrid-2026-innovacio-i-arquitectura-responsable\/","url":"https:\/\/breinco.com\/ca\/breincosmartblog\/architectwork-madrid-2026-innovacio-i-arquitectura-responsable\/","name":"ARCHITECT@WORK Madrid 2026: innovaci\u00f3 i arquitectura responsable - Breinco","isPartOf":{"@id":"https:\/\/breinco.com\/ca\/#website"},"primaryImageOfPage":{"@id":"https:\/\/breinco.com\/ca\/breincosmartblog\/architectwork-madrid-2026-innovacio-i-arquitectura-responsable\/#primaryimage"},"image":{"@id":"https:\/\/breinco.com\/ca\/breincosmartblog\/architectwork-madrid-2026-innovacio-i-arquitectura-responsable\/#primaryimage"},"thumbnailUrl":"https:\/\/breinco.com\/wp-content\/uploads\/2026\/05\/5architect@work_madrid_2026-1.jpg","datePublished":"2026-05-11T15:05:15+00:00","dateModified":"2026-09-02T08:16:51+00:00","breadcrumb":{"@id":"https:\/\/breinco.com\/ca\/breincosmartblog\/architectwork-madrid-2026-innovacio-i-arquitectura-responsable\/#breadcrumb"},"inLanguage":"ca","potentialAction":[{"@type":"ReadAction","target":["https:\/\/breinco.com\/ca\/breincosmartblog\/architectwork-madrid-2026-innovacio-i-arquitectura-responsable\/"]}]},{"@type":"ImageObject","inLanguage":"ca","@id":"https:\/\/breinco.com\/ca\/breincosmartblog\/architectwork-madrid-2026-innovacio-i-arquitectura-responsable\/#primaryimage","url":"https:\/\/breinco.com\/wp-content\/uploads\/2026\/05\/5architect@work_madrid_2026-1.jpg","contentUrl":"https:\/\/breinco.com\/wp-content\/uploads\/2026\/05\/5architect@work_madrid_2026-1.jpg","width":1800,"height":1200},{"@type":"BreadcrumbList","@id":"https:\/\/breinco.com\/ca\/breincosmartblog\/architectwork-madrid-2026-innovacio-i-arquitectura-responsable\/#breadcrumb","itemListElement":[{"@type":"ListItem","position":1,"name":"Portada","item":"https:\/\/breinco.com\/ca\/"},{"@type":"ListItem","position":2,"name":"ARCHITECT@WORK Madrid 2026: innovaci\u00f3 i arquitectura responsable"}]},{"@type":"WebSite","@id":"https:\/\/breinco.com\/ca\/#website","url":"https:\/\/breinco.com\/ca\/","name":"Breinco","description":"","publisher":{"@id":"https:\/\/breinco.com\/ca\/#organization"},"alternateName":"Urban Furniture, Architecture and Landscaping","potentialAction":[{"@type":"SearchAction","target":{"@type":"EntryPoint","urlTemplate":"https:\/\/breinco.com\/ca\/?s={search_term_string}"},"query-input":{"@type":"PropertyValueSpecification","valueRequired":true,"valueName":"search_term_string"}}],"inLanguage":"ca"},{"@type":"Organization","@id":"https:\/\/breinco.com\/ca\/#organization","name":"Breinco","url":"https:\/\/breinco.com\/ca\/","logo":{"@type":"ImageObject","inLanguage":"ca","@id":"https:\/\/breinco.com\/ca\/#\/schema\/logo\/image\/","url":"https:\/\/breinco.com\/wp-content\/uploads\/2025\/04\/breinco-brand.svg","contentUrl":"https:\/\/breinco.com\/wp-content\/uploads\/2025\/04\/breinco-brand.svg","width":26,"height":58,"caption":"Breinco"},"image":{"@id":"https:\/\/breinco.com\/ca\/#\/schema\/logo\/image\/"},"sameAs":["https:\/\/www.facebook.com\/breincosmart\/","https:\/\/x.com\/breincoGroup","https:\/\/www.instagram.com\/breinco\/","https:\/\/www.linkedin.com\/company\/breinco-esp\/"]},{"@type":"Person","@id":"https:\/\/breinco.com\/ca\/#\/schema\/person\/76934c343eed792c0e9b8dd8c0f6b3cd","name":"breinco"}]}},"_links":{"self":[{"href":"https:\/\/breinco.com\/ca\/wp-json\/wp\/v2\/posts\/29535","targetHints":{"allow":["GET"]}}],"collection":[{"href":"https:\/\/breinco.com\/ca\/wp-json\/wp\/v2\/posts"}],"about":[{"href":"https:\/\/breinco.com\/ca\/wp-json\/wp\/v2\/types\/post"}],"author":[{"embeddable":true,"href":"https:\/\/breinco.com\/ca\/wp-json\/wp\/v2\/users\/2"}],"replies":[{"embeddable":true,"href":"https:\/\/breinco.com\/ca\/wp-json\/wp\/v2\/comments?post=29535"}],"version-history":[{"count":5,"href":"https:\/\/breinco.com\/ca\/wp-json\/wp\/v2\/posts\/29535\/revisions"}],"predecessor-version":[{"id":29544,"href":"https:\/\/breinco.com\/ca\/wp-json\/wp\/v2\/posts\/29535\/revisions\/29544"}],"wp:featuredmedia":[{"embeddable":true,"href":"https:\/\/breinco.com\/ca\/wp-json\/wp\/v2\/media\/29534"}],"wp:attachment":[{"href":"https:\/\/breinco.com\/ca\/wp-json\/wp\/v2\/media?parent=29535"}],"wp:term":[{"taxonomy":"category","embeddable":true,"href":"https:\/\/breinco.com\/ca\/wp-json\/wp\/v2\/categories?post=29535"},{"taxonomy":"post_tag","embeddable":true,"href":"https:\/\/breinco.com\/ca\/wp-json\/wp\/v2\/tags?post=29535"}],"curies":[{"name":"wp","href":"https:\/\/api.w.org\/{rel}","templated":true}]}}