{"id":9946,"date":"2018-06-04T06:00:10","date_gmt":"2018-06-04T04:00:10","guid":{"rendered":"https:\/\/dev.breinco.com\/breincosmartblog\/barcelona-remodelacion-passeig-sant-joan\/"},"modified":"2026-04-16T16:19:46","modified_gmt":"2026-04-16T14:19:46","slug":"barcelona-remodelacion-passeig-sant-joan","status":"publish","type":"post","link":"https:\/\/breinco.com\/es\/breincosmartblog\/barcelona-remodelacion-passeig-sant-joan\/","title":{"rendered":"Barcelona. Remodelaci\u00f3n Passeig Sant Joan"},"content":{"rendered":"<p><strong>Lugar<\/strong>: Passeig de Sant Joan (Tram Arc de Triomf \/ P. Moss\u00e8n Cinto Verdaguer), Barcelona.<br \/>\n<strong>Proyecto<\/strong>: Reurbanizaci\u00f3n del Passeig de Sant Joan como nuevo corredor verde urbano.<br \/>\n<strong>Propiedad<\/strong>: <a href=\"http:\/\/www.barcelona.cat\/es\/\">Ayuntamiento de Barcelona<\/a> (PROEIXAMPLE-fase 1 \/ BIMSA-fase 2)<br \/>\n<strong>Autores del proyecto<\/strong>: <a href=\"http:\/\/www.loladomenech.com\/\">Lola Dom\u00e8nech<\/a>, <a href=\"https:\/\/arquitecturaagronomia.net\/\">Teresa Gal\u00ed<\/a>, CIMEX enginyeria (F1); Lola Dom\u00e8nech, SIGNALIA ENGINYERIA (F2); Emily Rivers, Juliette Boulard y Anna Roque (F1); Alex Flores (F2).<br \/>\n<strong>Project managers:<\/strong> Jordi Burguera (F2); Carlos Loscertales (F2); Gabriela Ferrari (F2).<br \/>\n<strong>Fechas finalizaci\u00f3n:<\/strong> marzo 2011 (F1), diciembre 2014 (F2)<br \/>\n<strong>Superf\u00edcie:<\/strong> 31.455 m\u00b2<br \/>\n<strong>Material:<\/strong> <a href=\"https:\/\/www.breinco.com\/es\/productos\/urban\/pavimentos-de-losas\/llosa-vulcano\">Llosa Vulcano<\/a> 30x10x10 cm y <a href=\"https:\/\/www.breinco.com\/es\/productos\/urban\/pavimentos-de-adoquines\/terana\/terana-light\">adoqu\u00edn Terana<\/a>  <\/p>\n<p>Premio Catalunya Construcci\u00f3 2015 en la categor\u00eda de Intervenci\u00f3n en edificaci\u00f3n existente.<\/p>\n<p><img decoding=\"async\" class=\"featherlight-image featherlight-inner\" src=\"http:\/\/informatiu.apabcn.cat\/wp-content\/uploads\/2017\/09\/4-1.jpg\" alt=\"\" \/><\/p>\n<h4>PLAN GU\u00cdA<\/h4>\n<p>La recuperaci\u00f3n urban\u00edstica de Barcelona iniciada en los a\u00f1os 80 se centr\u00f3 sobre todo en dignificar este espacio. La ciudad ol\u00edmpica aceler\u00f3 la ejecuci\u00f3n de estos proyectos, enfatizando el espacio p\u00fablico. Pero el tejido urbano de Barcelona tiene carencias. La lucha por el verde urbano, que estaba encabezada por las campa\u00f1as de los a\u00f1os ochenta, parec\u00eda haber quedado relegada en \u00faltimo lugar, por detr\u00e1s de palabras como <strong>\u201ceficiencia\u201d, <em>smart<\/em> o \u201cinnovaci\u00f3n tecnol\u00f3gica\u201d<\/strong>.<\/p>\n<p>Los rankings, en cuesti\u00f3n de espacios verdes, no son tan favorables para la ciudad condal: metr\u00f3polis pobladas como Nueva York o incluso ciudades industriales como Rotterdam la superan con creces en valores de verde urbano per c\u00e1pita.<\/p>\n<p>El Passeig de Sant Joan se intervino en 1985 en la Pla\u00e7a Tetuan y en 1998 en el tramo superior entre la Avinguda Diagonal y Travessera de Gr\u00e0cia, cambiando pavimento, arreglando los parterres, instalando juegos infantiles y un carril bici.<\/p>\n<p>Pero la historia del Passeig de Sant Joan se comenz\u00f3 a escribir en el siglo XVIII, con la construcci\u00f3n del Fort de la Ciutadella. Entre el Fort y la actual calle del Rec qued\u00f3 un espacio donde se urbaniz\u00f3 un paseo entre los a\u00f1os 1795 y 1802 que se llam\u00f3 Passeig de Sant Joan (aunque no coincide con el emplazamiento actual).<\/p>\n<p>En 1859, Ildefons Cerd\u00e0 propuso la trama de calles de 20 m del Eixample barcelon\u00e9s en la que destacaban v\u00edas principales con una secci\u00f3n de 50 metros con calzada central y aceras con doble alineaci\u00f3n de arbolado.<\/p>\n<p>El Passeig de Sant Joan es una de estas v\u00edas, as\u00ed como la Gran Via, el Paral\u00b7lel y el Passeig de Gr\u00e0cia. Se traz\u00f3 como proyecci\u00f3n de aquel paseo y se convirti\u00f3 en una v\u00eda de 50 metros de ancho y 2 km de longitud, que conectaba Ciutat Vella con Gr\u00e0cia. La idea de Cerd\u00e0 era comunicar el distrito de Gr\u00e0cia con el de la Barceloneta, pero no fue posible por la presencia del Parc de la Ciutadella y, sobre todo, por las v\u00edas del tren.<\/p>\n<p>D\u00e9cadas m\u00e1s tarde, otro acontecimiento reafirm\u00f3 el valor de esta v\u00eda: la Exposici\u00f3n Universal de 1888, incorporando el Arc de Triomf como puerta de la exposici\u00f3n.<\/p>\n<p><img fetchpriority=\"high\" decoding=\"async\" class=\"aligncenter size-full wp-image-976\" src=\"https:\/\/www.breinco.com\/smartideas\/wp-content\/uploads\/2018\/04\/pavimento-drenante-de-hormigon-passeig-sant-joan-bcn.jpg\" alt=\"pavimento drenante de hormig\u00f3n\" width=\"700\" height=\"500\" \/><\/p>\n<p>Las aceras se distribuyen de manera funcional: una zona de 6 m con panot tradicional de 20\u00d720 cm para peatones de acceso a viviendas y comercios, y otra \u00e1rea de 11 m entre acera y calzada con vegetaci\u00f3n (existente y nueva). Esta \u00e1rea var\u00eda seg\u00fan las actividades del tramo: zonas de estar, juegos infantiles, terrazas, etc.<\/p>\n<p>Se incorpor\u00f3 un sistema de arbustivas aut\u00f3ctonas para enriquecer la biodiversidad y el subsuelo. La idea era plantear tres tipolog\u00edas en altura y tres tipolog\u00edas crom\u00e1ticas para ofrecer variabilidad visual.<\/p>\n<p>La propuesta continua y coherente con los criterios sostenibles ha evitado que los espacios verdes sean par\u00e9ntesis urbanos, creando una capa continua de vegetaci\u00f3n y reduciendo el tr\u00e1fico motorizado.<\/p>\n<p>Se redujeron carriles rodados: de tres por sentido se elimin\u00f3 uno por banda, dejando un carril de circulaci\u00f3n y uno de bus en cada lado.<\/p>\n<h4>Olor de tierra h\u00fameda: pavimento drenante versus pavimento duro<\/h4>\n<p>Trasladar la atm\u00f3sfera del Parc de la Ciutadella al Passeig de Sant Joan no pod\u00eda consistir en algo superficial, sino de ra\u00edz: introducir vegetaci\u00f3n limitadamente en parterres y pavimentar todo el resto con hormig\u00f3n no era suficiente.<\/p>\n<p>El uso de un <strong>pavimento drenante<\/strong> acompa\u00f1a la filosof\u00eda de ecoeficiencia del proyecto. En Barcelona el 64% del suelo est\u00e1 impermeabilizado, lo que dificulta la infiltraci\u00f3n del agua pluvial.<\/p>\n<p>El verde se pisa, se respira y se huele: no es un verde contemplativo, sino un verde habitable, que cambia con la luz y las estaciones.<\/p>\n<p><img decoding=\"async\" class=\"aligncenter size-large wp-image-882\" src=\"https:\/\/www.breinco.com\/smartideas\/wp-content\/uploads\/2018\/04\/Llosa-vulcano-street-passeig-sant-joan-green-bcn-1024x512.jpg\" alt=\"pavimento drenante llosa vulcano breinco\" width=\"1024\" height=\"512\" \/><\/p>\n<p>El espacio se organiza dejando 6 metros libres de circulaci\u00f3n peatonal y 11 metros de zona verde. La calzada se reduce y se pacifica el tr\u00e1fico, incorporando carril bici segregado.<\/p>\n<p>El sistema se adapta a cada tramo sin perder continuidad.<\/p>\n<h4>Faja verde y usable<\/h4>\n<p>El acierto de la soluci\u00f3n consiste en proporcionar diferentes usos al espacio entre fachadas y calzada, con una continuidad que el usuario puede adaptar.<\/p>\n<p>Junto a las edificaciones se sit\u00faa el tr\u00e1nsito peatonal y, a partir de ah\u00ed, una gradaci\u00f3n del espacio libre hacia la zona verde.<\/p>\n<p>Esta faja incluye zonas de estancia, juegos infantiles, terrazas y otros usos, manteniendo siempre el car\u00e1cter de zona verde mediante parterres y pavimento drenante con juntas abiertas.<\/p>\n<p>Se conservan \u00e1rboles existentes y se reponen o incorporan nuevas alineaciones.<\/p>\n<h4>El pavimento drenante de hormig\u00f3n con adoqu\u00edn 30x10x10 cm. Una soluci\u00f3n constructiva innovadora.<\/h4>\n<p>El pavimento drenante se construye sobre una base granular con adoquines prefabricados y juntas abiertas de ancho variable. Se colocan sin mortero, con juntas que pueden rellenarse con sustrato o \u00e1rido seg\u00fan el uso.<\/p>\n<p>Se instalaron 8000 m\u00b2 de adoqu\u00edn de hormig\u00f3n tipo <a href=\"https:\/\/www.breinco.com\/es\/productos\/urban\/adoquines\/llosa-vulcano\">Llosa Vulcano<\/a> 30x10x10 cm color ceniza, con separadores biodegradables de 3,5 cm.<\/p>\n<p>El espesor de 10 cm aporta estabilidad y resistencia mec\u00e1nica tanto para peatones como para accesos puntuales de veh\u00edculos.<\/p>\n<p>Se combinan acabados Standard y Top Complete.<\/p>\n<p>El sistema de junta biodegradable <a href=\"https:\/\/www.breinco.com\/es\/productos\/urban\/pavimentos-de-adoquines\/complementos\/rasen-mohr\">Rasen Mohr<\/a> resuelve los diferentes anchos de junta verde.<\/p>\n<p>Los adoquines contienen \u00e1rido reciclado y pigmentos resistentes, siendo inocuos para el medio ambiente.<\/p>\n<p>En 2012 el Passeig de Sant Joan fue finalista de los <a href=\"https:\/\/www.premiosdearquitectura.es\/es\/noticias\/18-finalistas-premios-fad-2012\">Premios FAD<\/a> en la categor\u00eda Ciudad y Paisaje.<\/p>\n<p><strong>29-Remodelaci\u00f3n del Passeig de Sant Joan (tramo Tetuan &#8211; Arc de Triomf, Barcelona). Lola Dom\u00e8nech Oliva<\/strong><\/p>\n<h4>\u00bfC\u00f3mo llegar?<\/h4>\n<p><iframe style=\"border: 0;\" src=\"https:\/\/www.google.com\/maps\/embed?pb=!1m18!1m12!1m3!1d3559.1921430951766!2d2.169342095525398!3d41.3977192820476!2m3!1f0!2f0!3f0!3m3!1i1024!2i768!4f13.1!3m3!1m1!1s0x12a4a2e905fd0bd1%3A0x70a37fee99118867!2sPasseig+de+Sant+Joan%2C+Barcelona!5e0!3m2!1sca!2ses!4v1527588524564\" width=\"600\" height=\"450\" frameborder=\"0\" allowfullscreen=\"allowfullscreen\"><\/iframe><\/p>\n<p><strong>Bibliograf\u00eda<\/strong>: <a href=\"http:\/\/informatiu.apabcn.com\/blog\/passeig-sant-joan-remodelacio\/\">Informatiu APABCN<\/a><br \/>\n<strong>Fotograf\u00eda:<\/strong> <a href=\"http:\/\/www.adriagoula.com\/\">Adri\u00e0 Goula<\/a><\/p>\n","protected":false},"excerpt":{"rendered":"<p>El pavimento drenante de hormig\u00f3n como soluci\u00f3n constructiva urbana innovadora.<\/p>\n","protected":false},"author":2,"featured_media":9948,"comment_status":"closed","ping_status":"open","sticky":false,"template":"","format":"standard","meta":{"_acf_changed":false,"footnotes":""},"categories":[217],"tags":[218,236,237,225,238],"class_list":["post-9946","post","type-post","status-publish","format-standard","has-post-thumbnail","hentry","category-projects","tag-adoquines","tag-barcelona","tag-losa-de-hormigon","tag-pavimento-drenante","tag-pavimento-verde"],"acf":[],"yoast_head":"<!-- This site is optimized with the Yoast SEO plugin v27.5 - https:\/\/yoast.com\/product\/yoast-seo-wordpress\/ -->\n<title>Barcelona. Remodelaci\u00f3n Passeig Sant Joan - Breinco<\/title>\n<meta name=\"robots\" content=\"index, follow, max-snippet:-1, max-image-preview:large, max-video-preview:-1\" \/>\n<link rel=\"canonical\" href=\"https:\/\/breinco.com\/es\/breincosmartblog\/barcelona-remodelacion-passeig-sant-joan\/\" \/>\n<meta property=\"og:locale\" content=\"es_ES\" \/>\n<meta property=\"og:type\" content=\"article\" \/>\n<meta property=\"og:title\" content=\"Barcelona. Remodelaci\u00f3n Passeig Sant Joan - Breinco\" \/>\n<meta property=\"og:description\" content=\"El pavimento drenante de hormig\u00f3n como soluci\u00f3n constructiva urbana innovadora.\" \/>\n<meta property=\"og:url\" content=\"https:\/\/breinco.com\/es\/breincosmartblog\/barcelona-remodelacion-passeig-sant-joan\/\" \/>\n<meta property=\"og:site_name\" content=\"Breinco\" \/>\n<meta property=\"article:publisher\" content=\"https:\/\/www.facebook.com\/breincosmart\/\" \/>\n<meta property=\"article:published_time\" content=\"2018-06-04T04:00:10+00:00\" \/>\n<meta property=\"article:modified_time\" content=\"2026-04-16T14:19:46+00:00\" \/>\n<meta property=\"og:image\" content=\"https:\/\/breinco.com\/wp-content\/uploads\/2018\/06\/Pavimento-verde-drenante-barcelona-passeig-sant-joan-breinco.jpg\" \/>\n\t<meta property=\"og:image:width\" content=\"1700\" \/>\n\t<meta property=\"og:image:height\" content=\"830\" \/>\n\t<meta property=\"og:image:type\" content=\"image\/jpeg\" \/>\n<meta name=\"author\" content=\"breinco\" \/>\n<meta name=\"twitter:card\" content=\"summary_large_image\" \/>\n<meta name=\"twitter:creator\" content=\"@breincoGroup\" \/>\n<meta name=\"twitter:site\" content=\"@breincoGroup\" \/>\n<meta name=\"twitter:label1\" content=\"Escrito por\" \/>\n\t<meta name=\"twitter:data1\" content=\"breinco\" \/>\n\t<meta name=\"twitter:label2\" content=\"Tiempo de lectura\" \/>\n\t<meta name=\"twitter:data2\" content=\"6 minutos\" \/>\n<script type=\"application\/ld+json\" class=\"yoast-schema-graph\">{\"@context\":\"https:\\\/\\\/schema.org\",\"@graph\":[{\"@type\":\"Article\",\"@id\":\"https:\\\/\\\/breinco.com\\\/es\\\/breincosmartblog\\\/barcelona-remodelacion-passeig-sant-joan\\\/#article\",\"isPartOf\":{\"@id\":\"https:\\\/\\\/breinco.com\\\/es\\\/breincosmartblog\\\/barcelona-remodelacion-passeig-sant-joan\\\/\"},\"author\":{\"name\":\"breinco\",\"@id\":\"https:\\\/\\\/breinco.com\\\/es\\\/#\\\/schema\\\/person\\\/76934c343eed792c0e9b8dd8c0f6b3cd\"},\"headline\":\"Barcelona. Remodelaci\u00f3n Passeig Sant Joan\",\"datePublished\":\"2018-06-04T04:00:10+00:00\",\"dateModified\":\"2026-04-16T14:19:46+00:00\",\"mainEntityOfPage\":{\"@id\":\"https:\\\/\\\/breinco.com\\\/es\\\/breincosmartblog\\\/barcelona-remodelacion-passeig-sant-joan\\\/\"},\"wordCount\":1068,\"publisher\":{\"@id\":\"https:\\\/\\\/breinco.com\\\/es\\\/#organization\"},\"image\":{\"@id\":\"https:\\\/\\\/breinco.com\\\/es\\\/breincosmartblog\\\/barcelona-remodelacion-passeig-sant-joan\\\/#primaryimage\"},\"thumbnailUrl\":\"https:\\\/\\\/breinco.com\\\/wp-content\\\/uploads\\\/2018\\\/06\\\/Pavimento-verde-drenante-barcelona-passeig-sant-joan-breinco.jpg\",\"keywords\":[\"adoquines\",\"barcelona\",\"Losa de hormig\u00f3n\",\"pavimento drenante\",\"pavimento verde\"],\"articleSection\":[\"projects\"],\"inLanguage\":\"es\"},{\"@type\":\"WebPage\",\"@id\":\"https:\\\/\\\/breinco.com\\\/es\\\/breincosmartblog\\\/barcelona-remodelacion-passeig-sant-joan\\\/\",\"url\":\"https:\\\/\\\/breinco.com\\\/es\\\/breincosmartblog\\\/barcelona-remodelacion-passeig-sant-joan\\\/\",\"name\":\"Barcelona. Remodelaci\u00f3n Passeig Sant Joan - Breinco\",\"isPartOf\":{\"@id\":\"https:\\\/\\\/breinco.com\\\/es\\\/#website\"},\"primaryImageOfPage\":{\"@id\":\"https:\\\/\\\/breinco.com\\\/es\\\/breincosmartblog\\\/barcelona-remodelacion-passeig-sant-joan\\\/#primaryimage\"},\"image\":{\"@id\":\"https:\\\/\\\/breinco.com\\\/es\\\/breincosmartblog\\\/barcelona-remodelacion-passeig-sant-joan\\\/#primaryimage\"},\"thumbnailUrl\":\"https:\\\/\\\/breinco.com\\\/wp-content\\\/uploads\\\/2018\\\/06\\\/Pavimento-verde-drenante-barcelona-passeig-sant-joan-breinco.jpg\",\"datePublished\":\"2018-06-04T04:00:10+00:00\",\"dateModified\":\"2026-04-16T14:19:46+00:00\",\"breadcrumb\":{\"@id\":\"https:\\\/\\\/breinco.com\\\/es\\\/breincosmartblog\\\/barcelona-remodelacion-passeig-sant-joan\\\/#breadcrumb\"},\"inLanguage\":\"es\",\"potentialAction\":[{\"@type\":\"ReadAction\",\"target\":[\"https:\\\/\\\/breinco.com\\\/es\\\/breincosmartblog\\\/barcelona-remodelacion-passeig-sant-joan\\\/\"]}]},{\"@type\":\"ImageObject\",\"inLanguage\":\"es\",\"@id\":\"https:\\\/\\\/breinco.com\\\/es\\\/breincosmartblog\\\/barcelona-remodelacion-passeig-sant-joan\\\/#primaryimage\",\"url\":\"https:\\\/\\\/breinco.com\\\/wp-content\\\/uploads\\\/2018\\\/06\\\/Pavimento-verde-drenante-barcelona-passeig-sant-joan-breinco.jpg\",\"contentUrl\":\"https:\\\/\\\/breinco.com\\\/wp-content\\\/uploads\\\/2018\\\/06\\\/Pavimento-verde-drenante-barcelona-passeig-sant-joan-breinco.jpg\",\"width\":1700,\"height\":830,\"caption\":\"pavimento verde drenante passeig sant joan barcelona\"},{\"@type\":\"BreadcrumbList\",\"@id\":\"https:\\\/\\\/breinco.com\\\/es\\\/breincosmartblog\\\/barcelona-remodelacion-passeig-sant-joan\\\/#breadcrumb\",\"itemListElement\":[{\"@type\":\"ListItem\",\"position\":1,\"name\":\"Portada\",\"item\":\"https:\\\/\\\/breinco.com\\\/es\\\/\"},{\"@type\":\"ListItem\",\"position\":2,\"name\":\"Barcelona. Remodelaci\u00f3n Passeig Sant Joan\"}]},{\"@type\":\"WebSite\",\"@id\":\"https:\\\/\\\/breinco.com\\\/es\\\/#website\",\"url\":\"https:\\\/\\\/breinco.com\\\/es\\\/\",\"name\":\"Breinco\",\"description\":\"\",\"publisher\":{\"@id\":\"https:\\\/\\\/breinco.com\\\/es\\\/#organization\"},\"alternateName\":\"Urban Furniture, Architecture and Landscaping\",\"potentialAction\":[{\"@type\":\"SearchAction\",\"target\":{\"@type\":\"EntryPoint\",\"urlTemplate\":\"https:\\\/\\\/breinco.com\\\/es\\\/?s={search_term_string}\"},\"query-input\":{\"@type\":\"PropertyValueSpecification\",\"valueRequired\":true,\"valueName\":\"search_term_string\"}}],\"inLanguage\":\"es\"},{\"@type\":\"Organization\",\"@id\":\"https:\\\/\\\/breinco.com\\\/es\\\/#organization\",\"name\":\"Breinco\",\"url\":\"https:\\\/\\\/breinco.com\\\/es\\\/\",\"logo\":{\"@type\":\"ImageObject\",\"inLanguage\":\"es\",\"@id\":\"https:\\\/\\\/breinco.com\\\/es\\\/#\\\/schema\\\/logo\\\/image\\\/\",\"url\":\"https:\\\/\\\/breinco.com\\\/wp-content\\\/uploads\\\/2025\\\/04\\\/breinco-brand.svg\",\"contentUrl\":\"https:\\\/\\\/breinco.com\\\/wp-content\\\/uploads\\\/2025\\\/04\\\/breinco-brand.svg\",\"width\":26,\"height\":58,\"caption\":\"Breinco\"},\"image\":{\"@id\":\"https:\\\/\\\/breinco.com\\\/es\\\/#\\\/schema\\\/logo\\\/image\\\/\"},\"sameAs\":[\"https:\\\/\\\/www.facebook.com\\\/breincosmart\\\/\",\"https:\\\/\\\/x.com\\\/breincoGroup\",\"https:\\\/\\\/www.instagram.com\\\/breinco\\\/\",\"https:\\\/\\\/www.linkedin.com\\\/company\\\/breinco-esp\\\/\"]},{\"@type\":\"Person\",\"@id\":\"https:\\\/\\\/breinco.com\\\/es\\\/#\\\/schema\\\/person\\\/76934c343eed792c0e9b8dd8c0f6b3cd\",\"name\":\"breinco\"}]}<\/script>\n<!-- \/ Yoast SEO plugin. -->","yoast_head_json":{"title":"Barcelona. Remodelaci\u00f3n Passeig Sant Joan - Breinco","robots":{"index":"index","follow":"follow","max-snippet":"max-snippet:-1","max-image-preview":"max-image-preview:large","max-video-preview":"max-video-preview:-1"},"canonical":"https:\/\/breinco.com\/es\/breincosmartblog\/barcelona-remodelacion-passeig-sant-joan\/","og_locale":"es_ES","og_type":"article","og_title":"Barcelona. Remodelaci\u00f3n Passeig Sant Joan - Breinco","og_description":"El pavimento drenante de hormig\u00f3n como soluci\u00f3n constructiva urbana innovadora.","og_url":"https:\/\/breinco.com\/es\/breincosmartblog\/barcelona-remodelacion-passeig-sant-joan\/","og_site_name":"Breinco","article_publisher":"https:\/\/www.facebook.com\/breincosmart\/","article_published_time":"2018-06-04T04:00:10+00:00","article_modified_time":"2026-04-16T14:19:46+00:00","og_image":[{"width":1700,"height":830,"url":"https:\/\/breinco.com\/wp-content\/uploads\/2018\/06\/Pavimento-verde-drenante-barcelona-passeig-sant-joan-breinco.jpg","type":"image\/jpeg"}],"author":"breinco","twitter_card":"summary_large_image","twitter_creator":"@breincoGroup","twitter_site":"@breincoGroup","twitter_misc":{"Escrito por":"breinco","Tiempo de lectura":"6 minutos"},"schema":{"@context":"https:\/\/schema.org","@graph":[{"@type":"Article","@id":"https:\/\/breinco.com\/es\/breincosmartblog\/barcelona-remodelacion-passeig-sant-joan\/#article","isPartOf":{"@id":"https:\/\/breinco.com\/es\/breincosmartblog\/barcelona-remodelacion-passeig-sant-joan\/"},"author":{"name":"breinco","@id":"https:\/\/breinco.com\/es\/#\/schema\/person\/76934c343eed792c0e9b8dd8c0f6b3cd"},"headline":"Barcelona. Remodelaci\u00f3n Passeig Sant Joan","datePublished":"2018-06-04T04:00:10+00:00","dateModified":"2026-04-16T14:19:46+00:00","mainEntityOfPage":{"@id":"https:\/\/breinco.com\/es\/breincosmartblog\/barcelona-remodelacion-passeig-sant-joan\/"},"wordCount":1068,"publisher":{"@id":"https:\/\/breinco.com\/es\/#organization"},"image":{"@id":"https:\/\/breinco.com\/es\/breincosmartblog\/barcelona-remodelacion-passeig-sant-joan\/#primaryimage"},"thumbnailUrl":"https:\/\/breinco.com\/wp-content\/uploads\/2018\/06\/Pavimento-verde-drenante-barcelona-passeig-sant-joan-breinco.jpg","keywords":["adoquines","barcelona","Losa de hormig\u00f3n","pavimento drenante","pavimento verde"],"articleSection":["projects"],"inLanguage":"es"},{"@type":"WebPage","@id":"https:\/\/breinco.com\/es\/breincosmartblog\/barcelona-remodelacion-passeig-sant-joan\/","url":"https:\/\/breinco.com\/es\/breincosmartblog\/barcelona-remodelacion-passeig-sant-joan\/","name":"Barcelona. Remodelaci\u00f3n Passeig Sant Joan - Breinco","isPartOf":{"@id":"https:\/\/breinco.com\/es\/#website"},"primaryImageOfPage":{"@id":"https:\/\/breinco.com\/es\/breincosmartblog\/barcelona-remodelacion-passeig-sant-joan\/#primaryimage"},"image":{"@id":"https:\/\/breinco.com\/es\/breincosmartblog\/barcelona-remodelacion-passeig-sant-joan\/#primaryimage"},"thumbnailUrl":"https:\/\/breinco.com\/wp-content\/uploads\/2018\/06\/Pavimento-verde-drenante-barcelona-passeig-sant-joan-breinco.jpg","datePublished":"2018-06-04T04:00:10+00:00","dateModified":"2026-04-16T14:19:46+00:00","breadcrumb":{"@id":"https:\/\/breinco.com\/es\/breincosmartblog\/barcelona-remodelacion-passeig-sant-joan\/#breadcrumb"},"inLanguage":"es","potentialAction":[{"@type":"ReadAction","target":["https:\/\/breinco.com\/es\/breincosmartblog\/barcelona-remodelacion-passeig-sant-joan\/"]}]},{"@type":"ImageObject","inLanguage":"es","@id":"https:\/\/breinco.com\/es\/breincosmartblog\/barcelona-remodelacion-passeig-sant-joan\/#primaryimage","url":"https:\/\/breinco.com\/wp-content\/uploads\/2018\/06\/Pavimento-verde-drenante-barcelona-passeig-sant-joan-breinco.jpg","contentUrl":"https:\/\/breinco.com\/wp-content\/uploads\/2018\/06\/Pavimento-verde-drenante-barcelona-passeig-sant-joan-breinco.jpg","width":1700,"height":830,"caption":"pavimento verde drenante passeig sant joan barcelona"},{"@type":"BreadcrumbList","@id":"https:\/\/breinco.com\/es\/breincosmartblog\/barcelona-remodelacion-passeig-sant-joan\/#breadcrumb","itemListElement":[{"@type":"ListItem","position":1,"name":"Portada","item":"https:\/\/breinco.com\/es\/"},{"@type":"ListItem","position":2,"name":"Barcelona. Remodelaci\u00f3n Passeig Sant Joan"}]},{"@type":"WebSite","@id":"https:\/\/breinco.com\/es\/#website","url":"https:\/\/breinco.com\/es\/","name":"Breinco","description":"","publisher":{"@id":"https:\/\/breinco.com\/es\/#organization"},"alternateName":"Urban Furniture, Architecture and Landscaping","potentialAction":[{"@type":"SearchAction","target":{"@type":"EntryPoint","urlTemplate":"https:\/\/breinco.com\/es\/?s={search_term_string}"},"query-input":{"@type":"PropertyValueSpecification","valueRequired":true,"valueName":"search_term_string"}}],"inLanguage":"es"},{"@type":"Organization","@id":"https:\/\/breinco.com\/es\/#organization","name":"Breinco","url":"https:\/\/breinco.com\/es\/","logo":{"@type":"ImageObject","inLanguage":"es","@id":"https:\/\/breinco.com\/es\/#\/schema\/logo\/image\/","url":"https:\/\/breinco.com\/wp-content\/uploads\/2025\/04\/breinco-brand.svg","contentUrl":"https:\/\/breinco.com\/wp-content\/uploads\/2025\/04\/breinco-brand.svg","width":26,"height":58,"caption":"Breinco"},"image":{"@id":"https:\/\/breinco.com\/es\/#\/schema\/logo\/image\/"},"sameAs":["https:\/\/www.facebook.com\/breincosmart\/","https:\/\/x.com\/breincoGroup","https:\/\/www.instagram.com\/breinco\/","https:\/\/www.linkedin.com\/company\/breinco-esp\/"]},{"@type":"Person","@id":"https:\/\/breinco.com\/es\/#\/schema\/person\/76934c343eed792c0e9b8dd8c0f6b3cd","name":"breinco"}]}},"_links":{"self":[{"href":"https:\/\/breinco.com\/es\/wp-json\/wp\/v2\/posts\/9946","targetHints":{"allow":["GET"]}}],"collection":[{"href":"https:\/\/breinco.com\/es\/wp-json\/wp\/v2\/posts"}],"about":[{"href":"https:\/\/breinco.com\/es\/wp-json\/wp\/v2\/types\/post"}],"author":[{"embeddable":true,"href":"https:\/\/breinco.com\/es\/wp-json\/wp\/v2\/users\/2"}],"replies":[{"embeddable":true,"href":"https:\/\/breinco.com\/es\/wp-json\/wp\/v2\/comments?post=9946"}],"version-history":[{"count":2,"href":"https:\/\/breinco.com\/es\/wp-json\/wp\/v2\/posts\/9946\/revisions"}],"predecessor-version":[{"id":22528,"href":"https:\/\/breinco.com\/es\/wp-json\/wp\/v2\/posts\/9946\/revisions\/22528"}],"wp:featuredmedia":[{"embeddable":true,"href":"https:\/\/breinco.com\/es\/wp-json\/wp\/v2\/media\/9948"}],"wp:attachment":[{"href":"https:\/\/breinco.com\/es\/wp-json\/wp\/v2\/media?parent=9946"}],"wp:term":[{"taxonomy":"category","embeddable":true,"href":"https:\/\/breinco.com\/es\/wp-json\/wp\/v2\/categories?post=9946"},{"taxonomy":"post_tag","embeddable":true,"href":"https:\/\/breinco.com\/es\/wp-json\/wp\/v2\/tags?post=9946"}],"curies":[{"name":"wp","href":"https:\/\/api.w.org\/{rel}","templated":true}]}}