{"id":21563,"date":"2025-12-16T08:06:59","date_gmt":"2025-12-16T07:06:59","guid":{"rendered":"https:\/\/breinco.com\/breincosmartblog\/panot-del-segle-xxi-recoit-une-mention-au-premi-catalunya-decodisseny-2025\/"},"modified":"2026-04-09T17:22:55","modified_gmt":"2026-04-09T15:22:55","slug":"panot-del-segle-xxi-recoit-une-mention-au-premi-catalunya-decodisseny-2025","status":"publish","type":"post","link":"https:\/\/breinco.com\/fr\/breincosmartblog\/panot-del-segle-xxi-recoit-une-mention-au-premi-catalunya-decodisseny-2025\/","title":{"rendered":"Panot del Segle XXI re\u00e7oit une mention au Premi Catalunya d\u2019Ecodisseny 2025"},"content":{"rendered":"<p>Breinco re\u00e7oit une mention dans la cat\u00e9gorie <strong>\u00ab Produit \u00bb<\/strong> du <strong>Premi Catalunya d\u2019Ecodisseny 2025<\/strong> pour le <strong>Panot del Segle XXI<\/strong>, la r\u00e9interpr\u00e9tation de l&rsquo;iconique panot de Barcelone.<\/p>\n<p>La remise des prix, c\u00e9l\u00e9br\u00e9e au <strong>Palau Robert de Barcelone<\/strong>, a r\u00e9compens\u00e9 des produits et services con\u00e7us et fabriqu\u00e9s en Catalogne qui se distinguent par leur <strong>innovation, durabilit\u00e9 et efficacit\u00e9 environnementale tout au long de leur cycle de vie<\/strong>.<\/p>\n<figure id=\"attachment_6336\" aria-describedby=\"caption-attachment-6336\" style=\"width: 1133px\" class=\"wp-caption aligncenter\"><img fetchpriority=\"high\" decoding=\"async\" class=\"wp-image-6336\" src=\"https:\/\/breinco.com\/wp-content\/uploads\/2025\/12\/1760715464646-1.jpeg\" alt=\"\" width=\"1133\" height=\"756\" \/><figcaption id=\"caption-attachment-6336\" class=\"wp-caption-text\"><br \/>\nMention du \u00ab\u00a0Premi Catalunya d&rsquo;Ecodisseny 2025\u00a0\u00bb<br \/><\/figcaption><\/figure>\n<p>En cette \u00e9dition, parmi les 132 candidatures pr\u00e9sent\u00e9es, 34 ont \u00e9t\u00e9 s\u00e9lectionn\u00e9es pour l&rsquo;exposition, qui a int\u00e9gr\u00e9 pour la premi\u00e8re fois une <strong>exp\u00e9rience de r\u00e9alit\u00e9 virtuelle<\/strong>, permettant de parcourir les projets de leur phase de conception et production jusqu&rsquo;\u00e0 leur application finale dans la ville. <strong><a href=\"https:\/\/www.expo3dpremiecodisseny2025.cat\/\">Visitez l&rsquo;exposition en 3D.<\/a><\/strong><\/p>\n<p><img decoding=\"async\" class=\"aligncenter wp-image-6331\" src=\"https:\/\/www.breinco.com\/breincosmartblog\/wp-content\/uploads\/2025\/12\/2025.11.12-Premi-Ecodisseny-007-AE7A0486-br-300x200.jpg\" alt=\"Panot del Segle XXI Breinco en exposition au Palau Robert de Barcelone avec exp\u00e9rience de r\u00e9alit\u00e9 virtuelle\" width=\"1115\" height=\"743\" \/><\/p>\n<h3><strong>Panot del Segle XXI : un rev\u00eatement qui \u00e9volue avec la ville<\/strong><\/h3>\n<p>Le <strong>Panot del Segle XXI<\/strong> repr\u00e9sente la <a href=\"https:\/\/www.breinco.com\/breincosmartblog\/panot-del-segle-xxi-de-tradicional-a-sostenible\/\">red\u00e9finition de l&#8217;embl\u00e9matique panot de Barcelone<\/a>, pens\u00e9 pour s&rsquo;adapter aux d\u00e9fis urbains des villes contemporaines. Cette proposition combine <strong>innovation, fonctionnalit\u00e9 et durabilit\u00e9<\/strong>, s&rsquo;alignant sur les principes de l&rsquo;\u00e9conomie circulaire et la r\u00e9duction de l&#8217;empreinte carbone.<\/p>\n<p>Sa <strong>composition optimis\u00e9e<\/strong> int\u00e8gre jusqu&rsquo;\u00e0 40% de granulats recycl\u00e9s et de mat\u00e9riaux r\u00e9utilisables, diminuant significativement les \u00e9missions de CO\u2082 et favorisant la r\u00e9utilisation des ressources. Gr\u00e2ce \u00e0 son syst\u00e8me de pose flexible, chaque pi\u00e8ce peut \u00eatre install\u00e9e et retir\u00e9e sans dommage, prolongeant sa dur\u00e9e de vie et fermant le cycle d&rsquo;utilisation.<\/p>\n<figure id=\"attachment_6326\" aria-describedby=\"caption-attachment-6326\" style=\"width: 1009px\" class=\"wp-caption aligncenter\"><img decoding=\"async\" class=\"wp-image-6326\" src=\"https:\/\/www.breinco.com\/breincosmartblog\/wp-content\/uploads\/2025\/12\/1760715468135-300x200.jpeg\" alt=\"Panot del Segle XXI Breinco mod\u00e8le Flor, vue d\u00e9tail VS4\" width=\"1009\" height=\"673\" \/><figcaption id=\"caption-attachment-6326\" class=\"wp-caption-text\"><br \/>\n\u00ab <em>Panot del Segle XXI Flor<\/em> \u00bb<br \/><\/figcaption><\/figure>\n<h3><strong>Innovation et durabilit\u00e9 dans chaque d\u00e9tail<\/strong><\/h3>\n<p>Le Panot del Segle XXI ne r\u00e9pond pas seulement \u00e0 des crit\u00e8res environnementaux, il apporte \u00e9galement des <strong>b\u00e9n\u00e9fices actifs \u00e0 la ville<\/strong>. Son design contribue \u00e0 une meilleure gestion de l&rsquo;eau, \u00e0 r\u00e9duire la pollution acoustique et \u00e0 minimiser l&rsquo;effet d&rsquo;\u00eelot de chaleur urbain, am\u00e9liorant la qualit\u00e9 de vie et l&rsquo;habitabilit\u00e9 des espaces publics.<\/p>\n<p><img loading=\"lazy\" decoding=\"async\" class=\"aligncenter wp-image-6328\" src=\"https:\/\/www.breinco.com\/breincosmartblog\/wp-content\/uploads\/2025\/12\/Sistema-colocacio-Panot-S.XXI_-300x154.jpg\" alt=\"Panot del Segle XXI Breinco mod\u00e8le Flor, d\u00e9tail de pose\" width=\"1041\" height=\"535\" \/><\/p>\n<p>Pour Breinco, cette mention renforce notre <strong>trajectoire dans les rev\u00eatements durables<\/strong> et r\u00e9affirme l&rsquo;importance de d\u00e9velopper des solutions urbaines <strong>r\u00e9silientes, circulaires et adapt\u00e9es aux villes actuelles<\/strong>.<\/p>\n<p><img loading=\"lazy\" decoding=\"async\" class=\"aligncenter wp-image-6329\" src=\"https:\/\/www.breinco.com\/breincosmartblog\/wp-content\/uploads\/2025\/12\/54867422379_4f90938dee_o-300x200.jpg\" alt=\"Remise du Premi Catalunya d\u2019Ecodisseny 2025 au Palau Robert, mention Panot del Segle XXI\" width=\"1057\" height=\"704\" \/><\/p>\n<h3><strong>ADI Making Of\u2026 Ecodisseny 2025 : inspiration et apprentissage<\/strong><\/h3>\n<p>En plus de la remise des prix, Breinco a particip\u00e9 activement avec le Panot del Segle XXI \u00e0 la journ\u00e9e <strong>\u00ab ADI Making Of\u2026 Ecodisseny 2025 \u00bb<\/strong>, un cycle de conf\u00e9rences organis\u00e9 par l&rsquo;ADI-FAD pour faire conna\u00eetre des projets qui abordent mat\u00e9riaux, produits et processus en unissant <strong>design, durabilit\u00e9 et innovation<\/strong>.<\/p>\n<p>La journ\u00e9e a offert une opportunit\u00e9 unique pour <strong>\u00e9changer des exp\u00e9riences et montrer comment le Panot del Segle XXI applique des crit\u00e8res d&rsquo;\u00e9coconception de la conception \u00e0 la production<\/strong>, tout en permettant de d\u00e9couvrir de premi\u00e8re main les projets prim\u00e9s lors de cette VIe \u00e9dition du Premi Catalunya d\u2019Ecodisseny.<\/p>\n<p>La participation de Breinco a consolid\u00e9 le r\u00f4le de la durabilit\u00e9 et de l&rsquo;innovation comme moteur du <strong>design urbain en Catalogne<\/strong>, montrant comment un rev\u00eatement peut \u00eatre fonctionnel, esth\u00e9tique et responsable envers l&rsquo;environnement.<\/p>\n<figure id=\"attachment_6332\" aria-describedby=\"caption-attachment-6332\" style=\"width: 1098px\" class=\"wp-caption aligncenter\"><img loading=\"lazy\" decoding=\"async\" class=\"wp-image-6332\" src=\"https:\/\/www.breinco.com\/breincosmartblog\/wp-content\/uploads\/2025\/12\/2025.11.12-Premi-Ecodisseny-081-AE7A0792-br-300x200.jpg\" alt=\"Conf\u00e9rence ADI Making Of\u2026 Ecodisseny 2025 avec le Panot del Segle XXI de Breinco\" width=\"1098\" height=\"731\" \/><figcaption id=\"caption-attachment-6332\" class=\"wp-caption-text\"><br \/>\nChristian Cazorla \u2014 Directeur technique de Breinco \u2014 lors de la journ\u00e9e ADI Making of\u2026Ecodisseny.<br \/><\/figcaption><\/figure>\n<p>D\u00e9couvrez tous les d\u00e9tails sur le <strong><a href=\"https:\/\/www.breinco.com\/breincosmartblog\/panot-del-segle-xxi-de-tradicional-a-sostenible\/\">Panot del Segle XXI : du traditionnel au durable<\/a><\/strong><\/p>\n<p><strong><a href=\"https:\/\/govern.cat\/salapremsa\/notes-premsa\/754072\/el-premi-catalunya-decodisseny-accelerador-reconeix-productes-al-mercat-prototips-propostes-innovadores\">| Communiqu\u00e9 de presse Generalitat de Catalunya |<\/a><\/strong><\/p>\n<p><strong><a href=\"https:\/\/residus.gencat.cat\/ca\/lagencia\/publicacions\/jornades\/2025_11_12_adi_makingof_ecodisseny_2025\/\">| Journ\u00e9e : \u00ab\u00a0ADI Making Of&#8230; Ecodisseny 2025\u00a0\u00bb |<\/a><\/strong><\/p>\n","protected":false},"excerpt":{"rendered":"<p>Breinco re\u00e7oit une mention dans la cat\u00e9gorie \u00ab Produit \u00bb du Premi Catalunya d\u2019Ecodisseny 2025 pour le Panot del Segle XXI, la r\u00e9interpr\u00e9tation de l&rsquo;iconique panot de Barcelone. La remise des prix, c\u00e9l\u00e9br\u00e9e au Palau Robert de Barcelone, a r\u00e9compens\u00e9 des produits et services con\u00e7us et fabriqu\u00e9s en Catalogne qui se distinguent par leur innovation, [&hellip;]<\/p>\n","protected":false},"author":2,"featured_media":21577,"comment_status":"closed","ping_status":"open","sticky":false,"template":"","format":"standard","meta":{"_acf_changed":false,"footnotes":""},"categories":[1056],"tags":[1078,1072,1079,1004,1035,1012],"class_list":["post-21563","post","type-post","status-publish","format-standard","has-post-thumbnail","hentry","category-corporative","tag-adi-fad","tag-barcelona","tag-circularidad","tag-panot-segle-xxi","tag-sostenibilidad","tag-urbanismo"],"acf":[],"yoast_head":"<!-- This site is optimized with the Yoast SEO plugin v27.5 - https:\/\/yoast.com\/product\/yoast-seo-wordpress\/ -->\n<title>Panot del Segle XXI re\u00e7oit une mention au Premi Catalunya d\u2019Ecodisseny 2025 - Breinco<\/title>\n<meta name=\"robots\" content=\"index, follow, max-snippet:-1, max-image-preview:large, max-video-preview:-1\" \/>\n<link rel=\"canonical\" href=\"https:\/\/breinco.com\/fr\/breincosmartblog\/panot-del-segle-xxi-recoit-une-mention-au-premi-catalunya-decodisseny-2025\/\" \/>\n<meta property=\"og:locale\" content=\"fr_FR\" \/>\n<meta property=\"og:type\" content=\"article\" \/>\n<meta property=\"og:title\" content=\"Panot del Segle XXI re\u00e7oit une mention au Premi Catalunya d\u2019Ecodisseny 2025 - Breinco\" \/>\n<meta property=\"og:description\" content=\"Breinco re\u00e7oit une mention dans la cat\u00e9gorie \u00ab Produit \u00bb du Premi Catalunya d\u2019Ecodisseny 2025 pour le Panot del Segle XXI, la r\u00e9interpr\u00e9tation de l&rsquo;iconique panot de Barcelone. La remise des prix, c\u00e9l\u00e9br\u00e9e au Palau Robert de Barcelone, a r\u00e9compens\u00e9 des produits et services con\u00e7us et fabriqu\u00e9s en Catalogne qui se distinguent par leur innovation, [&hellip;]\" \/>\n<meta property=\"og:url\" content=\"https:\/\/breinco.com\/fr\/breincosmartblog\/panot-del-segle-xxi-recoit-une-mention-au-premi-catalunya-decodisseny-2025\/\" \/>\n<meta property=\"og:site_name\" content=\"Breinco\" \/>\n<meta property=\"article:publisher\" content=\"https:\/\/www.facebook.com\/breincosmart\/\" \/>\n<meta property=\"article:published_time\" content=\"2025-12-16T07:06:59+00:00\" \/>\n<meta property=\"article:modified_time\" content=\"2026-04-09T15:22:55+00:00\" \/>\n<meta property=\"og:image\" content=\"https:\/\/breinco.com\/wp-content\/uploads\/2025\/12\/54866316597_8b2ab47d8f_o-1-scaled-1.jpg\" \/>\n\t<meta property=\"og:image:width\" content=\"2560\" \/>\n\t<meta property=\"og:image:height\" content=\"1707\" \/>\n\t<meta property=\"og:image:type\" content=\"image\/jpeg\" \/>\n<meta name=\"author\" content=\"breinco\" \/>\n<meta name=\"twitter:card\" content=\"summary_large_image\" \/>\n<meta name=\"twitter:creator\" content=\"@breincoGroup\" \/>\n<meta name=\"twitter:site\" content=\"@breincoGroup\" \/>\n<meta name=\"twitter:label1\" content=\"\u00c9crit par\" \/>\n\t<meta name=\"twitter:data1\" content=\"breinco\" \/>\n\t<meta name=\"twitter:label2\" content=\"Dur\u00e9e de lecture estim\u00e9e\" \/>\n\t<meta name=\"twitter:data2\" content=\"3 minutes\" \/>\n<script type=\"application\/ld+json\" class=\"yoast-schema-graph\">{\"@context\":\"https:\\\/\\\/schema.org\",\"@graph\":[{\"@type\":\"Article\",\"@id\":\"https:\\\/\\\/breinco.com\\\/fr\\\/breincosmartblog\\\/panot-del-segle-xxi-recoit-une-mention-au-premi-catalunya-decodisseny-2025\\\/#article\",\"isPartOf\":{\"@id\":\"https:\\\/\\\/breinco.com\\\/fr\\\/breincosmartblog\\\/panot-del-segle-xxi-recoit-une-mention-au-premi-catalunya-decodisseny-2025\\\/\"},\"author\":{\"name\":\"breinco\",\"@id\":\"https:\\\/\\\/breinco.com\\\/fr\\\/#\\\/schema\\\/person\\\/76934c343eed792c0e9b8dd8c0f6b3cd\"},\"headline\":\"Panot del Segle XXI re\u00e7oit une mention au Premi Catalunya d\u2019Ecodisseny 2025\",\"datePublished\":\"2025-12-16T07:06:59+00:00\",\"dateModified\":\"2026-04-09T15:22:55+00:00\",\"mainEntityOfPage\":{\"@id\":\"https:\\\/\\\/breinco.com\\\/fr\\\/breincosmartblog\\\/panot-del-segle-xxi-recoit-une-mention-au-premi-catalunya-decodisseny-2025\\\/\"},\"wordCount\":598,\"publisher\":{\"@id\":\"https:\\\/\\\/breinco.com\\\/fr\\\/#organization\"},\"image\":{\"@id\":\"https:\\\/\\\/breinco.com\\\/fr\\\/breincosmartblog\\\/panot-del-segle-xxi-recoit-une-mention-au-premi-catalunya-decodisseny-2025\\\/#primaryimage\"},\"thumbnailUrl\":\"https:\\\/\\\/breinco.com\\\/wp-content\\\/uploads\\\/2025\\\/12\\\/54866316597_8b2ab47d8f_o-1-scaled-1.jpg\",\"keywords\":[\"adi-fad\",\"barcelona\",\"circularidad\",\"panot segle XXI\",\"sostenibilidad\",\"urbanismo\"],\"articleSection\":[\"corporative\"],\"inLanguage\":\"fr-FR\"},{\"@type\":\"WebPage\",\"@id\":\"https:\\\/\\\/breinco.com\\\/fr\\\/breincosmartblog\\\/panot-del-segle-xxi-recoit-une-mention-au-premi-catalunya-decodisseny-2025\\\/\",\"url\":\"https:\\\/\\\/breinco.com\\\/fr\\\/breincosmartblog\\\/panot-del-segle-xxi-recoit-une-mention-au-premi-catalunya-decodisseny-2025\\\/\",\"name\":\"Panot del Segle XXI re\u00e7oit une mention au Premi Catalunya d\u2019Ecodisseny 2025 - Breinco\",\"isPartOf\":{\"@id\":\"https:\\\/\\\/breinco.com\\\/fr\\\/#website\"},\"primaryImageOfPage\":{\"@id\":\"https:\\\/\\\/breinco.com\\\/fr\\\/breincosmartblog\\\/panot-del-segle-xxi-recoit-une-mention-au-premi-catalunya-decodisseny-2025\\\/#primaryimage\"},\"image\":{\"@id\":\"https:\\\/\\\/breinco.com\\\/fr\\\/breincosmartblog\\\/panot-del-segle-xxi-recoit-une-mention-au-premi-catalunya-decodisseny-2025\\\/#primaryimage\"},\"thumbnailUrl\":\"https:\\\/\\\/breinco.com\\\/wp-content\\\/uploads\\\/2025\\\/12\\\/54866316597_8b2ab47d8f_o-1-scaled-1.jpg\",\"datePublished\":\"2025-12-16T07:06:59+00:00\",\"dateModified\":\"2026-04-09T15:22:55+00:00\",\"breadcrumb\":{\"@id\":\"https:\\\/\\\/breinco.com\\\/fr\\\/breincosmartblog\\\/panot-del-segle-xxi-recoit-une-mention-au-premi-catalunya-decodisseny-2025\\\/#breadcrumb\"},\"inLanguage\":\"fr-FR\",\"potentialAction\":[{\"@type\":\"ReadAction\",\"target\":[\"https:\\\/\\\/breinco.com\\\/fr\\\/breincosmartblog\\\/panot-del-segle-xxi-recoit-une-mention-au-premi-catalunya-decodisseny-2025\\\/\"]}]},{\"@type\":\"ImageObject\",\"inLanguage\":\"fr-FR\",\"@id\":\"https:\\\/\\\/breinco.com\\\/fr\\\/breincosmartblog\\\/panot-del-segle-xxi-recoit-une-mention-au-premi-catalunya-decodisseny-2025\\\/#primaryimage\",\"url\":\"https:\\\/\\\/breinco.com\\\/wp-content\\\/uploads\\\/2025\\\/12\\\/54866316597_8b2ab47d8f_o-1-scaled-1.jpg\",\"contentUrl\":\"https:\\\/\\\/breinco.com\\\/wp-content\\\/uploads\\\/2025\\\/12\\\/54866316597_8b2ab47d8f_o-1-scaled-1.jpg\",\"width\":2560,\"height\":1707},{\"@type\":\"BreadcrumbList\",\"@id\":\"https:\\\/\\\/breinco.com\\\/fr\\\/breincosmartblog\\\/panot-del-segle-xxi-recoit-une-mention-au-premi-catalunya-decodisseny-2025\\\/#breadcrumb\",\"itemListElement\":[{\"@type\":\"ListItem\",\"position\":1,\"name\":\"Accueil\",\"item\":\"https:\\\/\\\/breinco.com\\\/fr\\\/\"},{\"@type\":\"ListItem\",\"position\":2,\"name\":\"Panot del Segle XXI re\u00e7oit une mention au Premi Catalunya d\u2019Ecodisseny 2025\"}]},{\"@type\":\"WebSite\",\"@id\":\"https:\\\/\\\/breinco.com\\\/fr\\\/#website\",\"url\":\"https:\\\/\\\/breinco.com\\\/fr\\\/\",\"name\":\"Breinco\",\"description\":\"\",\"publisher\":{\"@id\":\"https:\\\/\\\/breinco.com\\\/fr\\\/#organization\"},\"alternateName\":\"Urban Furniture, Architecture and Landscaping\",\"potentialAction\":[{\"@type\":\"SearchAction\",\"target\":{\"@type\":\"EntryPoint\",\"urlTemplate\":\"https:\\\/\\\/breinco.com\\\/fr\\\/?s={search_term_string}\"},\"query-input\":{\"@type\":\"PropertyValueSpecification\",\"valueRequired\":true,\"valueName\":\"search_term_string\"}}],\"inLanguage\":\"fr-FR\"},{\"@type\":\"Organization\",\"@id\":\"https:\\\/\\\/breinco.com\\\/fr\\\/#organization\",\"name\":\"Breinco\",\"url\":\"https:\\\/\\\/breinco.com\\\/fr\\\/\",\"logo\":{\"@type\":\"ImageObject\",\"inLanguage\":\"fr-FR\",\"@id\":\"https:\\\/\\\/breinco.com\\\/fr\\\/#\\\/schema\\\/logo\\\/image\\\/\",\"url\":\"https:\\\/\\\/breinco.com\\\/wp-content\\\/uploads\\\/2025\\\/04\\\/breinco-brand.svg\",\"contentUrl\":\"https:\\\/\\\/breinco.com\\\/wp-content\\\/uploads\\\/2025\\\/04\\\/breinco-brand.svg\",\"width\":26,\"height\":58,\"caption\":\"Breinco\"},\"image\":{\"@id\":\"https:\\\/\\\/breinco.com\\\/fr\\\/#\\\/schema\\\/logo\\\/image\\\/\"},\"sameAs\":[\"https:\\\/\\\/www.facebook.com\\\/breincosmart\\\/\",\"https:\\\/\\\/x.com\\\/breincoGroup\",\"https:\\\/\\\/www.instagram.com\\\/breinco\\\/\",\"https:\\\/\\\/www.linkedin.com\\\/company\\\/breinco-esp\\\/\"]},{\"@type\":\"Person\",\"@id\":\"https:\\\/\\\/breinco.com\\\/fr\\\/#\\\/schema\\\/person\\\/76934c343eed792c0e9b8dd8c0f6b3cd\",\"name\":\"breinco\"}]}<\/script>\n<!-- \/ Yoast SEO plugin. -->","yoast_head_json":{"title":"Panot del Segle XXI re\u00e7oit une mention au Premi Catalunya d\u2019Ecodisseny 2025 - Breinco","robots":{"index":"index","follow":"follow","max-snippet":"max-snippet:-1","max-image-preview":"max-image-preview:large","max-video-preview":"max-video-preview:-1"},"canonical":"https:\/\/breinco.com\/fr\/breincosmartblog\/panot-del-segle-xxi-recoit-une-mention-au-premi-catalunya-decodisseny-2025\/","og_locale":"fr_FR","og_type":"article","og_title":"Panot del Segle XXI re\u00e7oit une mention au Premi Catalunya d\u2019Ecodisseny 2025 - Breinco","og_description":"Breinco re\u00e7oit une mention dans la cat\u00e9gorie \u00ab Produit \u00bb du Premi Catalunya d\u2019Ecodisseny 2025 pour le Panot del Segle XXI, la r\u00e9interpr\u00e9tation de l&rsquo;iconique panot de Barcelone. La remise des prix, c\u00e9l\u00e9br\u00e9e au Palau Robert de Barcelone, a r\u00e9compens\u00e9 des produits et services con\u00e7us et fabriqu\u00e9s en Catalogne qui se distinguent par leur innovation, [&hellip;]","og_url":"https:\/\/breinco.com\/fr\/breincosmartblog\/panot-del-segle-xxi-recoit-une-mention-au-premi-catalunya-decodisseny-2025\/","og_site_name":"Breinco","article_publisher":"https:\/\/www.facebook.com\/breincosmart\/","article_published_time":"2025-12-16T07:06:59+00:00","article_modified_time":"2026-04-09T15:22:55+00:00","og_image":[{"width":2560,"height":1707,"url":"https:\/\/breinco.com\/wp-content\/uploads\/2025\/12\/54866316597_8b2ab47d8f_o-1-scaled-1.jpg","type":"image\/jpeg"}],"author":"breinco","twitter_card":"summary_large_image","twitter_creator":"@breincoGroup","twitter_site":"@breincoGroup","twitter_misc":{"\u00c9crit par":"breinco","Dur\u00e9e de lecture estim\u00e9e":"3 minutes"},"schema":{"@context":"https:\/\/schema.org","@graph":[{"@type":"Article","@id":"https:\/\/breinco.com\/fr\/breincosmartblog\/panot-del-segle-xxi-recoit-une-mention-au-premi-catalunya-decodisseny-2025\/#article","isPartOf":{"@id":"https:\/\/breinco.com\/fr\/breincosmartblog\/panot-del-segle-xxi-recoit-une-mention-au-premi-catalunya-decodisseny-2025\/"},"author":{"name":"breinco","@id":"https:\/\/breinco.com\/fr\/#\/schema\/person\/76934c343eed792c0e9b8dd8c0f6b3cd"},"headline":"Panot del Segle XXI re\u00e7oit une mention au Premi Catalunya d\u2019Ecodisseny 2025","datePublished":"2025-12-16T07:06:59+00:00","dateModified":"2026-04-09T15:22:55+00:00","mainEntityOfPage":{"@id":"https:\/\/breinco.com\/fr\/breincosmartblog\/panot-del-segle-xxi-recoit-une-mention-au-premi-catalunya-decodisseny-2025\/"},"wordCount":598,"publisher":{"@id":"https:\/\/breinco.com\/fr\/#organization"},"image":{"@id":"https:\/\/breinco.com\/fr\/breincosmartblog\/panot-del-segle-xxi-recoit-une-mention-au-premi-catalunya-decodisseny-2025\/#primaryimage"},"thumbnailUrl":"https:\/\/breinco.com\/wp-content\/uploads\/2025\/12\/54866316597_8b2ab47d8f_o-1-scaled-1.jpg","keywords":["adi-fad","barcelona","circularidad","panot segle XXI","sostenibilidad","urbanismo"],"articleSection":["corporative"],"inLanguage":"fr-FR"},{"@type":"WebPage","@id":"https:\/\/breinco.com\/fr\/breincosmartblog\/panot-del-segle-xxi-recoit-une-mention-au-premi-catalunya-decodisseny-2025\/","url":"https:\/\/breinco.com\/fr\/breincosmartblog\/panot-del-segle-xxi-recoit-une-mention-au-premi-catalunya-decodisseny-2025\/","name":"Panot del Segle XXI re\u00e7oit une mention au Premi Catalunya d\u2019Ecodisseny 2025 - Breinco","isPartOf":{"@id":"https:\/\/breinco.com\/fr\/#website"},"primaryImageOfPage":{"@id":"https:\/\/breinco.com\/fr\/breincosmartblog\/panot-del-segle-xxi-recoit-une-mention-au-premi-catalunya-decodisseny-2025\/#primaryimage"},"image":{"@id":"https:\/\/breinco.com\/fr\/breincosmartblog\/panot-del-segle-xxi-recoit-une-mention-au-premi-catalunya-decodisseny-2025\/#primaryimage"},"thumbnailUrl":"https:\/\/breinco.com\/wp-content\/uploads\/2025\/12\/54866316597_8b2ab47d8f_o-1-scaled-1.jpg","datePublished":"2025-12-16T07:06:59+00:00","dateModified":"2026-04-09T15:22:55+00:00","breadcrumb":{"@id":"https:\/\/breinco.com\/fr\/breincosmartblog\/panot-del-segle-xxi-recoit-une-mention-au-premi-catalunya-decodisseny-2025\/#breadcrumb"},"inLanguage":"fr-FR","potentialAction":[{"@type":"ReadAction","target":["https:\/\/breinco.com\/fr\/breincosmartblog\/panot-del-segle-xxi-recoit-une-mention-au-premi-catalunya-decodisseny-2025\/"]}]},{"@type":"ImageObject","inLanguage":"fr-FR","@id":"https:\/\/breinco.com\/fr\/breincosmartblog\/panot-del-segle-xxi-recoit-une-mention-au-premi-catalunya-decodisseny-2025\/#primaryimage","url":"https:\/\/breinco.com\/wp-content\/uploads\/2025\/12\/54866316597_8b2ab47d8f_o-1-scaled-1.jpg","contentUrl":"https:\/\/breinco.com\/wp-content\/uploads\/2025\/12\/54866316597_8b2ab47d8f_o-1-scaled-1.jpg","width":2560,"height":1707},{"@type":"BreadcrumbList","@id":"https:\/\/breinco.com\/fr\/breincosmartblog\/panot-del-segle-xxi-recoit-une-mention-au-premi-catalunya-decodisseny-2025\/#breadcrumb","itemListElement":[{"@type":"ListItem","position":1,"name":"Accueil","item":"https:\/\/breinco.com\/fr\/"},{"@type":"ListItem","position":2,"name":"Panot del Segle XXI re\u00e7oit une mention au Premi Catalunya d\u2019Ecodisseny 2025"}]},{"@type":"WebSite","@id":"https:\/\/breinco.com\/fr\/#website","url":"https:\/\/breinco.com\/fr\/","name":"Breinco","description":"","publisher":{"@id":"https:\/\/breinco.com\/fr\/#organization"},"alternateName":"Urban Furniture, Architecture and Landscaping","potentialAction":[{"@type":"SearchAction","target":{"@type":"EntryPoint","urlTemplate":"https:\/\/breinco.com\/fr\/?s={search_term_string}"},"query-input":{"@type":"PropertyValueSpecification","valueRequired":true,"valueName":"search_term_string"}}],"inLanguage":"fr-FR"},{"@type":"Organization","@id":"https:\/\/breinco.com\/fr\/#organization","name":"Breinco","url":"https:\/\/breinco.com\/fr\/","logo":{"@type":"ImageObject","inLanguage":"fr-FR","@id":"https:\/\/breinco.com\/fr\/#\/schema\/logo\/image\/","url":"https:\/\/breinco.com\/wp-content\/uploads\/2025\/04\/breinco-brand.svg","contentUrl":"https:\/\/breinco.com\/wp-content\/uploads\/2025\/04\/breinco-brand.svg","width":26,"height":58,"caption":"Breinco"},"image":{"@id":"https:\/\/breinco.com\/fr\/#\/schema\/logo\/image\/"},"sameAs":["https:\/\/www.facebook.com\/breincosmart\/","https:\/\/x.com\/breincoGroup","https:\/\/www.instagram.com\/breinco\/","https:\/\/www.linkedin.com\/company\/breinco-esp\/"]},{"@type":"Person","@id":"https:\/\/breinco.com\/fr\/#\/schema\/person\/76934c343eed792c0e9b8dd8c0f6b3cd","name":"breinco"}]}},"_links":{"self":[{"href":"https:\/\/breinco.com\/fr\/wp-json\/wp\/v2\/posts\/21563","targetHints":{"allow":["GET"]}}],"collection":[{"href":"https:\/\/breinco.com\/fr\/wp-json\/wp\/v2\/posts"}],"about":[{"href":"https:\/\/breinco.com\/fr\/wp-json\/wp\/v2\/types\/post"}],"author":[{"embeddable":true,"href":"https:\/\/breinco.com\/fr\/wp-json\/wp\/v2\/users\/2"}],"replies":[{"embeddable":true,"href":"https:\/\/breinco.com\/fr\/wp-json\/wp\/v2\/comments?post=21563"}],"version-history":[{"count":2,"href":"https:\/\/breinco.com\/fr\/wp-json\/wp\/v2\/posts\/21563\/revisions"}],"predecessor-version":[{"id":21685,"href":"https:\/\/breinco.com\/fr\/wp-json\/wp\/v2\/posts\/21563\/revisions\/21685"}],"wp:featuredmedia":[{"embeddable":true,"href":"https:\/\/breinco.com\/fr\/wp-json\/wp\/v2\/media\/21577"}],"wp:attachment":[{"href":"https:\/\/breinco.com\/fr\/wp-json\/wp\/v2\/media?parent=21563"}],"wp:term":[{"taxonomy":"category","embeddable":true,"href":"https:\/\/breinco.com\/fr\/wp-json\/wp\/v2\/categories?post=21563"},{"taxonomy":"post_tag","embeddable":true,"href":"https:\/\/breinco.com\/fr\/wp-json\/wp\/v2\/tags?post=21563"}],"curies":[{"name":"wp","href":"https:\/\/api.w.org\/{rel}","templated":true}]}}