{"id":29565,"date":"2026-05-11T17:05:15","date_gmt":"2026-05-11T15:05:15","guid":{"rendered":"https:\/\/breinco.com\/?p=29565"},"modified":"2026-09-02T10:52:33","modified_gmt":"2026-09-02T08:52:33","slug":"architectwork-madrid-2026-innovation-et-architecture-responsable","status":"publish","type":"post","link":"https:\/\/breinco.com\/fr\/breincosmartblog\/architectwork-madrid-2026-innovation-et-architecture-responsable\/","title":{"rendered":"ARCHITECT@WORK Madrid 2026: innovation et architecture responsable"},"content":{"rendered":"\n<p class=\"wp-block-paragraph\">ARCHITECT@WORK Madrid 2026 s&rsquo;impose comme l&rsquo;un des rendez-vous incontournables de l&rsquo;architecture et du design contemporain. Un \u00e9v\u00e9nement de r\u00e9f\u00e9rence pour les architectes et les architectes d&rsquo;int\u00e9rieur o\u00f9 l&rsquo;innovation dans les mat\u00e9riaux et les solutions constructives dicte le rythme de l&rsquo;architecture contemporaine.<\/p>\n\n\n\n<p class=\"wp-block-paragraph\">Sous le th\u00e8me \u00ab\u00a0D\u00e9carboner l&rsquo;architecture\u00a0\u00bb, l&rsquo;\u00e9dition de Madrid 2026 a mis l&rsquo;accent sur la r\u00e9duction de l&rsquo;impact environnemental tout au long du cycle de vie du b\u00e2timent, gr\u00e2ce \u00e0 des mat\u00e9riaux \u00e0 faible impact, \u00e0 l&rsquo;efficacit\u00e9 \u00e9nerg\u00e9tique et \u00e0 une conception intelligente. Un d\u00e9bat qui gagne chaque jour en urgence et appelle des r\u00e9ponses de plus en plus concr\u00e8tes.<\/p>\n\n\n\n<figure class=\"wp-block-image size-large\"><img fetchpriority=\"high\" decoding=\"async\" width=\"1024\" height=\"683\" src=\"https:\/\/breinco.com\/wp-content\/uploads\/2026\/05\/3architect@work_madrid_2026-1024x683.jpg\" alt=\"\" class=\"wp-image-23596\" srcset=\"https:\/\/breinco.com\/wp-content\/uploads\/2026\/05\/3architect@work_madrid_2026-1024x683.jpg 1024w, https:\/\/breinco.com\/wp-content\/uploads\/2026\/05\/3architect@work_madrid_2026-300x200.jpg 300w, https:\/\/breinco.com\/wp-content\/uploads\/2026\/05\/3architect@work_madrid_2026-768x512.jpg 768w, https:\/\/breinco.com\/wp-content\/uploads\/2026\/05\/3architect@work_madrid_2026-1536x1024.jpg 1536w, https:\/\/breinco.com\/wp-content\/uploads\/2026\/05\/3architect@work_madrid_2026.jpg 1800w\" sizes=\"(max-width: 1024px) 100vw, 1024px\" \/><\/figure>\n\n\n\n<p class=\"wp-block-paragraph\">Chez Breinco, nous avons particip\u00e9 avec des innovations en mati\u00e8re de fa\u00e7ades et de pavage ext\u00e9rieur: Ferrater Brick et Moments. Deux solutions distinctes par leur forme et leur application, mais partageant la m\u00eame approche : des mat\u00e9riaux r\u00e9silients, durables et responsables qui transforment les espaces en environnements de meilleure qualit\u00e9.<\/p>\n\n\n\n<figure class=\"wp-block-image size-large\"><img decoding=\"async\" width=\"1024\" height=\"683\" src=\"https:\/\/breinco.com\/wp-content\/uploads\/2026\/05\/7architect@work_madrid_2026-1-1024x683.jpg\" alt=\"\" class=\"wp-image-23601\" srcset=\"https:\/\/breinco.com\/wp-content\/uploads\/2026\/05\/7architect@work_madrid_2026-1-1024x683.jpg 1024w, https:\/\/breinco.com\/wp-content\/uploads\/2026\/05\/7architect@work_madrid_2026-1-300x200.jpg 300w, https:\/\/breinco.com\/wp-content\/uploads\/2026\/05\/7architect@work_madrid_2026-1-768x512.jpg 768w, https:\/\/breinco.com\/wp-content\/uploads\/2026\/05\/7architect@work_madrid_2026-1-1536x1024.jpg 1536w, https:\/\/breinco.com\/wp-content\/uploads\/2026\/05\/7architect@work_madrid_2026-1.jpg 1800w\" sizes=\"(max-width: 1024px) 100vw, 1024px\" \/><figcaption class=\"wp-element-caption\"><sup>Cesc Domingo, prescripteur ; Daniel Alonso, d\u00e9l\u00e9gation de Navarre ; et Luis de Marcos, d\u00e9l\u00e9gation de Madrid, sur notre stand Breinco.<\/sup><\/figcaption><\/figure>\n\n\n\n<p class=\"has-medium-font-size wp-block-paragraph\"><strong><a href=\"https:\/\/breinco.com\/fr\/ferrater-brick\/\">Ferrater Brick<\/a>: horizontalit\u00e9, calme et caract\u00e8re<\/strong><\/p>\n\n\n\n<p class=\"wp-block-paragraph\">Con\u00e7u \u00e0 l&rsquo;origine par l&rsquo;architecte Carlos Ferrater et d\u00e9velopp\u00e9 en collaboration avec Breinco, le Ferrater Brick est un bloc de b\u00e9ton pour fa\u00e7ades en ma\u00e7onnerie apparente qui exploite l&rsquo;horizontalit\u00e9 comme \u00e9l\u00e9ment de design. Ses joints verticaux pratiquement invisibles cr\u00e9ent une lecture continue de la fa\u00e7ade, apportant calme, pr\u00e9cision et s\u00e9r\u00e9nit\u00e9 \u00e0 l&rsquo;ensemble architectural.<\/p>\n\n\n\n<p class=\"wp-block-paragraph\">Le Ferrater Brick se caract\u00e9rise par une g\u00e9om\u00e9trie soign\u00e9e et r\u00e9guli\u00e8re qui renforce l&rsquo;horizontalit\u00e9 des fa\u00e7ades en briques apparentes. Ce syst\u00e8me, associ\u00e9 \u00e0 une large gamme de coloris \u2014 de la luminosit\u00e9 du blanc m\u00e9diterran\u00e9en \u00e0 des tons qui s&rsquo;int\u00e8grent dans n&rsquo;importe quel environnement \u2014, permet de cr\u00e9er des enveloppes dot\u00e9es d&rsquo;une identit\u00e9 propre.<\/p>\n\n\n\n<p class=\"wp-block-paragraph\">Ses hautes performances techniques en font \u00e9galement une solution \u00e0 faible entretien : il est hydrofuge, ignifuge, antibact\u00e9rien et offre une durabilit\u00e9 \u00e9prouv\u00e9e dans le temps.<\/p>\n\n\n\n<p class=\"wp-block-paragraph\">Sa polyvalence permet \u00e9galement de l&rsquo;appliquer comme rev\u00eatement de sol, avec diff\u00e9rentes dispositions qui \u00e9voquent la tradition des pav\u00e9s classiques.<\/p>\n\n\n\n<figure class=\"wp-block-image size-large\"><img decoding=\"async\" width=\"1024\" height=\"683\" src=\"https:\/\/breinco.com\/wp-content\/uploads\/2026\/05\/8architect@work_madrid_2026-1024x683.jpg\" alt=\"Casa particular en Barcelona | Ferrater Brick\" class=\"wp-image-23598\" srcset=\"https:\/\/breinco.com\/wp-content\/uploads\/2026\/05\/8architect@work_madrid_2026-1024x683.jpg 1024w, https:\/\/breinco.com\/wp-content\/uploads\/2026\/05\/8architect@work_madrid_2026-300x200.jpg 300w, https:\/\/breinco.com\/wp-content\/uploads\/2026\/05\/8architect@work_madrid_2026-768x512.jpg 768w, https:\/\/breinco.com\/wp-content\/uploads\/2026\/05\/8architect@work_madrid_2026-1536x1024.jpg 1536w, https:\/\/breinco.com\/wp-content\/uploads\/2026\/05\/8architect@work_madrid_2026.jpg 1800w\" sizes=\"(max-width: 1024px) 100vw, 1024px\" \/><figcaption class=\"wp-element-caption\"><sup>Maison priv\u00e9e \u00e0 Minorque | Ferrater Brick<\/sup><\/figcaption><\/figure>\n\n\n\n<p class=\"has-medium-font-size wp-block-paragraph\"><strong>Moments\u00ae: art et confort \u00e0 chaque pas<\/strong><\/p>\n\n\n\n<p class=\"wp-block-paragraph\">Inspir\u00e9e par la nature, <strong>Moments<\/strong>\u00ae est une gamme de dalles qui associe fonctionnalit\u00e9, esth\u00e9tique et durabilit\u00e9 pour transformer terrasses, all\u00e9es, porches et entr\u00e9es en espaces dot\u00e9s d&rsquo;un caract\u00e8re propre.<\/p>\n\n\n\n<p class=\"wp-block-paragraph\">Son syst\u00e8me modular permet de cr\u00e9er des motifs de pose uniques gr\u00e2ce \u00e0 la combinaison de diff\u00e9rents formats, g\u00e9n\u00e9rant un dynamisme visuel qui s&rsquo;adapte \u00e0 tous les styles et \u00e0 tous les besoins. Chaque projet devient ainsi unique, reflet de la personnalit\u00e9 de l&rsquo;espace et de ceux qui l&rsquo;habitent.<\/p>\n\n\n\n<p class=\"wp-block-paragraph\">La collection Moments\u00ae se structure en deux lignes compl\u00e9mentaires, con\u00e7ues pour r\u00e9pondre \u00e0 diff\u00e9rentes intensit\u00e9s d&rsquo;utilisation de l&rsquo;espace ext\u00e9rieur: <a href=\"https:\/\/breinco.com\/fr\/products\/revetements-exterieur\/dalles\/nature-moments\/?size=25x25x5_5&#038;color=cinnamon&#038;colorType=standard\">Nature Moments<\/a>\u00ae et <a href=\"https:\/\/breinco.com\/fr\/products\/revetements-exterieur\/paves\/real-moments\/?size=15x15x8&#038;color=cinnamon&#038;colorType=standard\">Real Moments<\/a>\u00ae.<\/p>\n\n\n\n<figure class=\"wp-block-image size-large\"><img loading=\"lazy\" decoding=\"async\" width=\"1024\" height=\"683\" src=\"https:\/\/breinco.com\/wp-content\/uploads\/2026\/05\/9architect@work_madrid_2026-1024x683.jpg\" alt=\"\" class=\"wp-image-23599\" srcset=\"https:\/\/breinco.com\/wp-content\/uploads\/2026\/05\/9architect@work_madrid_2026-1024x683.jpg 1024w, https:\/\/breinco.com\/wp-content\/uploads\/2026\/05\/9architect@work_madrid_2026-300x200.jpg 300w, https:\/\/breinco.com\/wp-content\/uploads\/2026\/05\/9architect@work_madrid_2026-768x512.jpg 768w, https:\/\/breinco.com\/wp-content\/uploads\/2026\/05\/9architect@work_madrid_2026-1536x1024.jpg 1536w, https:\/\/breinco.com\/wp-content\/uploads\/2026\/05\/9architect@work_madrid_2026.jpg 1800w\" sizes=\"(max-width: 1024px) 100vw, 1024px\" \/><figcaption class=\"wp-element-caption\"><em>Real Moments | Nut<\/em><\/figcaption><\/figure>\n\n\n\n<p class=\"has-medium-font-size wp-block-paragraph\"><strong>Architect@Work, la voie vers une architecture plus consciente<\/strong><\/p>\n\n\n\n<p class=\"wp-block-paragraph\">La d\u00e9carbonation de l&rsquo;architecture est une responsabilit\u00e9, mais aussi une r\u00e9elle opportunit\u00e9 de repenser notre mani\u00e8re de construire, les mat\u00e9riaux que nous employons et les crit\u00e8res que nous privil\u00e9gions. Les mat\u00e9riaux \u00e0 faible impact et la conception responsable ne sont pas une simple tendance, mais bien la voie \u00e0 suivre pour cr\u00e9er des espaces plus sains, r\u00e9silients et durables.<\/p>\n\n\n\n<p class=\"wp-block-paragraph\">Nous continuons \u00e0 \u0153uvrer dans cette direction, avec des solutions qui associent innovation, pr\u00e9cision et respect de l&rsquo;environnement.<\/p>\n\n\n\n<figure class=\"wp-block-image size-large\"><img loading=\"lazy\" decoding=\"async\" width=\"1024\" height=\"683\" src=\"https:\/\/breinco.com\/wp-content\/uploads\/2026\/05\/2architect@work_madrid_2026-1024x683.jpg\" alt=\"\" class=\"wp-image-23603\" srcset=\"https:\/\/breinco.com\/wp-content\/uploads\/2026\/05\/2architect@work_madrid_2026-1024x683.jpg 1024w, https:\/\/breinco.com\/wp-content\/uploads\/2026\/05\/2architect@work_madrid_2026-300x200.jpg 300w, https:\/\/breinco.com\/wp-content\/uploads\/2026\/05\/2architect@work_madrid_2026-768x512.jpg 768w, https:\/\/breinco.com\/wp-content\/uploads\/2026\/05\/2architect@work_madrid_2026-1536x1024.jpg 1536w, https:\/\/breinco.com\/wp-content\/uploads\/2026\/05\/2architect@work_madrid_2026.jpg 1800w\" sizes=\"(max-width: 1024px) 100vw, 1024px\" \/><\/figure>\n\n\n\n<p class=\"wp-block-paragraph\">Concevoir la ville du futur, d\u00e8s aujourd&rsquo;hui. | D\u00e9couvrez davantage sur nos projets et solutions sur\u00a0<a href=\"https:\/\/es.linkedin.com\/company\/breinco-esp\">Linkedin |<\/a><\/p>\n\n\n\n<p class=\"wp-block-paragraph\"><a type=\"link\" href=\"https:\/\/player.vimeo.com\/video\/1189849560?autoplay=1\" id=\"https:\/\/player.vimeo.com\/video\/1189849560?autoplay=1\">Vid\u00e9o r\u00e9capitulative<\/a> de l&rsquo;\u00e9dition ARCHITECT@WORK Madrid 2026.<\/p>\n\n\n\n<p class=\"wp-block-paragraph\">Prochaine \u00e9dition:\u00a0 Architect@Work Lyon | <a href=\"https:\/\/awlyon26.architectatwork.com\/invitation\/customer\/EDL018\">Obtenez votre invitation<\/a><\/p>\n\n\n\n<p class=\"wp-block-paragraph\"><\/p>\n","protected":false},"excerpt":{"rendered":"<p>ARCHITECT@WORK Madrid 2026 s&rsquo;impose comme l&rsquo;un des rendez-vous incontournables de l&rsquo;architecture et du design contemporain. Un \u00e9v\u00e9nement de r\u00e9f\u00e9rence pour les architectes et les architectes d&rsquo;int\u00e9rieur o\u00f9 l&rsquo;innovation dans les mat\u00e9riaux et les solutions constructives dicte le rythme de l&rsquo;architecture contemporaine. Sous le th\u00e8me \u00ab\u00a0D\u00e9carboner l&rsquo;architecture\u00a0\u00bb, l&rsquo;\u00e9dition de Madrid 2026 a mis l&rsquo;accent sur la [&hellip;]<\/p>\n","protected":false},"author":2,"featured_media":29564,"comment_status":"closed","ping_status":"closed","sticky":false,"template":"","format":"standard","meta":{"_acf_changed":false,"footnotes":""},"categories":[1034],"tags":[965],"class_list":["post-29565","post","type-post","status-publish","format-standard","has-post-thumbnail","hentry","category-events","tag-ferrater-brick"],"acf":[],"yoast_head":"<!-- This site is optimized with the Yoast SEO plugin v28.4 - https:\/\/yoast.com\/product\/yoast-seo-wordpress\/ -->\n<title>ARCHITECT@WORK Madrid 2026: innovation et architecture responsable - Breinco<\/title>\n<meta name=\"robots\" content=\"index, follow, max-snippet:-1, max-image-preview:large, max-video-preview:-1\" \/>\n<link rel=\"canonical\" href=\"https:\/\/breinco.com\/fr\/breincosmartblog\/architectwork-madrid-2026-innovation-et-architecture-responsable\/\" \/>\n<meta property=\"og:locale\" content=\"fr_FR\" \/>\n<meta property=\"og:type\" content=\"article\" \/>\n<meta property=\"og:title\" content=\"ARCHITECT@WORK Madrid 2026: innovation et architecture responsable - Breinco\" \/>\n<meta property=\"og:description\" content=\"ARCHITECT@WORK Madrid 2026 s&rsquo;impose comme l&rsquo;un des rendez-vous incontournables de l&rsquo;architecture et du design contemporain. Un \u00e9v\u00e9nement de r\u00e9f\u00e9rence pour les architectes et les architectes d&rsquo;int\u00e9rieur o\u00f9 l&rsquo;innovation dans les mat\u00e9riaux et les solutions constructives dicte le rythme de l&rsquo;architecture contemporaine. Sous le th\u00e8me \u00ab\u00a0D\u00e9carboner l&rsquo;architecture\u00a0\u00bb, l&rsquo;\u00e9dition de Madrid 2026 a mis l&rsquo;accent sur la [&hellip;]\" \/>\n<meta property=\"og:url\" content=\"https:\/\/breinco.com\/fr\/breincosmartblog\/architectwork-madrid-2026-innovation-et-architecture-responsable\/\" \/>\n<meta property=\"og:site_name\" content=\"Breinco\" \/>\n<meta property=\"article:publisher\" content=\"https:\/\/www.facebook.com\/breincosmart\/\" \/>\n<meta property=\"article:published_time\" content=\"2026-05-11T15:05:15+00:00\" \/>\n<meta property=\"article:modified_time\" content=\"2026-09-02T08:52:33+00:00\" \/>\n<meta property=\"og:image\" content=\"https:\/\/breinco.com\/wp-content\/uploads\/2026\/05\/5architect@work_madrid_2026-1.jpg\" \/>\n\t<meta property=\"og:image:width\" content=\"1800\" \/>\n\t<meta property=\"og:image:height\" content=\"1200\" \/>\n\t<meta property=\"og:image:type\" content=\"image\/jpeg\" \/>\n<meta name=\"author\" content=\"breinco\" \/>\n<meta name=\"twitter:card\" content=\"summary_large_image\" \/>\n<meta name=\"twitter:creator\" content=\"@breincoGroup\" \/>\n<meta name=\"twitter:site\" content=\"@breincoGroup\" \/>\n<meta name=\"twitter:label1\" content=\"\u00c9crit par\" \/>\n\t<meta name=\"twitter:data1\" content=\"breinco\" \/>\n\t<meta name=\"twitter:label2\" content=\"Dur\u00e9e de lecture estim\u00e9e\" \/>\n\t<meta name=\"twitter:data2\" content=\"4 minutes\" \/>\n<script type=\"application\/ld+json\" class=\"yoast-schema-graph\">{\"@context\":\"https:\\\/\\\/schema.org\",\"@graph\":[{\"@type\":\"Article\",\"@id\":\"https:\\\/\\\/breinco.com\\\/fr\\\/breincosmartblog\\\/architectwork-madrid-2026-innovation-et-architecture-responsable\\\/#article\",\"isPartOf\":{\"@id\":\"https:\\\/\\\/breinco.com\\\/fr\\\/breincosmartblog\\\/architectwork-madrid-2026-innovation-et-architecture-responsable\\\/\"},\"author\":{\"name\":\"breinco\",\"@id\":\"https:\\\/\\\/breinco.com\\\/fr\\\/#\\\/schema\\\/person\\\/76934c343eed792c0e9b8dd8c0f6b3cd\"},\"headline\":\"ARCHITECT@WORK Madrid 2026: innovation et architecture responsable\",\"datePublished\":\"2026-05-11T15:05:15+00:00\",\"dateModified\":\"2026-09-02T08:52:33+00:00\",\"mainEntityOfPage\":{\"@id\":\"https:\\\/\\\/breinco.com\\\/fr\\\/breincosmartblog\\\/architectwork-madrid-2026-innovation-et-architecture-responsable\\\/\"},\"wordCount\":665,\"publisher\":{\"@id\":\"https:\\\/\\\/breinco.com\\\/fr\\\/#organization\"},\"image\":{\"@id\":\"https:\\\/\\\/breinco.com\\\/fr\\\/breincosmartblog\\\/architectwork-madrid-2026-innovation-et-architecture-responsable\\\/#primaryimage\"},\"thumbnailUrl\":\"https:\\\/\\\/breinco.com\\\/wp-content\\\/uploads\\\/2026\\\/05\\\/5architect@work_madrid_2026-1.jpg\",\"keywords\":[\"ferrater brick\"],\"articleSection\":[\"Events\"],\"inLanguage\":\"fr-FR\"},{\"@type\":\"WebPage\",\"@id\":\"https:\\\/\\\/breinco.com\\\/fr\\\/breincosmartblog\\\/architectwork-madrid-2026-innovation-et-architecture-responsable\\\/\",\"url\":\"https:\\\/\\\/breinco.com\\\/fr\\\/breincosmartblog\\\/architectwork-madrid-2026-innovation-et-architecture-responsable\\\/\",\"name\":\"ARCHITECT@WORK Madrid 2026: innovation et architecture responsable - Breinco\",\"isPartOf\":{\"@id\":\"https:\\\/\\\/breinco.com\\\/fr\\\/#website\"},\"primaryImageOfPage\":{\"@id\":\"https:\\\/\\\/breinco.com\\\/fr\\\/breincosmartblog\\\/architectwork-madrid-2026-innovation-et-architecture-responsable\\\/#primaryimage\"},\"image\":{\"@id\":\"https:\\\/\\\/breinco.com\\\/fr\\\/breincosmartblog\\\/architectwork-madrid-2026-innovation-et-architecture-responsable\\\/#primaryimage\"},\"thumbnailUrl\":\"https:\\\/\\\/breinco.com\\\/wp-content\\\/uploads\\\/2026\\\/05\\\/5architect@work_madrid_2026-1.jpg\",\"datePublished\":\"2026-05-11T15:05:15+00:00\",\"dateModified\":\"2026-09-02T08:52:33+00:00\",\"breadcrumb\":{\"@id\":\"https:\\\/\\\/breinco.com\\\/fr\\\/breincosmartblog\\\/architectwork-madrid-2026-innovation-et-architecture-responsable\\\/#breadcrumb\"},\"inLanguage\":\"fr-FR\",\"potentialAction\":[{\"@type\":\"ReadAction\",\"target\":[\"https:\\\/\\\/breinco.com\\\/fr\\\/breincosmartblog\\\/architectwork-madrid-2026-innovation-et-architecture-responsable\\\/\"]}]},{\"@type\":\"ImageObject\",\"inLanguage\":\"fr-FR\",\"@id\":\"https:\\\/\\\/breinco.com\\\/fr\\\/breincosmartblog\\\/architectwork-madrid-2026-innovation-et-architecture-responsable\\\/#primaryimage\",\"url\":\"https:\\\/\\\/breinco.com\\\/wp-content\\\/uploads\\\/2026\\\/05\\\/5architect@work_madrid_2026-1.jpg\",\"contentUrl\":\"https:\\\/\\\/breinco.com\\\/wp-content\\\/uploads\\\/2026\\\/05\\\/5architect@work_madrid_2026-1.jpg\",\"width\":1800,\"height\":1200},{\"@type\":\"BreadcrumbList\",\"@id\":\"https:\\\/\\\/breinco.com\\\/fr\\\/breincosmartblog\\\/architectwork-madrid-2026-innovation-et-architecture-responsable\\\/#breadcrumb\",\"itemListElement\":[{\"@type\":\"ListItem\",\"position\":1,\"name\":\"Accueil\",\"item\":\"https:\\\/\\\/breinco.com\\\/fr\\\/\"},{\"@type\":\"ListItem\",\"position\":2,\"name\":\"ARCHITECT@WORK Madrid 2026: innovation et architecture responsable\"}]},{\"@type\":\"WebSite\",\"@id\":\"https:\\\/\\\/breinco.com\\\/fr\\\/#website\",\"url\":\"https:\\\/\\\/breinco.com\\\/fr\\\/\",\"name\":\"Breinco\",\"description\":\"\",\"publisher\":{\"@id\":\"https:\\\/\\\/breinco.com\\\/fr\\\/#organization\"},\"alternateName\":\"Urban Furniture, Architecture and Landscaping\",\"potentialAction\":[{\"@type\":\"SearchAction\",\"target\":{\"@type\":\"EntryPoint\",\"urlTemplate\":\"https:\\\/\\\/breinco.com\\\/fr\\\/?s={search_term_string}\"},\"query-input\":{\"@type\":\"PropertyValueSpecification\",\"valueRequired\":true,\"valueName\":\"search_term_string\"}}],\"inLanguage\":\"fr-FR\"},{\"@type\":\"Organization\",\"@id\":\"https:\\\/\\\/breinco.com\\\/fr\\\/#organization\",\"name\":\"Breinco\",\"url\":\"https:\\\/\\\/breinco.com\\\/fr\\\/\",\"logo\":{\"@type\":\"ImageObject\",\"inLanguage\":\"fr-FR\",\"@id\":\"https:\\\/\\\/breinco.com\\\/fr\\\/#\\\/schema\\\/logo\\\/image\\\/\",\"url\":\"https:\\\/\\\/breinco.com\\\/wp-content\\\/uploads\\\/2025\\\/04\\\/breinco-brand.svg\",\"contentUrl\":\"https:\\\/\\\/breinco.com\\\/wp-content\\\/uploads\\\/2025\\\/04\\\/breinco-brand.svg\",\"width\":26,\"height\":58,\"caption\":\"Breinco\"},\"image\":{\"@id\":\"https:\\\/\\\/breinco.com\\\/fr\\\/#\\\/schema\\\/logo\\\/image\\\/\"},\"sameAs\":[\"https:\\\/\\\/www.facebook.com\\\/breincosmart\\\/\",\"https:\\\/\\\/x.com\\\/breincoGroup\",\"https:\\\/\\\/www.instagram.com\\\/breinco\\\/\",\"https:\\\/\\\/www.linkedin.com\\\/company\\\/breinco-esp\\\/\"]},{\"@type\":\"Person\",\"@id\":\"https:\\\/\\\/breinco.com\\\/fr\\\/#\\\/schema\\\/person\\\/76934c343eed792c0e9b8dd8c0f6b3cd\",\"name\":\"breinco\"}]}<\/script>\n<!-- \/ Yoast SEO plugin. -->","yoast_head_json":{"title":"ARCHITECT@WORK Madrid 2026: innovation et architecture responsable - Breinco","robots":{"index":"index","follow":"follow","max-snippet":"max-snippet:-1","max-image-preview":"max-image-preview:large","max-video-preview":"max-video-preview:-1"},"canonical":"https:\/\/breinco.com\/fr\/breincosmartblog\/architectwork-madrid-2026-innovation-et-architecture-responsable\/","og_locale":"fr_FR","og_type":"article","og_title":"ARCHITECT@WORK Madrid 2026: innovation et architecture responsable - Breinco","og_description":"ARCHITECT@WORK Madrid 2026 s&rsquo;impose comme l&rsquo;un des rendez-vous incontournables de l&rsquo;architecture et du design contemporain. Un \u00e9v\u00e9nement de r\u00e9f\u00e9rence pour les architectes et les architectes d&rsquo;int\u00e9rieur o\u00f9 l&rsquo;innovation dans les mat\u00e9riaux et les solutions constructives dicte le rythme de l&rsquo;architecture contemporaine. Sous le th\u00e8me \u00ab\u00a0D\u00e9carboner l&rsquo;architecture\u00a0\u00bb, l&rsquo;\u00e9dition de Madrid 2026 a mis l&rsquo;accent sur la [&hellip;]","og_url":"https:\/\/breinco.com\/fr\/breincosmartblog\/architectwork-madrid-2026-innovation-et-architecture-responsable\/","og_site_name":"Breinco","article_publisher":"https:\/\/www.facebook.com\/breincosmart\/","article_published_time":"2026-05-11T15:05:15+00:00","article_modified_time":"2026-09-02T08:52:33+00:00","og_image":[{"width":1800,"height":1200,"url":"https:\/\/breinco.com\/wp-content\/uploads\/2026\/05\/5architect@work_madrid_2026-1.jpg","type":"image\/jpeg"}],"author":"breinco","twitter_card":"summary_large_image","twitter_creator":"@breincoGroup","twitter_site":"@breincoGroup","twitter_misc":{"\u00c9crit par":"breinco","Dur\u00e9e de lecture estim\u00e9e":"4 minutes"},"schema":{"@context":"https:\/\/schema.org","@graph":[{"@type":"Article","@id":"https:\/\/breinco.com\/fr\/breincosmartblog\/architectwork-madrid-2026-innovation-et-architecture-responsable\/#article","isPartOf":{"@id":"https:\/\/breinco.com\/fr\/breincosmartblog\/architectwork-madrid-2026-innovation-et-architecture-responsable\/"},"author":{"name":"breinco","@id":"https:\/\/breinco.com\/fr\/#\/schema\/person\/76934c343eed792c0e9b8dd8c0f6b3cd"},"headline":"ARCHITECT@WORK Madrid 2026: innovation et architecture responsable","datePublished":"2026-05-11T15:05:15+00:00","dateModified":"2026-09-02T08:52:33+00:00","mainEntityOfPage":{"@id":"https:\/\/breinco.com\/fr\/breincosmartblog\/architectwork-madrid-2026-innovation-et-architecture-responsable\/"},"wordCount":665,"publisher":{"@id":"https:\/\/breinco.com\/fr\/#organization"},"image":{"@id":"https:\/\/breinco.com\/fr\/breincosmartblog\/architectwork-madrid-2026-innovation-et-architecture-responsable\/#primaryimage"},"thumbnailUrl":"https:\/\/breinco.com\/wp-content\/uploads\/2026\/05\/5architect@work_madrid_2026-1.jpg","keywords":["ferrater brick"],"articleSection":["Events"],"inLanguage":"fr-FR"},{"@type":"WebPage","@id":"https:\/\/breinco.com\/fr\/breincosmartblog\/architectwork-madrid-2026-innovation-et-architecture-responsable\/","url":"https:\/\/breinco.com\/fr\/breincosmartblog\/architectwork-madrid-2026-innovation-et-architecture-responsable\/","name":"ARCHITECT@WORK Madrid 2026: innovation et architecture responsable - Breinco","isPartOf":{"@id":"https:\/\/breinco.com\/fr\/#website"},"primaryImageOfPage":{"@id":"https:\/\/breinco.com\/fr\/breincosmartblog\/architectwork-madrid-2026-innovation-et-architecture-responsable\/#primaryimage"},"image":{"@id":"https:\/\/breinco.com\/fr\/breincosmartblog\/architectwork-madrid-2026-innovation-et-architecture-responsable\/#primaryimage"},"thumbnailUrl":"https:\/\/breinco.com\/wp-content\/uploads\/2026\/05\/5architect@work_madrid_2026-1.jpg","datePublished":"2026-05-11T15:05:15+00:00","dateModified":"2026-09-02T08:52:33+00:00","breadcrumb":{"@id":"https:\/\/breinco.com\/fr\/breincosmartblog\/architectwork-madrid-2026-innovation-et-architecture-responsable\/#breadcrumb"},"inLanguage":"fr-FR","potentialAction":[{"@type":"ReadAction","target":["https:\/\/breinco.com\/fr\/breincosmartblog\/architectwork-madrid-2026-innovation-et-architecture-responsable\/"]}]},{"@type":"ImageObject","inLanguage":"fr-FR","@id":"https:\/\/breinco.com\/fr\/breincosmartblog\/architectwork-madrid-2026-innovation-et-architecture-responsable\/#primaryimage","url":"https:\/\/breinco.com\/wp-content\/uploads\/2026\/05\/5architect@work_madrid_2026-1.jpg","contentUrl":"https:\/\/breinco.com\/wp-content\/uploads\/2026\/05\/5architect@work_madrid_2026-1.jpg","width":1800,"height":1200},{"@type":"BreadcrumbList","@id":"https:\/\/breinco.com\/fr\/breincosmartblog\/architectwork-madrid-2026-innovation-et-architecture-responsable\/#breadcrumb","itemListElement":[{"@type":"ListItem","position":1,"name":"Accueil","item":"https:\/\/breinco.com\/fr\/"},{"@type":"ListItem","position":2,"name":"ARCHITECT@WORK Madrid 2026: innovation et architecture responsable"}]},{"@type":"WebSite","@id":"https:\/\/breinco.com\/fr\/#website","url":"https:\/\/breinco.com\/fr\/","name":"Breinco","description":"","publisher":{"@id":"https:\/\/breinco.com\/fr\/#organization"},"alternateName":"Urban Furniture, Architecture and Landscaping","potentialAction":[{"@type":"SearchAction","target":{"@type":"EntryPoint","urlTemplate":"https:\/\/breinco.com\/fr\/?s={search_term_string}"},"query-input":{"@type":"PropertyValueSpecification","valueRequired":true,"valueName":"search_term_string"}}],"inLanguage":"fr-FR"},{"@type":"Organization","@id":"https:\/\/breinco.com\/fr\/#organization","name":"Breinco","url":"https:\/\/breinco.com\/fr\/","logo":{"@type":"ImageObject","inLanguage":"fr-FR","@id":"https:\/\/breinco.com\/fr\/#\/schema\/logo\/image\/","url":"https:\/\/breinco.com\/wp-content\/uploads\/2025\/04\/breinco-brand.svg","contentUrl":"https:\/\/breinco.com\/wp-content\/uploads\/2025\/04\/breinco-brand.svg","width":26,"height":58,"caption":"Breinco"},"image":{"@id":"https:\/\/breinco.com\/fr\/#\/schema\/logo\/image\/"},"sameAs":["https:\/\/www.facebook.com\/breincosmart\/","https:\/\/x.com\/breincoGroup","https:\/\/www.instagram.com\/breinco\/","https:\/\/www.linkedin.com\/company\/breinco-esp\/"]},{"@type":"Person","@id":"https:\/\/breinco.com\/fr\/#\/schema\/person\/76934c343eed792c0e9b8dd8c0f6b3cd","name":"breinco"}]}},"_links":{"self":[{"href":"https:\/\/breinco.com\/fr\/wp-json\/wp\/v2\/posts\/29565","targetHints":{"allow":["GET"]}}],"collection":[{"href":"https:\/\/breinco.com\/fr\/wp-json\/wp\/v2\/posts"}],"about":[{"href":"https:\/\/breinco.com\/fr\/wp-json\/wp\/v2\/types\/post"}],"author":[{"embeddable":true,"href":"https:\/\/breinco.com\/fr\/wp-json\/wp\/v2\/users\/2"}],"replies":[{"embeddable":true,"href":"https:\/\/breinco.com\/fr\/wp-json\/wp\/v2\/comments?post=29565"}],"version-history":[{"count":4,"href":"https:\/\/breinco.com\/fr\/wp-json\/wp\/v2\/posts\/29565\/revisions"}],"predecessor-version":[{"id":29571,"href":"https:\/\/breinco.com\/fr\/wp-json\/wp\/v2\/posts\/29565\/revisions\/29571"}],"wp:featuredmedia":[{"embeddable":true,"href":"https:\/\/breinco.com\/fr\/wp-json\/wp\/v2\/media\/29564"}],"wp:attachment":[{"href":"https:\/\/breinco.com\/fr\/wp-json\/wp\/v2\/media?parent=29565"}],"wp:term":[{"taxonomy":"category","embeddable":true,"href":"https:\/\/breinco.com\/fr\/wp-json\/wp\/v2\/categories?post=29565"},{"taxonomy":"post_tag","embeddable":true,"href":"https:\/\/breinco.com\/fr\/wp-json\/wp\/v2\/tags?post=29565"}],"curies":[{"name":"wp","href":"https:\/\/api.w.org\/{rel}","templated":true}]}}